{"id":473762,"date":"2020-07-13T00:02:24","date_gmt":"2020-07-13T05:02:24","guid":{"rendered":"https:\/\/www.diarioimagen.net\/?p=473762"},"modified":"2020-07-13T00:21:43","modified_gmt":"2020-07-13T05:21:43","slug":"atizapan-apoya-segunda-entrega-de-pensiones-a-adultos-mayores-y-personas-con-discapacidad","status":"publish","type":"post","link":"https:\/\/www.diarioimagen.net\/?p=473762","title":{"rendered":"Atizap\u00e1n apoya segunda entrega de pensiones a adultos mayores y personas con discapacidad"},"content":{"rendered":"<ul>\n<li><em><b>En coordinaci\u00f3n con el gobierno federal<\/b><\/em><\/li>\n<\/ul>\n<p>&nbsp;<\/p>\n<p><a href=\"https:\/\/www.diarioimagen.net\/wp-content\/uploads\/2020\/07\/CAMACHO13-b-por.jpg\"><img loading=\"lazy\" decoding=\"async\" class=\"aligncenter size-large wp-image-473763\" src=\"https:\/\/www.diarioimagen.net\/wp-content\/uploads\/2020\/07\/CAMACHO13-b-por-460x268.jpg\" alt=\"\" width=\"460\" height=\"268\" srcset=\"https:\/\/www.diarioimagen.net\/wp-content\/uploads\/2020\/07\/CAMACHO13-b-por-460x268.jpg 460w, https:\/\/www.diarioimagen.net\/wp-content\/uploads\/2020\/07\/CAMACHO13-b-por-240x140.jpg 240w, https:\/\/www.diarioimagen.net\/wp-content\/uploads\/2020\/07\/CAMACHO13-b-por.jpg 480w\" sizes=\"auto, (max-width: 460px) 100vw, 460px\" \/><\/a><\/p>\n<p>&nbsp;<\/p>\n<p><strong>Atizap\u00e1n, Estado de M\u00e9xico<\/strong>.- En coordinaci\u00f3n con la Secretar\u00eda de Bienestar federal, el gobierno municipal, apoya la segunda entrega adelantada de apoyos a los adultos de la tercera edad.<\/p>\n<p>Atendiendo las medidas sanitarias y la sana distancia, las \u00e1reas de Seguridad P\u00fablica, Presidencia, DIF Atizap\u00e1n y Protecci\u00f3n Civil y Bomberos coordinan y resguardan los eventos del Deportivo Ana Gabriela Guevara y Teatro Zaragoza.<\/p>\n<p>Elementos de la polic\u00eda municipal, del Grupo de Operaciones Especiales (GOE) y de Protecci\u00f3n Civil implementan dispositivos de seguridad y atenci\u00f3n en las inmediaciones de las instalaciones para protecci\u00f3n de los asistentes.<\/p>\n<p>Cabe recordar que la entrega adelantada de la pensi\u00f3n a los adultos mayores y personas con discapacidad es una estrategia del gobierno federal ante la emergencia sanitaria por el Covid-19, a fin de que este sector de la sociedad pueda realizar con tiempo las compras necesarias y quedarse en casa para protegerse y evitar riesgos a su salud.<\/p>\n<p>Los recursos forman parte de los programas federales de \u201cPensi\u00f3n para el Bienestar de Personas Adultas Mayores\u201d y \u201cPensi\u00f3n para el Bienestar de Personas con Discapacidad\u201d.<\/p>\n","protected":false},"excerpt":{"rendered":"<p>En coordinaci\u00f3n con la Secretar\u00eda de Bienestar federal, el gobierno municipal, apoya la segunda entrega adelantada de apoyos a los adultos de la tercera edad.<\/p>\n","protected":false},"author":1,"featured_media":473763,"comment_status":"open","ping_status":"open","sticky":false,"template":"","format":"standard","meta":{"_monsterinsights_skip_tracking":false,"_monsterinsights_sitenote_active":false,"_monsterinsights_sitenote_note":"","_monsterinsights_sitenote_category":0,"footnotes":""},"categories":[5],"tags":[969,43675,25702,91257,53052],"class_list":["post-473762","post","type-post","status-publish","format-standard","has-post-thumbnail","hentry","category-estado-de-mexico","tag-atizapan","tag-estado-de-mexico","tag-pension","tag-secretaria-de-bienestar-federal","tag-tercera-edad"],"_links":{"self":[{"href":"https:\/\/www.diarioimagen.net\/index.php?rest_route=\/wp\/v2\/posts\/473762","targetHints":{"allow":["GET"]}}],"collection":[{"href":"https:\/\/www.diarioimagen.net\/index.php?rest_route=\/wp\/v2\/posts"}],"about":[{"href":"https:\/\/www.diarioimagen.net\/index.php?rest_route=\/wp\/v2\/types\/post"}],"author":[{"embeddable":true,"href":"https:\/\/www.diarioimagen.net\/index.php?rest_route=\/wp\/v2\/users\/1"}],"replies":[{"embeddable":true,"href":"https:\/\/www.diarioimagen.net\/index.php?rest_route=%2Fwp%2Fv2%2Fcomments&post=473762"}],"version-history":[{"count":0,"href":"https:\/\/www.diarioimagen.net\/index.php?rest_route=\/wp\/v2\/posts\/473762\/revisions"}],"wp:featuredmedia":[{"embeddable":true,"href":"https:\/\/www.diarioimagen.net\/index.php?rest_route=\/wp\/v2\/media\/473763"}],"wp:attachment":[{"href":"https:\/\/www.diarioimagen.net\/index.php?rest_route=%2Fwp%2Fv2%2Fmedia&parent=473762"}],"wp:term":[{"taxonomy":"category","embeddable":true,"href":"https:\/\/www.diarioimagen.net\/index.php?rest_route=%2Fwp%2Fv2%2Fcategories&post=473762"},{"taxonomy":"post_tag","embeddable":true,"href":"https:\/\/www.diarioimagen.net\/index.php?rest_route=%2Fwp%2Fv2%2Ftags&post=473762"}],"curies":[{"name":"wp","href":"https:\/\/api.w.org\/{rel}","templated":true}]}}