{"id":473784,"date":"2020-07-13T00:06:42","date_gmt":"2020-07-13T05:06:42","guid":{"rendered":"https:\/\/www.diarioimagen.net\/?p=473784"},"modified":"2020-07-13T22:51:52","modified_gmt":"2020-07-14T03:51:52","slug":"la-uaem-celebra-a-los-abogados-en-su-dia","status":"publish","type":"post","link":"https:\/\/www.diarioimagen.net\/?p=473784","title":{"rendered":"La UAEM celebra a los abogados en su d\u00eda"},"content":{"rendered":"<ul>\n<li><em><strong>Facultad de Derecho, paradigma de compromiso social<\/strong><\/em><\/li>\n<\/ul>\n<p>&nbsp;<\/p>\n<div id=\"attachment_473785\" style=\"width: 470px\" class=\"wp-caption aligncenter\"><a href=\"https:\/\/www.diarioimagen.net\/wp-content\/uploads\/2020\/07\/UAEM13-BUENA-por.jpg\"><img loading=\"lazy\" decoding=\"async\" aria-describedby=\"caption-attachment-473785\" class=\"size-large wp-image-473785\" src=\"https:\/\/www.diarioimagen.net\/wp-content\/uploads\/2020\/07\/UAEM13-BUENA-por-460x268.jpg\" alt=\"\" width=\"460\" height=\"268\" srcset=\"https:\/\/www.diarioimagen.net\/wp-content\/uploads\/2020\/07\/UAEM13-BUENA-por-460x268.jpg 460w, https:\/\/www.diarioimagen.net\/wp-content\/uploads\/2020\/07\/UAEM13-BUENA-por-240x140.jpg 240w, https:\/\/www.diarioimagen.net\/wp-content\/uploads\/2020\/07\/UAEM13-BUENA-por.jpg 480w\" sizes=\"auto, (max-width: 460px) 100vw, 460px\" \/><\/a><p id=\"caption-attachment-473785\" class=\"wp-caption-text\">El rector Alfredo Barrera reconoci\u00f3 que la Facultad de Derecho de la UAEM es paradigma de compromiso social y ejemplo docente de adaptaci\u00f3n al reto tecnol\u00f3gico de la educaci\u00f3n virtual y a distancia.<\/p><\/div>\n<p><strong>\u00a0<\/strong><\/p>\n<p><strong>Toluca, Estado de M\u00e9xico<\/strong>.\u2013 En esta emergencia sanitaria se requiere fortalecer la cooperaci\u00f3n entre los pueblos, defender los mecanismos de impartici\u00f3n de justicia en cada naci\u00f3n y apuntalar los centros que velan por la cultura del respeto y la justicia, sostuvo el rector de la Universidad Aut\u00f3noma del Estado de M\u00e9xico, Alfredo Barrera Baca.<\/p>\n<p>Durante la ceremonia conmemorativa al D\u00eda del Abogado 2020, que se celebr\u00f3 en l\u00ednea, a trav\u00e9s de la plataforma Zoom, Alfredo Barrera manifest\u00f3 que esta fecha permite valorar las aportaciones de la UAEM, al capacitar a nuevos profesionales del derecho y especialistas en cultura jur\u00eddica, as\u00ed como formar los cuadros intelectuales que construyen cada d\u00eda el poder judicial en la entidad.<\/p>\n<p>Ante el presidente del Tribunal Superior de Justicia del Estado de M\u00e9xico y del Consejo de la Judicatura, magistrado Ricardo Sodi Cuellar, Alfredo Barrera reconoci\u00f3 que la Facultad de Derecho de la UAEM es paradigma de compromiso social y ejemplo docente de adaptaci\u00f3n al reto tecnol\u00f3gico de la educaci\u00f3n virtual y a distancia.<\/p>\n<p>Sodi Cuellar anunci\u00f3 que el Tribunal Superior de Justicia de la entidad aprob\u00f3 el proyecto de ley para modificar la edad en la que pueden iniciar laboralmente los mediadores privados a los 25 a\u00f1os, cuya iniciativa surgi\u00f3 en la Facultad de Derecho de la UAEM, y que, de aprobarse por la Legislatura mexiquense, beneficiar\u00e1 a los egresados de la Licenciatura en Medios Alternos de Soluci\u00f3n de Conflictos.<\/p>\n<p>Ante la secretaria del Trabajo del Gobierno del Estado de M\u00e9xico, Martha Hilda Gonz\u00e1lez Calder\u00f3n, el magistrado enfatiz\u00f3 que la m\u00e1xima casa de estudios mexiquense alberga el esp\u00edritu de desarrollo y colaboraci\u00f3n del gremio de abogados, comprometidos con el bienestar de la sociedad.<\/p>\n<p>El director de la Facultad de Derecho de la UAEM, Jos\u00e9 Dolores Alan\u00eds Tavira, se\u00f1al\u00f3 que la nueva realidad deber\u00e1 orientarse al fortalecimiento de acciones que beneficien a la comunidad a trav\u00e9s de principios y valores \u00e9ticos, por lo que celebr\u00f3 el impulso del nuevo programa institucional \u201cInnovaci\u00f3n y formaci\u00f3n \u00e9tica y educaci\u00f3n\u201d en todas las profesiones de la UAEM, que ayudar\u00e1 a transformar las aspiraciones de los universitarios para la construcci\u00f3n de una sociedad m\u00e1s justa.<\/p>\n<p>En el marco de esta ceremonia fueron reconocidos por su destacada trayectoria profesional los juristas de la UAEM, Juan Nava Arellano, Pascasio Jos\u00e9 Mart\u00ednez Pichardo y, con un reconocimiento post-mortem, Jes\u00fas Jard\u00f3n Nava; asimismo, el rector Alfredo Barrera devel\u00f3 las placas conmemorativas de Mart\u00ednez Pichardo y Jard\u00f3n Nava, que se ubicar\u00e1n en aulas de la Facultad de Derecho.<\/p>\n","protected":false},"excerpt":{"rendered":"<p>En esta emergencia sanitaria se requiere fortalecer la cooperaci\u00f3n entre los pueblos, defender los mecanismos de impartici\u00f3n de justicia en cada naci\u00f3n y apuntalar los centros que velan por la cultura del respeto y la justicia, sostuvo el rector de la Universidad Aut\u00f3noma del Estado de M\u00e9xico, Alfredo Barrera Baca.<\/p>\n","protected":false},"author":1,"featured_media":473785,"comment_status":"open","ping_status":"open","sticky":false,"template":"","format":"standard","meta":{"_monsterinsights_skip_tracking":false,"_monsterinsights_sitenote_active":false,"_monsterinsights_sitenote_note":"","_monsterinsights_sitenote_category":0,"footnotes":""},"categories":[5],"tags":[70688,91028,43675,18871,452,1491],"class_list":["post-473784","post","type-post","status-publish","format-standard","has-post-thumbnail","hentry","category-estado-de-mexico","tag-abogados","tag-alfredo-barrera","tag-estado-de-mexico","tag-facultad-de-derecho","tag-toluca","tag-uaem"],"_links":{"self":[{"href":"https:\/\/www.diarioimagen.net\/index.php?rest_route=\/wp\/v2\/posts\/473784","targetHints":{"allow":["GET"]}}],"collection":[{"href":"https:\/\/www.diarioimagen.net\/index.php?rest_route=\/wp\/v2\/posts"}],"about":[{"href":"https:\/\/www.diarioimagen.net\/index.php?rest_route=\/wp\/v2\/types\/post"}],"author":[{"embeddable":true,"href":"https:\/\/www.diarioimagen.net\/index.php?rest_route=\/wp\/v2\/users\/1"}],"replies":[{"embeddable":true,"href":"https:\/\/www.diarioimagen.net\/index.php?rest_route=%2Fwp%2Fv2%2Fcomments&post=473784"}],"version-history":[{"count":0,"href":"https:\/\/www.diarioimagen.net\/index.php?rest_route=\/wp\/v2\/posts\/473784\/revisions"}],"wp:featuredmedia":[{"embeddable":true,"href":"https:\/\/www.diarioimagen.net\/index.php?rest_route=\/wp\/v2\/media\/473785"}],"wp:attachment":[{"href":"https:\/\/www.diarioimagen.net\/index.php?rest_route=%2Fwp%2Fv2%2Fmedia&parent=473784"}],"wp:term":[{"taxonomy":"category","embeddable":true,"href":"https:\/\/www.diarioimagen.net\/index.php?rest_route=%2Fwp%2Fv2%2Fcategories&post=473784"},{"taxonomy":"post_tag","embeddable":true,"href":"https:\/\/www.diarioimagen.net\/index.php?rest_route=%2Fwp%2Fv2%2Ftags&post=473784"}],"curies":[{"name":"wp","href":"https:\/\/api.w.org\/{rel}","templated":true}]}}