{"id":473821,"date":"2020-07-13T00:02:50","date_gmt":"2020-07-13T05:02:50","guid":{"rendered":"https:\/\/www.diarioimagen.net\/?p=473821"},"modified":"2020-07-13T02:17:51","modified_gmt":"2020-07-13T07:17:51","slug":"nueva-iniciativa-de-martha-avila-robo-en-despoblado","status":"publish","type":"post","link":"https:\/\/www.diarioimagen.net\/?p=473821","title":{"rendered":"Nueva iniciativa de Martha \u00c1vila, robo en despoblado"},"content":{"rendered":"<h2>La Retaguardia<\/h2>\n<h5>Adriana Moreno Cordero<\/h5>\n<p>&nbsp;<\/p>\n<p>Robo en despoblado, no puede llamarse de otra forma la descarada y anticonstitucional propuesta presentada ni m\u00e1s ni menos que por la diputada por Morena en el Congreso de la Ciudad de M\u00e9xico, <strong>Martha Soledad \u00c1vila Ventura<\/strong>, -quien dice ser orgullosa habitante de la alcald\u00eda de Iztapalapa-, para que sean los ciudadanos los que pr\u00e1cticamente le tengan que dar vivienda, -as\u00ed nada m\u00e1s porque s\u00ed-, a quienes rentan.<\/p>\n<p>Y con todo y las loas que unos a otros morenistas se dirigen respecto a este absurdo planteamiento, en el fondo, hay otras razones por las que de nueva cuenta, se presenta esta iniciativa que, a decir de la tambi\u00e9n coordinadora del partido en el poder, \u201ccontempla cambios y adhesiones al C\u00f3digo Civil, previendo contextos excepcionales como la actual pandemia, para que inquilinos puedan solicitar a los propietarios una negociaci\u00f3n \u2013por voluntad mutua-, para ajustar los t\u00e9rminos del contrato\u201d. \u00a1S\u00ed, c\u00f3mo no!<\/p>\n<p>Nada m\u00e1s alejado de la realidad; como se ha se\u00f1alado, en el fondo, la diputada \u00c1vila quiere quedar bien con su jefe, el presidente <strong>Andr\u00e9s Manuel L\u00f3pez Obrador<\/strong>, que pese a que diga que la pandemia de Covid-19 le vino a \u00e9l y solo a \u00e9l, \u201ccomo anillo al dedo\u201d, lo cierto es que tambi\u00e9n ha sido golpeado, -de alguna manera-, por la situaci\u00f3n econ\u00f3mica que se vive a nivel global, lo que ha ocasionado que tenga cada vez menos recursos para sus ya de por s\u00ed in\u00fatiles programas sociales, mismos que aunque promociona por televisi\u00f3n como por ejemplo, Tandas para el Bienestar, en el que por cierto, se supone que con tres centavos, ya resolviste la situaci\u00f3n econ\u00f3mica de tu peque\u00f1o negocio, cada vez menos creen en ellos.<\/p>\n<p>As\u00ed, el l\u00edder de esta llamada cuarta transformaci\u00f3n tiene que ver de d\u00f3nde saca recursos para sus mal llamados programas sociales, sobre todo, en la cuenta regresiva de las elecciones intermedias del 2021. Lo que no se vale es que el tabasque\u00f1o, en su magno proyecto de acabar con la clase media, pretende que sea este sector el que pague sus dislates.<\/p>\n<p>Hubo ya un intento anterior de los legisladores de Morena, cuando hace poco m\u00e1s de un a\u00f1o, redactaron sobre las rodillas de p\u00e9sima forma una Ley Constitucional de Derechos Humanos y sus Garant\u00edas de Ciudad de M\u00e9xico, que \u201cdar\u00eda derecho\u201d a invadir la propiedad privada.<\/p>\n<p>Cuesti\u00f3n de recordar que en el art\u00edculo 60 de dicha Ley, se indicaba que los desalojos forzosos s\u00f3lo se podr\u00e1n llevar a cabo en lo que llamaron \u201ccasos excepcionales\u201d con el objetivo de evitar \u201cviolar el derecho a una vivienda adecuada y otros derechos\u201d, porque esto supon\u00eda diversas lesiones jur\u00eddicas a los propietarios de viviendas en la capital del pa\u00eds como da\u00f1o patrimonial al estado.<\/p>\n<p>Afortunadamente el anterior ejemplo no trascendi\u00f3, pero ahora y con l\u00ednea directa de su jefe, Martha Soledad \u00c1vila intenta sacar adelante esto que es considerado una aberraci\u00f3n.<\/p>\n<p>Quien fuera suplente de la hoy flamante Fiscal de la Ciudad de M\u00e9xico, <strong>Ernestina Godoy<\/strong>, forma parte, en la Asamblea Legislativa, del grupo de\u00a0<strong>Valentina Batres, Rigoberto Salgado y Guadalupe Chavira<\/strong>. O sea, \u00c1vila lleg\u00f3 no por m\u00e9ritos propios y est\u00e1 ligada a una figura que esta llamada cuarta transformaci\u00f3n ha procurado muy bien cubrir y se trata del exalcalde de Tl\u00e1huac, ligado al cartel de <strong>Felipe de Jes\u00fas P\u00e9rez Luna<\/strong> mejor conocido como \u201cel Ojos\u201d, fallecido ya, sin embargo, su familia ha seguido con el control del cartel de Tl\u00e1huac.<\/p>\n<p>La diputada \u00c1vila, en todo caso, tiene varias manos detr\u00e1s de s\u00ed. Por ejemplo, en el desarrollo de las sesiones y cuando la oposici\u00f3n \u201creceta\u201d sendas palizas a los diputados de Morena, la \u201ccoordinadora\u201d se queda pasmada, sin saber qu\u00e9 hacer, y no da instrucciones a sus subordinados, simple y sencillamente porque no tiene el nivel para debate, am\u00e9n de que nadie le hace caso, por eso, opta por presentar iniciativas como \u00e9sta para buscar notoriedad.<\/p>\n<p>Otro dato, es muy com\u00fan ver a los coordinadores de oposici\u00f3n acordando con <strong>Jos\u00e9 Luis Rodr\u00edguez<\/strong>, quien hace las veces de coordinador y a placer manipula a \u00c1vila. Adem\u00e1s,\u00a0 c\u00f3mo olvidar que despu\u00e9s de unos meses, cuando los diputados locales regresaron para sesionar reformas a la Ley Org\u00e1nica y su reglamento de manera virtual, lo m\u00e1s trascendente que hizo la \u201ccoordinadora\u201d Martha \u00c1vila fue, de manera literal, sacar un s\u00e1ndwich para com\u00e9rselo en el sal\u00f3n del Pleno, sin ninguna medida de higiene. \u00a1Qu\u00e9 tal!<\/p>\n<p style=\"text-align: center;\"><strong>MUNICIONES<\/strong><\/p>\n<p>*** Es tal la desesperaci\u00f3n del flamante subsecretario de Prevenci\u00f3n de la Salud, <strong>Hugo L\u00f3pez Gatell<\/strong>, que ya no le importa contradecirse a s\u00ed mismo. Primero, con el rostro desencajado, rega\u00f1\u00f3 a los gobernadores, porque hacen caso al sem\u00e1foro epidemiol\u00f3gico nacional; no son pocos los especialistas que ven que la carrera del flamante doctor va en picada debido al p\u00e9simo manejo que ha hecho de la pandemia, con todo y que su jefe, L\u00f3pez Obrador, le corea, eso s\u00ed, en voz baja: \u201cno est\u00e1s solo\u201d. En la conferencia de prensa de ayer, L\u00f3pez Gatell, luego de subestimar por en\u00e9sima ocasi\u00f3n, el uso del cubre boca porque seg\u00fan asegura, no representa una barrera protectora para quien lo porta, hizo un extra\u00f1o llamado a, -en medio de esta contingencia sanitaria-, no buscar culpables: \u201cCon frecuencia en las sociedades, no es exclusivo de M\u00e9xico, se buscan culpables, se busca alguien a qui\u00e9n se\u00f1alar, se buscan responsables, en una suerte de interpretaci\u00f3n que es poco productiva, poco \u00fatil\u201d. El rostro se le volvi\u00f3 a desencajar al subsecretario al percatarse que solo se hab\u00eda exhibido p\u00fablicamente y, eso s\u00ed, siguen sin hacerle caso. Se acab\u00f3 la fama, \u00a1qu\u00e9 triste!<\/p>\n<p>*** El Gobernador de Quer\u00e9taro, <strong>Francisco Dom\u00ednguez<\/strong>, fue elegido como nuevo presidente de la Asociaci\u00f3n de Gobernadores de Acci\u00f3n Nacional (GOAN), quienes adem\u00e1s, le pidieron explicaciones a L\u00f3pez Gatell sobre el mal manejo de la pandemia, pero, \u00bfqu\u00e9 cuentas les va a dar el atribulado funcionario? Hasta su renuncia andan pidiendo.<\/p>\n<p>*** La dirigente del PRD en la Ciudad de M\u00e9xico, <strong>Nora Arias Contreras<\/strong>, exhort\u00f3 al gobierno capitalino a tomar con seriedad el\u00a0Plan por la CDMX\u00a0que se le hizo llegar hace unos d\u00edas, toda vez que contiene propuestas viables para hacer frente a la grave situaci\u00f3n de la pandemia. Arias Contreras consider\u00f3 que es urgente un incremento masivo de pruebas, pues lejos de disminuir los contagios, se han incrementado dr\u00e1sticamente sobre todo a ra\u00edz del relajamiento de las medidas de distanciamiento. Record\u00f3 que la semana pasada, los dirigentes del PRD, PAN, PRI y PVEM en la Ciudad de M\u00e9xico, hicieron entrega del\u00a0Plan por la CDMX, documento que surgi\u00f3 de las mesas de econom\u00eda, salud, seguridad p\u00fablica y desarrollo social celebradas en el marco del Foro Ciudadano por la CDMX. Arias Contreras refiri\u00f3 que los especialistas en materia de salud, recomendaron insistentemente la aplicaci\u00f3n masiva de pruebas como una estrategia que permita la mitigaci\u00f3n de los contagios.<\/p>\n<p><u><a href=\"mailto:morcora@gmail.com\" target=\"_blank\" rel=\"noopener noreferrer\"><em>morcora@gmail.com<\/em><\/a><\/u><\/p>\n","protected":false},"excerpt":{"rendered":"<p><span style=\"color: #005497;\"><strong>Adriana Moreno Cordero<\/strong><\/span><\/p>\n","protected":false},"author":3,"featured_media":0,"comment_status":"open","ping_status":"open","sticky":false,"template":"","format":"standard","meta":{"_monsterinsights_skip_tracking":false,"_monsterinsights_sitenote_active":false,"_monsterinsights_sitenote_note":"","_monsterinsights_sitenote_category":0,"footnotes":""},"categories":[69370],"tags":[69369,69368,43674],"class_list":["post-473821","post","type-post","status-publish","format-standard","hentry","category-adriana-moreno-cordero","tag-adriana-moreno-cordero","tag-la-retaguardia","tag-opinion"],"_links":{"self":[{"href":"https:\/\/www.diarioimagen.net\/index.php?rest_route=\/wp\/v2\/posts\/473821","targetHints":{"allow":["GET"]}}],"collection":[{"href":"https:\/\/www.diarioimagen.net\/index.php?rest_route=\/wp\/v2\/posts"}],"about":[{"href":"https:\/\/www.diarioimagen.net\/index.php?rest_route=\/wp\/v2\/types\/post"}],"author":[{"embeddable":true,"href":"https:\/\/www.diarioimagen.net\/index.php?rest_route=\/wp\/v2\/users\/3"}],"replies":[{"embeddable":true,"href":"https:\/\/www.diarioimagen.net\/index.php?rest_route=%2Fwp%2Fv2%2Fcomments&post=473821"}],"version-history":[{"count":0,"href":"https:\/\/www.diarioimagen.net\/index.php?rest_route=\/wp\/v2\/posts\/473821\/revisions"}],"wp:attachment":[{"href":"https:\/\/www.diarioimagen.net\/index.php?rest_route=%2Fwp%2Fv2%2Fmedia&parent=473821"}],"wp:term":[{"taxonomy":"category","embeddable":true,"href":"https:\/\/www.diarioimagen.net\/index.php?rest_route=%2Fwp%2Fv2%2Fcategories&post=473821"},{"taxonomy":"post_tag","embeddable":true,"href":"https:\/\/www.diarioimagen.net\/index.php?rest_route=%2Fwp%2Fv2%2Ftags&post=473821"}],"curies":[{"name":"wp","href":"https:\/\/api.w.org\/{rel}","templated":true}]}}