{"id":473894,"date":"2020-07-14T00:04:45","date_gmt":"2020-07-14T05:04:45","guid":{"rendered":"https:\/\/www.diarioimagen.net\/?p=473894"},"modified":"2020-07-14T03:28:54","modified_gmt":"2020-07-14T08:28:54","slug":"reconocen-labor-de-servidores-publicos-durante-contingencia-en-huixquilucan","status":"publish","type":"post","link":"https:\/\/www.diarioimagen.net\/?p=473894","title":{"rendered":"Reconocen labor de servidores p\u00fablicos durante contingencia en Huixquilucan"},"content":{"rendered":"<p>&nbsp;<\/p>\n<p><a href=\"https:\/\/www.diarioimagen.net\/wp-content\/uploads\/2020\/07\/CAMACHO14-d-por.jpg\"><img loading=\"lazy\" decoding=\"async\" class=\"aligncenter wp-image-473895 size-large\" src=\"https:\/\/www.diarioimagen.net\/wp-content\/uploads\/2020\/07\/CAMACHO14-d-por-460x268.jpg\" alt=\"\" width=\"460\" height=\"268\" srcset=\"https:\/\/www.diarioimagen.net\/wp-content\/uploads\/2020\/07\/CAMACHO14-d-por-460x268.jpg 460w, https:\/\/www.diarioimagen.net\/wp-content\/uploads\/2020\/07\/CAMACHO14-d-por-240x140.jpg 240w, https:\/\/www.diarioimagen.net\/wp-content\/uploads\/2020\/07\/CAMACHO14-d-por.jpg 480w\" sizes=\"auto, (max-width: 460px) 100vw, 460px\" \/><\/a><\/p>\n<p>&nbsp;<\/p>\n<p><strong>Huixquilucan, Estado de M\u00e9xico<\/strong><b>.-<\/b> \u201cQuiero hacer un gran reconocimiento a todas las \u00e1reas, esto es un trabajo en equipo, la calificaci\u00f3n de gobierno que tenemos, que nos coloca como el n\u00famero uno del pa\u00eds, por el buen manejo que se ha realizado durante la pandemia, no es una evaluaci\u00f3n a Enrique Vargas, sino una calificaci\u00f3n de equipo\u201d, asegur\u00f3 el alcalde.<\/p>\n<p>Durante la trig\u00e9sima novena sesi\u00f3n ordinaria de Cabildo, Vargas del Villar confirm\u00f3 que Huixquilucan es el municipio mejor calificado en el estado de M\u00e9xico en su actuar durante esta emergencia sanitaria.<\/p>\n","protected":false},"excerpt":{"rendered":"<p>\u201cQuiero hacer un gran reconocimiento a todas las \u00e1reas, esto es un trabajo en equipo, la calificaci\u00f3n de gobierno que tenemos, que nos coloca como el n\u00famero uno del pa\u00eds, por el buen manejo que se ha realizado durante la pandemia, no es una evaluaci\u00f3n a Enrique Vargas, sino una calificaci\u00f3n de equipo\u201d, asegur\u00f3 el alcalde.<\/p>\n","protected":false},"author":1,"featured_media":473895,"comment_status":"open","ping_status":"open","sticky":false,"template":"","format":"standard","meta":{"_monsterinsights_skip_tracking":false,"_monsterinsights_sitenote_active":false,"_monsterinsights_sitenote_note":"","_monsterinsights_sitenote_category":0,"footnotes":""},"categories":[5],"tags":[47218,43675,1097],"class_list":["post-473894","post","type-post","status-publish","format-standard","has-post-thumbnail","hentry","category-estado-de-mexico","tag-enrique-vargas-del-villar","tag-estado-de-mexico","tag-huixquilucan"],"_links":{"self":[{"href":"https:\/\/www.diarioimagen.net\/index.php?rest_route=\/wp\/v2\/posts\/473894","targetHints":{"allow":["GET"]}}],"collection":[{"href":"https:\/\/www.diarioimagen.net\/index.php?rest_route=\/wp\/v2\/posts"}],"about":[{"href":"https:\/\/www.diarioimagen.net\/index.php?rest_route=\/wp\/v2\/types\/post"}],"author":[{"embeddable":true,"href":"https:\/\/www.diarioimagen.net\/index.php?rest_route=\/wp\/v2\/users\/1"}],"replies":[{"embeddable":true,"href":"https:\/\/www.diarioimagen.net\/index.php?rest_route=%2Fwp%2Fv2%2Fcomments&post=473894"}],"version-history":[{"count":0,"href":"https:\/\/www.diarioimagen.net\/index.php?rest_route=\/wp\/v2\/posts\/473894\/revisions"}],"wp:featuredmedia":[{"embeddable":true,"href":"https:\/\/www.diarioimagen.net\/index.php?rest_route=\/wp\/v2\/media\/473895"}],"wp:attachment":[{"href":"https:\/\/www.diarioimagen.net\/index.php?rest_route=%2Fwp%2Fv2%2Fmedia&parent=473894"}],"wp:term":[{"taxonomy":"category","embeddable":true,"href":"https:\/\/www.diarioimagen.net\/index.php?rest_route=%2Fwp%2Fv2%2Fcategories&post=473894"},{"taxonomy":"post_tag","embeddable":true,"href":"https:\/\/www.diarioimagen.net\/index.php?rest_route=%2Fwp%2Fv2%2Ftags&post=473894"}],"curies":[{"name":"wp","href":"https:\/\/api.w.org\/{rel}","templated":true}]}}