{"id":473902,"date":"2020-07-14T00:02:50","date_gmt":"2020-07-14T05:02:50","guid":{"rendered":"https:\/\/www.diarioimagen.net\/?p=473902"},"modified":"2020-07-13T22:55:41","modified_gmt":"2020-07-14T03:55:41","slug":"supervisan-gobierno-de-naucalpan-e-inveamex-protocolos-en-centro-comercial","status":"publish","type":"post","link":"https:\/\/www.diarioimagen.net\/?p=473902","title":{"rendered":"Supervisan gobierno de Naucalpan e  Inveamex protocolos en centro comercial"},"content":{"rendered":"<ul>\n<li><em><b>Para que se cumplan protocolos de retorno seguro<\/b><\/em><\/li>\n<\/ul>\n<p>&nbsp;<\/p>\n<div id=\"attachment_473903\" style=\"width: 470px\" class=\"wp-caption aligncenter\"><a href=\"https:\/\/www.diarioimagen.net\/wp-content\/uploads\/2020\/07\/CAMACHO14-b-por.jpg\"><img loading=\"lazy\" decoding=\"async\" aria-describedby=\"caption-attachment-473903\" class=\"size-large wp-image-473903\" src=\"https:\/\/www.diarioimagen.net\/wp-content\/uploads\/2020\/07\/CAMACHO14-b-por-460x268.jpg\" alt=\"\" width=\"460\" height=\"268\" srcset=\"https:\/\/www.diarioimagen.net\/wp-content\/uploads\/2020\/07\/CAMACHO14-b-por-460x268.jpg 460w, https:\/\/www.diarioimagen.net\/wp-content\/uploads\/2020\/07\/CAMACHO14-b-por-240x140.jpg 240w, https:\/\/www.diarioimagen.net\/wp-content\/uploads\/2020\/07\/CAMACHO14-b-por.jpg 480w\" sizes=\"auto, (max-width: 460px) 100vw, 460px\" \/><\/a><p id=\"caption-attachment-473903\" class=\"wp-caption-text\">Realizan un recorrido de inspecci\u00f3n en el centro comercial Plaza Sat\u00e9lite para corroborar que se cumplan los protocolos de retorno seguro.<\/p><\/div>\n<p>&nbsp;<\/p>\n<p><strong>Naucalpan, Estado de M\u00e9xico<\/strong>.- El Secretario de Gobierno, Mauricio Aguirre Lozano, y el Director General del Instituto de Verificaci\u00f3n Administrativa del Estado de M\u00e9xico (Inveamex), Luis Miguel S\u00e1nchez L\u00f3pez, realizaron un recorrido de inspecci\u00f3n en el centro comercial Plaza Sat\u00e9lite para corroborar que se cumplan los protocolos de retorno seguro.<\/p>\n<p>Acompa\u00f1ados de una comitiva de 10 servidores p\u00fablicos municipales y estatales, en el lugar revisaron los filtros de entrada, permanencia en las instalaciones y flujo de autom\u00f3viles en el \u00e1rea.<\/p>\n<p>La gerente del estacionamiento de Plaza Sat\u00e9lite, Abril Portugal Vela, mencion\u00f3 a los funcionarios que durante el tr\u00e1nsito de color rojo a naranja del Sem\u00e1foro Epidemiol\u00f3gico, se tiene una ocupaci\u00f3n del 20 por ciento de los espacios disponibles para autom\u00f3viles y una afluencia de la misma proporci\u00f3n de usuarios.<\/p>\n<p>El titular del Inveamex enfatiz\u00f3 que las verificaciones de cumplimiento de aforo y medidas sanitarias se llevan a cabo con el prop\u00f3sito de generar confianza en la ciudadan\u00eda para que acudan con las debidas precauciones a realizar sus compras.<\/p>\n<p>\u201cLo que la Presidenta Municipal Patricia Dur\u00e1n quiere es generar confianza, hacer saber a la ciudadan\u00eda que se est\u00e1 cumpliendo con las reglas para un retorno seguro.<\/p>\n<p>\u201cEl Gobierno del Estado de M\u00e9xico est\u00e1 colaborando con el Gobierno local permanentemente, ya que la Alcaldesa ha llevado a cabo las medidas pertinentes desde el inicio\u201d, dijo S\u00e1nchez L\u00f3pez.<\/p>\n<p>El Secretario de Gobierno asegur\u00f3 que la apertura de plazas y espacios comerciales es gradual, por lo que se deben tomar medidas para evitar el aumento de contagios en en el Municipio.<\/p>\n<p>\u201cLa ciudadan\u00eda debe saber que a\u00fan no estamos en Sem\u00e1foro Verde. Plaza Sat\u00e9lite es un icono de la demarcaci\u00f3n y, por ello, debe ser ejemplo para otros comercios y plazas\u201d, se\u00f1al\u00f3 Aguirre Lozano.<\/p>\n<p>En el centro comercial se revisaron \u00e1reas comunes, accesos a tiendas y filtros en las entradas a restaurantes.<\/p>\n<p>El director del Inveamex enfatiz\u00f3 que de no acatarse los lineamientos y protocolos, los negocios podr\u00e1n hacerse acreedores a sanciones.<\/p>\n<p>En la visita estuvo presente el arquitecto Alberto Bravo, director del proyecto del centro comercial, por parte del Grupo Sordo Madaleno.<\/p>\n","protected":false},"excerpt":{"rendered":"<p>El Secretario de Gobierno, Mauricio Aguirre Lozano, y el Director General del Instituto de Verificaci\u00f3n Administrativa del Estado de M\u00e9xico (Inveamex), Luis Miguel S\u00e1nchez L\u00f3pez, realizaron un recorrido de inspecci\u00f3n en el centro comercial Plaza Sat\u00e9lite para corroborar que se cumplan los protocolos de retorno seguro.<\/p>\n","protected":false},"author":1,"featured_media":473903,"comment_status":"open","ping_status":"open","sticky":false,"template":"","format":"standard","meta":{"_monsterinsights_skip_tracking":false,"_monsterinsights_sitenote_active":false,"_monsterinsights_sitenote_note":"","_monsterinsights_sitenote_category":0,"footnotes":""},"categories":[5],"tags":[43675,88678,91203,970,86476,91269],"class_list":["post-473902","post","type-post","status-publish","format-standard","has-post-thumbnail","hentry","category-estado-de-mexico","tag-estado-de-mexico","tag-inveamex","tag-mauricio-aguirre-lozano","tag-naucalpan","tag-patricia-duran","tag-plaza-satelite"],"_links":{"self":[{"href":"https:\/\/www.diarioimagen.net\/index.php?rest_route=\/wp\/v2\/posts\/473902","targetHints":{"allow":["GET"]}}],"collection":[{"href":"https:\/\/www.diarioimagen.net\/index.php?rest_route=\/wp\/v2\/posts"}],"about":[{"href":"https:\/\/www.diarioimagen.net\/index.php?rest_route=\/wp\/v2\/types\/post"}],"author":[{"embeddable":true,"href":"https:\/\/www.diarioimagen.net\/index.php?rest_route=\/wp\/v2\/users\/1"}],"replies":[{"embeddable":true,"href":"https:\/\/www.diarioimagen.net\/index.php?rest_route=%2Fwp%2Fv2%2Fcomments&post=473902"}],"version-history":[{"count":0,"href":"https:\/\/www.diarioimagen.net\/index.php?rest_route=\/wp\/v2\/posts\/473902\/revisions"}],"wp:featuredmedia":[{"embeddable":true,"href":"https:\/\/www.diarioimagen.net\/index.php?rest_route=\/wp\/v2\/media\/473903"}],"wp:attachment":[{"href":"https:\/\/www.diarioimagen.net\/index.php?rest_route=%2Fwp%2Fv2%2Fmedia&parent=473902"}],"wp:term":[{"taxonomy":"category","embeddable":true,"href":"https:\/\/www.diarioimagen.net\/index.php?rest_route=%2Fwp%2Fv2%2Fcategories&post=473902"},{"taxonomy":"post_tag","embeddable":true,"href":"https:\/\/www.diarioimagen.net\/index.php?rest_route=%2Fwp%2Fv2%2Ftags&post=473902"}],"curies":[{"name":"wp","href":"https:\/\/api.w.org\/{rel}","templated":true}]}}