{"id":473905,"date":"2020-07-14T00:01:52","date_gmt":"2020-07-14T05:01:52","guid":{"rendered":"https:\/\/www.diarioimagen.net\/?p=473905"},"modified":"2020-07-13T22:58:47","modified_gmt":"2020-07-14T03:58:47","slug":"acciones-del-dif-de-cuautitlan-para-detectar-a-ninos-y-adultos-mayores-que-trabajan-en-calles","status":"publish","type":"post","link":"https:\/\/www.diarioimagen.net\/?p=473905","title":{"rendered":"Acciones del DIF de Cuautitl\u00e1n para detectar a ni\u00f1os y adultos mayores que trabajan en calles"},"content":{"rendered":"<ul>\n<li><em><b>Recorridos en principales vialidades y cruceros<\/b><\/em><\/li>\n<\/ul>\n<p>&nbsp;<\/p>\n<div id=\"attachment_473906\" style=\"width: 470px\" class=\"wp-caption aligncenter\"><a href=\"https:\/\/www.diarioimagen.net\/wp-content\/uploads\/2020\/07\/CAMACHO14-a-por.jpg\"><img loading=\"lazy\" decoding=\"async\" aria-describedby=\"caption-attachment-473906\" class=\"size-large wp-image-473906\" src=\"https:\/\/www.diarioimagen.net\/wp-content\/uploads\/2020\/07\/CAMACHO14-a-por-460x268.jpg\" alt=\"\" width=\"460\" height=\"268\" srcset=\"https:\/\/www.diarioimagen.net\/wp-content\/uploads\/2020\/07\/CAMACHO14-a-por-460x268.jpg 460w, https:\/\/www.diarioimagen.net\/wp-content\/uploads\/2020\/07\/CAMACHO14-a-por-240x140.jpg 240w, https:\/\/www.diarioimagen.net\/wp-content\/uploads\/2020\/07\/CAMACHO14-a-por.jpg 480w\" sizes=\"auto, (max-width: 460px) 100vw, 460px\" \/><\/a><p id=\"caption-attachment-473906\" class=\"wp-caption-text\">Los recorridos tienen el objetivo de identificar los motivos que los obligan a realizar estas pr\u00e1cticas, as\u00ed como prevenir la posible vulneraci\u00f3n de sus derechos.<\/p><\/div>\n<p>&nbsp;<\/p>\n<p><strong>Cuautitl\u00e1n, Estado de M\u00e9xico<\/strong>.- La Procuradur\u00eda Municipal de Protecci\u00f3n de Ni\u00f1as, Ni\u00f1os y Adolescentes en conjunto con la Direcci\u00f3n General, Contralor\u00eda Interna, Coordinaci\u00f3n de Atenci\u00f3n de Adultos Mayores, Coordinaci\u00f3n de Prevenci\u00f3n y Bienestar Social, Coordinaci\u00f3n de Trabajo Social, Direcci\u00f3n de Seguridad P\u00fablica, Tr\u00e1nsito y Vialidad de Cuautitl\u00e1n, entre otras dependencias, han implementado un Diagn\u00f3stico de Detecci\u00f3n de Ni\u00f1as, Ni\u00f1os, Adolescentes y\/o Adultos Mayores trabajadores en Cuautitl\u00e1n, mediante recorridos f\u00edsicos en las principales vialidades y cruceros que conforman este municipio; este programa tiene el objetivo de identificar los motivos que los obligan a realizar estas pr\u00e1cticas, as\u00ed como prevenir la posible vulneraci\u00f3n de sus derechos.<span class=\"Apple-converted-space\">\u00a0<\/span><\/p>\n<p>La titular de la Procuradur\u00eda Municipal de Protecci\u00f3n de Ni\u00f1as, Ni\u00f1os y Adolescentes de Cuautitl\u00e1n, inform\u00f3 que se han realizado cuatro recorridos, de los cuales se detectaron doce casos de ni\u00f1as, ni\u00f1os y adolescentes trabajadores, quienes son una preocupaci\u00f3n para la presente administraci\u00f3n, por lo que se analizar\u00e1 de manera espec\u00edfica cada uno de los asuntos y de ser necesario se iniciaran las acciones, tales como procedimientos administrativos y\/o denuncias ante las autoridades competentes seg\u00fan corresponda; cabe mencionar que algunos de los casos referidos con antelaci\u00f3n provienen de otras demarcaciones municipales, inclusive de otros estados.<span class=\"Apple-converted-space\">\u00a0<\/span><\/p>\n<p>Estas acciones se desprenden de una reciente denuncia, por el delito de Trata de Personas, en la cual se identific\u00f3 la probable comisi\u00f3n de delitos en agravio de ni\u00f1as, ni\u00f1os y adolescentes, por lo que a la fecha se han llevado a cabo trabajos coordinados con Fiscal\u00eda Especializada de Trata de Personas, Fiscal\u00eda General de Justicia del Estado de M\u00e9xico, Procuradur\u00eda de Protecci\u00f3n de Ni\u00f1as, Ni\u00f1os y Adolescentes del DIF Estado de M\u00e9xico, Polic\u00eda Estatal, la Direcci\u00f3n de Seguridad P\u00fablica, Tr\u00e1nsito y Vialidad Cuautitl\u00e1n, entre otras.<span class=\"Apple-converted-space\">\u00a0<\/span><\/p>\n<p>La Procuradora de Protecci\u00f3n de Ni\u00f1as, Ni\u00f1os y Adolescentes del Estado de M\u00e9xico, ha iniciado con acciones tendientes a la prevenci\u00f3n y erradicaci\u00f3n del trabajo infantil, por lo que el d\u00eda de hoy ha sido posible realizar trabajos en coordinaci\u00f3n con dicha dependencia para lograr este objetivo com\u00fan, la prevenci\u00f3n y la erradicaci\u00f3n del trabajo infantil a trav\u00e9s de un recorrido en conjunto por la principales vialidades y cruceros del Municipio de Cuautitl\u00e1n.<span class=\"Apple-converted-space\">\u00a0<\/span><\/p>\n<p>Para el caso de los adultos mayores se implement\u00f3 un equipo multidisciplinario con el fin de identificar los motivos de su situaci\u00f3n personal y familiar que los lleva a trabajar en las calles y en caso de ser vulnerados sus derechos canalizarlos a las instancias correspondientes.<span class=\"Apple-converted-space\">\u00a0<\/span><\/p>\n<p>El Sistema Municipal DIF Cuautitl\u00e1n te invita que en el caso de conocer alg\u00fan caso de vulneraci\u00f3n de derechos de alguna ni\u00f1a, ni\u00f1o y\/o adolescente, puedes compartirnos tu DENUNCIA AN\u00d3NIMA en el n\u00famero telef\u00f3nico 58720827 y el n\u00famero de WhatsApp 5620936843 de la Procuradur\u00eda Municipal de Protecci\u00f3n de Ni\u00f1os, Ni\u00f1as y Adolescentes.<\/p>\n","protected":false},"excerpt":{"rendered":"<p>La Procuradur\u00eda Municipal de Protecci\u00f3n de Ni\u00f1as, Ni\u00f1os y Adolescentes en conjunto con la Direcci\u00f3n General, Contralor\u00eda Interna, Coordinaci\u00f3n de Atenci\u00f3n de Adultos Mayores, Coordinaci\u00f3n de Prevenci\u00f3n y Bienestar Social, Coordinaci\u00f3n de Trabajo Social, Direcci\u00f3n de Seguridad P\u00fablica, Tr\u00e1nsito y Vialidad de Cuautitl\u00e1n, entre otras dependencias, han implementado un Diagn\u00f3stico de Detecci\u00f3n de Ni\u00f1as, Ni\u00f1os, Adolescentes y\/o Adultos Mayores trabajadores en Cuautitl\u00e1n.<\/p>\n","protected":false},"author":1,"featured_media":473906,"comment_status":"open","ping_status":"open","sticky":false,"template":"","format":"standard","meta":{"_monsterinsights_skip_tracking":false,"_monsterinsights_sitenote_active":false,"_monsterinsights_sitenote_note":"","_monsterinsights_sitenote_category":0,"footnotes":""},"categories":[5],"tags":[681,2954,43675],"class_list":["post-473905","post","type-post","status-publish","format-standard","has-post-thumbnail","hentry","category-estado-de-mexico","tag-cuautitlan","tag-dif","tag-estado-de-mexico"],"_links":{"self":[{"href":"https:\/\/www.diarioimagen.net\/index.php?rest_route=\/wp\/v2\/posts\/473905","targetHints":{"allow":["GET"]}}],"collection":[{"href":"https:\/\/www.diarioimagen.net\/index.php?rest_route=\/wp\/v2\/posts"}],"about":[{"href":"https:\/\/www.diarioimagen.net\/index.php?rest_route=\/wp\/v2\/types\/post"}],"author":[{"embeddable":true,"href":"https:\/\/www.diarioimagen.net\/index.php?rest_route=\/wp\/v2\/users\/1"}],"replies":[{"embeddable":true,"href":"https:\/\/www.diarioimagen.net\/index.php?rest_route=%2Fwp%2Fv2%2Fcomments&post=473905"}],"version-history":[{"count":0,"href":"https:\/\/www.diarioimagen.net\/index.php?rest_route=\/wp\/v2\/posts\/473905\/revisions"}],"wp:featuredmedia":[{"embeddable":true,"href":"https:\/\/www.diarioimagen.net\/index.php?rest_route=\/wp\/v2\/media\/473906"}],"wp:attachment":[{"href":"https:\/\/www.diarioimagen.net\/index.php?rest_route=%2Fwp%2Fv2%2Fmedia&parent=473905"}],"wp:term":[{"taxonomy":"category","embeddable":true,"href":"https:\/\/www.diarioimagen.net\/index.php?rest_route=%2Fwp%2Fv2%2Fcategories&post=473905"},{"taxonomy":"post_tag","embeddable":true,"href":"https:\/\/www.diarioimagen.net\/index.php?rest_route=%2Fwp%2Fv2%2Ftags&post=473905"}],"curies":[{"name":"wp","href":"https:\/\/api.w.org\/{rel}","templated":true}]}}