{"id":474140,"date":"2020-07-15T00:10:58","date_gmt":"2020-07-15T05:10:58","guid":{"rendered":"https:\/\/www.diarioimagen.net\/?p=474140"},"modified":"2020-07-15T04:45:18","modified_gmt":"2020-07-15T09:45:18","slug":"hasta-cuando-6","status":"publish","type":"post","link":"https:\/\/www.diarioimagen.net\/?p=474140","title":{"rendered":"\u00bfHasta cu\u00e1ndo?"},"content":{"rendered":"<h2>De frente y de perfil<\/h2>\n<h5>Ram\u00f3n Zurita Sahag\u00fan<\/h5>\n<p>&nbsp;<\/p>\n<div id=\"attachment_474177\" style=\"width: 470px\" class=\"wp-caption aligncenter\"><a href=\"https:\/\/www.diarioimagen.net\/?attachment_id=474177\" rel=\"attachment wp-att-474177\"><img loading=\"lazy\" decoding=\"async\" aria-describedby=\"caption-attachment-474177\" class=\"size-large wp-image-474177\" src=\"https:\/\/www.diarioimagen.net\/wp-content\/uploads\/2020\/07\/SUS-FANS-jose-luis-460x358.jpg\" alt=\"\" width=\"460\" height=\"358\" srcset=\"https:\/\/www.diarioimagen.net\/wp-content\/uploads\/2020\/07\/SUS-FANS-jose-luis-460x358.jpg 460w, https:\/\/www.diarioimagen.net\/wp-content\/uploads\/2020\/07\/SUS-FANS-jose-luis-240x187.jpg 240w, https:\/\/www.diarioimagen.net\/wp-content\/uploads\/2020\/07\/SUS-FANS-jose-luis.jpg 700w\" sizes=\"auto, (max-width: 460px) 100vw, 460px\" \/><\/a><p id=\"caption-attachment-474177\" class=\"wp-caption-text\">Sus fans&#8230; | Jos\u00e9 Luis<\/p><\/div>\n<p>&nbsp;<\/p>\n<p>De acuerdo a lo que vivimos en el diario acontecer del pa\u00eds, la pandemia parece no tener fin y sus consecuencias por el virus de Covid-19 siguen siendo aterrorizantes, sin que se vea la luz al final del t\u00fanel.<\/p>\n<p>Los d\u00edas, semanas y meses transcurren lentamente, mientras algunos nos quedamos en el aislamiento, trabajando desde casa y otros m\u00e1s tienen que salir a las calles a buscar el sustento y existen los irresponsables que salen tranquilamente a pasear, divertirse, reunirse en grupos, sin importar los llamados para no hacerlo.<\/p>\n<p>Hay diversas \u00f3pticas sobre lo que sucede en M\u00e9xico, pa\u00eds en el que el n\u00famero de muertes sobrepasa a las naciones que horrorizaban a la distancia por el creciente n\u00famero de fallecidos y que ahora vemos por debajo de los nuestros. Algunos culpan al gobierno por no encontrar m\u00e9todos adecuados para combatir los crecientes contagios, ni contar con el equipo adecuado para hacerlo. Otros ven lo sucedido como consecuencia de la desobediencia de la poblaci\u00f3n.<\/p>\n<p>Unos y otros tienen raz\u00f3n, aunque en descargo de las autoridades se debe ver como atenuantes que la pandemia tom\u00f3 a todos en el mundo sin los equipos adecuados para combatirla, pero algunos consiguieron reaccionar prontamente para no llegar a la gravedad que se present\u00f3 en otras naciones, incluido M\u00e9xico.<\/p>\n<p>Los principales afectados por la pandemia han sido naciones latinas como los casos de Espa\u00f1a, Italia, Francia y M\u00e9xico, principalmente, aunque tambi\u00e9n le toc\u00f3 fuerte a los anglos como Estados Unidos y Gran Breta\u00f1a.<\/p>\n<p>Sin embargo, las naciones asi\u00e1ticas que fueron las primeras tocadas por el virus han sabido frenar la expansi\u00f3n del contagio y, hasta el momento, han sofocado el virus, sin lograr desaparecerlo, ya que la vacuna todav\u00eda se encuentra en etapa experimental y tardar\u00e1, posiblemente, mucho tiempo para comenzar a funcionar.<\/p>\n<p>En M\u00e9xico, las medidas adoptadas para evitar su expansi\u00f3n y bajar los contagios no han funcionado, por lo que los reclamos al gobierno se dejan sentir en todos los tonos, especialmente hacia el gobierno federal que dicta las pol\u00edticas sanitarias, pero no hay que dejar de lado la responsabilidad que tienen los gobiernos estatales en este proceso.<\/p>\n<p>El subsecretario de Salud, encargado del tema, Hugo L\u00f3pez-Gatell, pas\u00f3 de ser el h\u00e9roe de la pel\u00edcula a asumir el papel de villano, cuestionado por todo y hasta con la exigencia de que renuncie.<\/p>\n<p>Durante las primeras semanas fue considerado como cient\u00edfico, pensador, poeta y calificado como guapo, atractivo, simp\u00e1tico y muchas cosas m\u00e1s. Se investig\u00f3 su vida, salieron a colaci\u00f3n historias del pasado, sus amores, desamores, toda una celebridad y ahora, adem\u00e1s de pedir su destituci\u00f3n se pide que sea juzgado por su mala actuaci\u00f3n como servidor p\u00fablico.<\/p>\n<p>Los tiempos de la pandemia se prolongan y las previsiones no han tenido el debido \u00e9xito, por lo que existe incertidumbre sobre el futuro del pa\u00eds y sus habitantes.<\/p>\n<p>Hay quienes piden endurecer las medidas sanitarias, sin considerar que cuando algunos gobernantes intentaron hacerlo fueron satanizados y otros que las llevaron al cabo fracasaron rotundamente.<\/p>\n<p>Hoy, a casi 140 d\u00edas de que lleg\u00f3 el virus al pa\u00eds, la cresta se mantiene en el mismo ritmo alto de hace un par de meses, cuando se crey\u00f3 que el l\u00edmite de la cresta ser\u00eda las dos primeras semanas de mayo.<\/p>\n<p>Ante la ca\u00edda de la econom\u00eda, los comercios, restaurantes, mercados, centros vacacionales y sitios de recreo fueron reabiertos con un nuevo protocolo sanitario que se espera sea seguido por todos, para evitar un mayor n\u00famero de contagios que, por lo pronto nos mantiene con el alma en un hilo.<\/p>\n<p style=\"text-align: center;\"><strong>*****<\/strong><\/p>\n<p>Qu\u00e9 pas\u00f3 con Alfonso Durazo que no acompa\u00f1ar\u00e1 al presidente L\u00f3pez Obrador en su gira de tres d\u00edas por las entidades con mayor violencia en el pa\u00eds. Es cierto que el secretario de Seguridad\u00a0 es de los amenazados por los grupos delincuenciales, pero seguramente no es la raz\u00f3n por la que pidi\u00f3 unos d\u00edas de ausencia laboral.<\/p>\n<p><em><a href=\"mailto:ramonzurita44@hotmail.com\" target=\"_blank\" rel=\"noopener noreferrer\">ramonzurita44@hotmail.com<\/a><\/em><br \/>\n<a href=\"mailto:%20zurita_sahagun@hotmail.com\" target=\"_blank\" rel=\"noopener noreferrer\"><em>zurita_sahagun@hotmail.com<\/em><\/a><\/p>\n","protected":false},"excerpt":{"rendered":"<p><span style=\"color: #005497;\"><strong>Ram\u00f3n Zurita Sahag\u00fan<\/strong><\/span><br \/>\n<br \/>\nDe acuerdo a lo que vivimos en el diario acontecer del pa\u00eds, la pandemia parece no tener fin y sus consecuencias por el virus de Covid-19 siguen siendo aterrorizantes, sin que se vea la luz al final del t\u00fanel.<\/p>\n","protected":false},"author":3,"featured_media":474177,"comment_status":"open","ping_status":"open","sticky":false,"template":"","format":"standard","meta":{"_monsterinsights_skip_tracking":false,"_monsterinsights_sitenote_active":false,"_monsterinsights_sitenote_note":"","_monsterinsights_sitenote_category":0,"footnotes":""},"categories":[234],"tags":[304,43674,43687],"class_list":["post-474140","post","type-post","status-publish","format-standard","has-post-thumbnail","hentry","category-ramon-zurita-sahagun","tag-de-frente-y-de-perfil","tag-opinion","tag-ramon-zurita-sahagun"],"_links":{"self":[{"href":"https:\/\/www.diarioimagen.net\/index.php?rest_route=\/wp\/v2\/posts\/474140","targetHints":{"allow":["GET"]}}],"collection":[{"href":"https:\/\/www.diarioimagen.net\/index.php?rest_route=\/wp\/v2\/posts"}],"about":[{"href":"https:\/\/www.diarioimagen.net\/index.php?rest_route=\/wp\/v2\/types\/post"}],"author":[{"embeddable":true,"href":"https:\/\/www.diarioimagen.net\/index.php?rest_route=\/wp\/v2\/users\/3"}],"replies":[{"embeddable":true,"href":"https:\/\/www.diarioimagen.net\/index.php?rest_route=%2Fwp%2Fv2%2Fcomments&post=474140"}],"version-history":[{"count":0,"href":"https:\/\/www.diarioimagen.net\/index.php?rest_route=\/wp\/v2\/posts\/474140\/revisions"}],"wp:featuredmedia":[{"embeddable":true,"href":"https:\/\/www.diarioimagen.net\/index.php?rest_route=\/wp\/v2\/media\/474177"}],"wp:attachment":[{"href":"https:\/\/www.diarioimagen.net\/index.php?rest_route=%2Fwp%2Fv2%2Fmedia&parent=474140"}],"wp:term":[{"taxonomy":"category","embeddable":true,"href":"https:\/\/www.diarioimagen.net\/index.php?rest_route=%2Fwp%2Fv2%2Fcategories&post=474140"},{"taxonomy":"post_tag","embeddable":true,"href":"https:\/\/www.diarioimagen.net\/index.php?rest_route=%2Fwp%2Fv2%2Ftags&post=474140"}],"curies":[{"name":"wp","href":"https:\/\/api.w.org\/{rel}","templated":true}]}}