{"id":474228,"date":"2020-07-17T00:05:50","date_gmt":"2020-07-17T05:05:50","guid":{"rendered":"https:\/\/www.diarioimagen.net\/?p=474228"},"modified":"2020-07-20T04:34:09","modified_gmt":"2020-07-20T09:34:09","slug":"remodela-uaem-laboratorio-de-calidad-del-agua-del-iitca","status":"publish","type":"post","link":"https:\/\/www.diarioimagen.net\/?p=474228","title":{"rendered":"Remodela UAEM Laboratorio de Calidad del Agua del IITCA"},"content":{"rendered":"<p><strong>\u00a0<\/strong><\/p>\n<ul>\n<li><strong><em>Inversi\u00f3n cercana a los 12 millones de pesos<\/em><\/strong><\/li>\n<\/ul>\n<p><strong>\u00a0<\/strong><\/p>\n<div id=\"attachment_474284\" style=\"width: 470px\" class=\"wp-caption aligncenter\"><a href=\"https:\/\/www.diarioimagen.net\/?attachment_id=474284\" rel=\"attachment wp-att-474284\"><img loading=\"lazy\" decoding=\"async\" aria-describedby=\"caption-attachment-474284\" class=\"size-large wp-image-474284\" src=\"https:\/\/www.diarioimagen.net\/wp-content\/uploads\/2020\/07\/uaem-1-460x259.jpg\" alt=\"\" width=\"460\" height=\"259\" srcset=\"https:\/\/www.diarioimagen.net\/wp-content\/uploads\/2020\/07\/uaem-1-460x259.jpg 460w, https:\/\/www.diarioimagen.net\/wp-content\/uploads\/2020\/07\/uaem-1-240x135.jpg 240w, https:\/\/www.diarioimagen.net\/wp-content\/uploads\/2020\/07\/uaem-1-235x132.jpg 235w, https:\/\/www.diarioimagen.net\/wp-content\/uploads\/2020\/07\/uaem-1-202x114.jpg 202w, https:\/\/www.diarioimagen.net\/wp-content\/uploads\/2020\/07\/uaem-1-350x196.jpg 350w, https:\/\/www.diarioimagen.net\/wp-content\/uploads\/2020\/07\/uaem-1-220x123.jpg 220w, https:\/\/www.diarioimagen.net\/wp-content\/uploads\/2020\/07\/uaem-1-237x132.jpg 237w, https:\/\/www.diarioimagen.net\/wp-content\/uploads\/2020\/07\/uaem-1.jpg 480w\" sizes=\"auto, (max-width: 460px) 100vw, 460px\" \/><\/a><p id=\"caption-attachment-474284\" class=\"wp-caption-text\">El rector Alfredo Barrera Baca detall\u00f3 que, con una inversi\u00f3n cercana a los 12 millones de pesos, se remodelar\u00e1 totalmente este espacio de investigaci\u00f3n, as\u00ed como la construcci\u00f3n de un edificio adicional.<\/p><\/div>\n<p>&nbsp;<\/p>\n<p><strong>Toluca, Estado de M\u00e9xico.\u2013<\/strong> La Universidad Aut\u00f3noma del Estado de M\u00e9xico lleva a cabo la remodelaci\u00f3n del Laboratorio de Calidad del Agua del Instituto Interamericano de Tecnolog\u00eda y Ciencias del Agua (IITCA), anunci\u00f3 el rector Alfredo Barrera Baca.<\/p>\n<p>Detall\u00f3 que con una inversi\u00f3n cercana a los 12 millones de pesos, la obra consiste en una remodelaci\u00f3n total de este espacio de investigaci\u00f3n, as\u00ed como la construcci\u00f3n de un edificio adicional.<\/p>\n<p>La obra, dijo, presenta 60 por ciento de avance. \u201cLos trabajos se realizan en una superficie de alrededor de 500 metros cuadrados y estar\u00e1n listos el pr\u00f3ximo mes de diciembre. El edificio adicional contar\u00e1 con dos plantas\u201d.<\/p>\n<p>Precis\u00f3 que en el Laboratorio de Calidad del Agua, que contar\u00e1 con \u00e1reas de gravimetr\u00eda, cromatograf\u00eda de gases y microbiolog\u00eda para el tratamiento y potabilizaci\u00f3n de aguas residuales, se efect\u00faan tareas de investigaci\u00f3n y docencia, que permiten atender a usuarios externos y, por supuesto, fortalece la proyecci\u00f3n internacional de la instituci\u00f3n.<\/p>\n<p>La remodelaci\u00f3n, puntualiz\u00f3 Alfredo Barrera Baca, dotar\u00e1 a este espacio acad\u00e9mico de una mayor competitividad frente a laboratorios de otras universidades y centros de investigaci\u00f3n. Permitir\u00e1 que m\u00e1s estudiantes hagan pr\u00e1cticas y contin\u00faen con sus proyectos acad\u00e9micos.<\/p>\n<p>Cabe destacar que en este espacio laboran 28 investigadores, de los cuales, m\u00e1s de la mitad pertenecen al Sistema Nacional de Investigadores (SNI) del Consejo Nacional de Ciencia y Tecnolog\u00eda (Conacyt).<\/p>\n<p>Adem\u00e1s, en el IITCA la UAEM ofrece la Maestr\u00eda y Doctorado en Tecnolog\u00eda y Ciencias del Agua, a trav\u00e9s de cuatro cuerpos acad\u00e9micos consolidados, que forman parte de Programa Nacional de Posgrados de Calidad (PNPC) y tienen una alta demanda por parte de estudiantes de otros pa\u00edses.<\/p>\n","protected":false},"excerpt":{"rendered":"<p>La Universidad Aut\u00f3noma del Estado de M\u00e9xico lleva a cabo la remodelaci\u00f3n del Laboratorio de Calidad del Agua del Instituto Interamericano de Tecnolog\u00eda y Ciencias del Agua (IITCA), anunci\u00f3 el rector Alfredo Barrera Baca.<\/p>\n","protected":false},"author":3,"featured_media":474284,"comment_status":"open","ping_status":"open","sticky":false,"template":"","format":"standard","meta":{"_monsterinsights_skip_tracking":false,"_monsterinsights_sitenote_active":false,"_monsterinsights_sitenote_note":"","_monsterinsights_sitenote_category":0,"footnotes":""},"categories":[5],"tags":[43675,452,1490],"class_list":["post-474228","post","type-post","status-publish","format-standard","has-post-thumbnail","hentry","category-estado-de-mexico","tag-estado-de-mexico","tag-toluca","tag-universidad-autonoma-del-estado-de-mexico"],"_links":{"self":[{"href":"https:\/\/www.diarioimagen.net\/index.php?rest_route=\/wp\/v2\/posts\/474228","targetHints":{"allow":["GET"]}}],"collection":[{"href":"https:\/\/www.diarioimagen.net\/index.php?rest_route=\/wp\/v2\/posts"}],"about":[{"href":"https:\/\/www.diarioimagen.net\/index.php?rest_route=\/wp\/v2\/types\/post"}],"author":[{"embeddable":true,"href":"https:\/\/www.diarioimagen.net\/index.php?rest_route=\/wp\/v2\/users\/3"}],"replies":[{"embeddable":true,"href":"https:\/\/www.diarioimagen.net\/index.php?rest_route=%2Fwp%2Fv2%2Fcomments&post=474228"}],"version-history":[{"count":0,"href":"https:\/\/www.diarioimagen.net\/index.php?rest_route=\/wp\/v2\/posts\/474228\/revisions"}],"wp:featuredmedia":[{"embeddable":true,"href":"https:\/\/www.diarioimagen.net\/index.php?rest_route=\/wp\/v2\/media\/474284"}],"wp:attachment":[{"href":"https:\/\/www.diarioimagen.net\/index.php?rest_route=%2Fwp%2Fv2%2Fmedia&parent=474228"}],"wp:term":[{"taxonomy":"category","embeddable":true,"href":"https:\/\/www.diarioimagen.net\/index.php?rest_route=%2Fwp%2Fv2%2Fcategories&post=474228"},{"taxonomy":"post_tag","embeddable":true,"href":"https:\/\/www.diarioimagen.net\/index.php?rest_route=%2Fwp%2Fv2%2Ftags&post=474228"}],"curies":[{"name":"wp","href":"https:\/\/api.w.org\/{rel}","templated":true}]}}