{"id":474230,"date":"2020-07-16T00:13:53","date_gmt":"2020-07-16T05:13:53","guid":{"rendered":"https:\/\/www.diarioimagen.net\/?p=474230"},"modified":"2020-07-17T02:39:45","modified_gmt":"2020-07-17T07:39:45","slug":"encuentro-con-medios-del-secretario-alfonso-durazo-saliendo-de-refineria-salamanca","status":"publish","type":"post","link":"https:\/\/www.diarioimagen.net\/?p=474230","title":{"rendered":"Encuentro con medios del secretario Alfonso Durazo saliendo de refiner\u00eda Salamanca"},"content":{"rendered":"<p>&nbsp;<\/p>\n<div id=\"attachment_474282\" style=\"width: 470px\" class=\"wp-caption aligncenter\"><a href=\"https:\/\/www.diarioimagen.net\/?attachment_id=474282\" rel=\"attachment wp-att-474282\"><img loading=\"lazy\" decoding=\"async\" aria-describedby=\"caption-attachment-474282\" class=\"size-large wp-image-474282\" src=\"https:\/\/www.diarioimagen.net\/wp-content\/uploads\/2020\/07\/Durazo-1-460x259.jpg\" alt=\"\" width=\"460\" height=\"259\" srcset=\"https:\/\/www.diarioimagen.net\/wp-content\/uploads\/2020\/07\/Durazo-1-460x259.jpg 460w, https:\/\/www.diarioimagen.net\/wp-content\/uploads\/2020\/07\/Durazo-1-240x135.jpg 240w, https:\/\/www.diarioimagen.net\/wp-content\/uploads\/2020\/07\/Durazo-1-235x132.jpg 235w, https:\/\/www.diarioimagen.net\/wp-content\/uploads\/2020\/07\/Durazo-1-202x114.jpg 202w, https:\/\/www.diarioimagen.net\/wp-content\/uploads\/2020\/07\/Durazo-1-350x196.jpg 350w, https:\/\/www.diarioimagen.net\/wp-content\/uploads\/2020\/07\/Durazo-1-220x123.jpg 220w, https:\/\/www.diarioimagen.net\/wp-content\/uploads\/2020\/07\/Durazo-1-237x132.jpg 237w, https:\/\/www.diarioimagen.net\/wp-content\/uploads\/2020\/07\/Durazo-1.jpg 480w\" sizes=\"auto, (max-width: 460px) 100vw, 460px\" \/><\/a><p id=\"caption-attachment-474282\" class=\"wp-caption-text\">Alfonso Durazo Monta\u00f1o, secretario de Seguirdad P\u00fablica.<\/p><\/div>\n<p>&nbsp;<\/p>\n<p><strong>Secretario Alfonso Durazo Monta\u00f1o:<\/strong> S\u00ed perfectamente, ped\u00ed unos d\u00edas al presidente para atender algunas cuestiones personales y familiares, yo francamente me sorprendo de la, impacto o la interpretaci\u00f3n que tiene una ausencia, es cierto que como siempre estamos presentes, puede despertar mil especulaciones una ausencia, pero en este caso afortunadamente ninguna de esas especulaciones, ni las de salud ni la pol\u00edtica, es apegada, atend\u00ed una cuesti\u00f3n familiar, est\u00e1 ya en el mejor curso posible y una vez visto eso, estoy ya de regreso.<\/p>\n<p>Bueno, mira, nos regresamos a la Ciudad de M\u00e9xico y estaremos ma\u00f1ana volando muy temprano, a las 3, 3 y media de la ma\u00f1ana volamos, yo sal\u00ed a las 12 y 15 de la noche de Hermosillo para poder estar aqu\u00ed al cuarto para las 5 atendiendo la reuni\u00f3n de gabinete, que entre par\u00e9ntesis, fue una reuni\u00f3n esplendida, donde hubo, debo reconocerlo, una aportaci\u00f3n muy importante del gobernador, una disposici\u00f3n abierta a reencontrarnos en la coordinaci\u00f3n, en la colaboraci\u00f3n y ya ahorita dise\u00f1amos un plan de trabajo de 10 puntos, al que agregamos un trabajo pol\u00edtico de inclusi\u00f3n, de cercan\u00eda, de comunicaci\u00f3n con las y los alcaldes, cuya colaboraci\u00f3n es imprescindible tambi\u00e9n para el mejoramiento de la seguridad, si todos ponemos nuestra disposici\u00f3n, nuestra capacidad, complementamos las responsabilidades que tenemos a nuestro cargo, estoy seguro que muy pronto, como ofreci\u00f3 el presidente, vamos a rendirles buenas cuentas a Guanajuato.<\/p>\n<p>No, no, no lo tenemos pero en general si est\u00e1 el compromiso de fortalecer la presencia de la fuerza p\u00fablica federal, se ha venido incrementando en la medida que se han ido creando o atendiendo, cubriendo mejor dicho las regiones, recuerden ustedes, abrir una nueva regi\u00f3n significa disponer de cuando menos entre 300 y 600 elementos adicionales, que es un mundo, entonces en la medida que est\u00e1n saliendo elementos de capacitaci\u00f3n de la Guardia Nacional, le estamos dando prioridad a Guanajuato, tambi\u00e9n por supuesto est\u00e1 Jalisco, Michoac\u00e1n, esta es una zona compleja en t\u00e9rminos de seguridad, pero vamos a hacer tambi\u00e9n un reacomodo de elementos de otras fuerzas, no s\u00f3lo de la Guardia, eventualmente la Marina, eventualmente el ej\u00e9rcito que est\u00e1 haciendo aqu\u00ed un trabajo, porque en el jefe de regi\u00f3n recae la coordinaci\u00f3n general de la estrategia de seguridad del Gobierno Federal ac\u00e1, que hasta hace unos d\u00edas era aislada de lo que hac\u00eda el gobierno estatal, ahora ya a partir de la reuni\u00f3n de hoy estamos en el compromiso de sumar esfuerzos sin reservas, gracias j\u00f3venes.<\/p>\n<p>Todos, por supuesto que se habla, es parte de la problem\u00e1tica, pero si podemos decir que no obstante los niveles de violencia hay un debilitamiento evidente de los grupos criminales, ustedes pueden ver a uno de los l\u00edderes de las organizaciones criminales m\u00e1s importantes del estado, que ya no est\u00e1 en su casa con alberca, que ya est\u00e1 en una casa a medio construir batallando para cubrir la n\u00f3mina, por supuesto que hay un debilitamiento y con frecuencia esos brotes de violencia obedecen a reacciones no planeadas de las propias organizaciones criminales.<\/p>\n<p>Creo que el fortalecimiento mayor aqu\u00ed es, perd\u00f3n, el debilitamiento mayor es el de cartel de Santa Rosa, porque ha sido el cartel dominante, tambi\u00e9n recuerden que el Santa Rosa es una escisi\u00f3n del cartel Jalisco y luego viene una escisi\u00f3n del Santa Rosa y uno de los escindidos regresa a sus viejas alianzas con el cartel Jalisco, entonces parte de la problem\u00e1tica en el pa\u00eds es la fragilidad de las alianzas de las organizaciones criminales, ya no hay honor entre ladrones, gracias j\u00f3venes.<\/p>\n","protected":false},"excerpt":{"rendered":"<p>Secretario Alfonso Durazo Monta\u00f1o: S\u00ed perfectamente, ped\u00ed unos d\u00edas al presidente para atender algunas cuestiones personales y familiares, yo francamente me sorprendo de la, impacto o la interpretaci\u00f3n que tiene una ausencia, es cierto que como siempre estamos presentes, puede despertar mil especulaciones una ausencia, pero en este caso afortunadamente ninguna de esas especulaciones, ni las de salud ni la pol\u00edtica, es apegada, atend\u00ed una cuesti\u00f3n familiar, est\u00e1 ya en el mejor curso posible y una vez visto eso, estoy ya de regreso.<\/p>\n","protected":false},"author":3,"featured_media":474282,"comment_status":"open","ping_status":"open","sticky":false,"template":"","format":"standard","meta":{"_monsterinsights_skip_tracking":false,"_monsterinsights_sitenote_active":false,"_monsterinsights_sitenote_note":"","_monsterinsights_sitenote_category":0,"footnotes":""},"categories":[7],"tags":[77036,46007,23328],"class_list":["post-474230","post","type-post","status-publish","format-standard","has-post-thumbnail","hentry","category-seguridad","tag-alfonso-durazo-montano","tag-encuentro","tag-salamanca"],"_links":{"self":[{"href":"https:\/\/www.diarioimagen.net\/index.php?rest_route=\/wp\/v2\/posts\/474230","targetHints":{"allow":["GET"]}}],"collection":[{"href":"https:\/\/www.diarioimagen.net\/index.php?rest_route=\/wp\/v2\/posts"}],"about":[{"href":"https:\/\/www.diarioimagen.net\/index.php?rest_route=\/wp\/v2\/types\/post"}],"author":[{"embeddable":true,"href":"https:\/\/www.diarioimagen.net\/index.php?rest_route=\/wp\/v2\/users\/3"}],"replies":[{"embeddable":true,"href":"https:\/\/www.diarioimagen.net\/index.php?rest_route=%2Fwp%2Fv2%2Fcomments&post=474230"}],"version-history":[{"count":0,"href":"https:\/\/www.diarioimagen.net\/index.php?rest_route=\/wp\/v2\/posts\/474230\/revisions"}],"wp:featuredmedia":[{"embeddable":true,"href":"https:\/\/www.diarioimagen.net\/index.php?rest_route=\/wp\/v2\/media\/474282"}],"wp:attachment":[{"href":"https:\/\/www.diarioimagen.net\/index.php?rest_route=%2Fwp%2Fv2%2Fmedia&parent=474230"}],"wp:term":[{"taxonomy":"category","embeddable":true,"href":"https:\/\/www.diarioimagen.net\/index.php?rest_route=%2Fwp%2Fv2%2Fcategories&post=474230"},{"taxonomy":"post_tag","embeddable":true,"href":"https:\/\/www.diarioimagen.net\/index.php?rest_route=%2Fwp%2Fv2%2Ftags&post=474230"}],"curies":[{"name":"wp","href":"https:\/\/api.w.org\/{rel}","templated":true}]}}