{"id":474239,"date":"2020-07-16T00:02:22","date_gmt":"2020-07-16T05:02:22","guid":{"rendered":"https:\/\/www.diarioimagen.net\/?p=474239"},"modified":"2020-07-16T02:54:31","modified_gmt":"2020-07-16T07:54:31","slug":"caso-lozoya-temblor-politico-monreal","status":"publish","type":"post","link":"https:\/\/www.diarioimagen.net\/?p=474239","title":{"rendered":"Caso Lozoya, temblor pol\u00edtico: Monreal"},"content":{"rendered":"<h2>La Retaguardia<\/h2>\n<h5>Adriana Moreno Cordero<\/h5>\n<p>&nbsp;<\/p>\n<ul>\n<li><strong><em>El ex director de Pemex negoci\u00f3 con la 4T<\/em><\/strong><\/li>\n<\/ul>\n<p>&nbsp;<\/p>\n<p>Todo mundo coincide en que la inminente llegada del ex director de Petr\u00f3leos Mexicanos, <strong>Emilio Lozoya Austin<\/strong> a M\u00e9xico, ha puesto a temblar y a sudar a una extensa red de quienes estar\u00edan involucrados en los esc\u00e1ndalos que llevaron a la c\u00e1rcel en Espa\u00f1a al funcionario de la administraci\u00f3n de <strong>Enrique Pe\u00f1a Nieto<\/strong>.<\/p>\n<p>El primero en no estar de acuerdo en que Lozoya se entregara, fue su abogado, <strong>Javier Coello Trejo<\/strong>, quien se retir\u00f3 del caso bajo el argumento de que as\u00ed conven\u00eda a sus intereses y de com\u00fan acuerdo. Sin embargo, el despacho Coello y Asociados subray\u00f3 la divergencia sobre las decisiones en las estrategias jur\u00eddicas tomadas, pero no por ello dejaron de desearle a Lozoya Austin \u201cy a toda su familia una conclusi\u00f3n en beneficio de sus intereses\u201d.<\/p>\n<p>As\u00ed, el ex director de Pemex negoci\u00f3 con la llamada Cuarta Transformaci\u00f3n, en una de las espor\u00e1dicas y poqu\u00edsimas cosas buenas que ha hecho \u00e9sta \u00faltima y de ah\u00ed, se ha dado una dram\u00e1tica espera en la que ya se corren las apuestas en los corrillos pol\u00edticos sobre qui\u00e9n y cu\u00e1ntos saldr\u00e1n involucrados en esta especie de loter\u00eda. Pero como se anot\u00f3 en l\u00edneas anteriores, la red es muy larga.<\/p>\n<p>En esta circunstancia, vale la pena retomar lo dicho en conferencia de prensa por el presidente de la Junta de Coordinaci\u00f3n Pol\u00edtica del Senado de la Rep\u00fablica, <strong>\u00a0Ricardo Monreal \u00c1vila,<\/strong> que consider\u00f3 que la llegada de Emilio Lozoya a M\u00e9xico provocar\u00e1 un \u201ctemblor pol\u00edtico\u201d que sacudir\u00e1 al pa\u00eds para bien.<\/p>\n<p>El legislador zacatecano asegur\u00f3 que este caso representa una muestra \u201cdel combate profundo y sin tregua\u201d por parte del presidente <strong>Andr\u00e9s Manuel L\u00f3pez Obrador<\/strong> en contra de la corrupci\u00f3n y la impunidad.<\/p>\n<p>Efectivamente y como lo asegur\u00f3 el propio Monreal, \u00e9ste es un asunto que cobra una gran relevancia; hay diversos analistas que coinciden en que esta podr\u00eda ser la puntilla para la extinci\u00f3n, ni m\u00e1s ni menos que del Partido Revolucionario Institucional, (PRI), luego de siete d\u00e9cadas en el que ese instituto pol\u00edtico demostr\u00f3 su poder\u00edo. \u00bfSer\u00e1?<\/p>\n<p>\u00a1Qui\u00e9n lo iba a decir!, tan emocionado que estaba su actual y casi borrado l\u00edder, Alejandro Moreno C\u00e1rdenas, que aseguraba que iba a transformar al Revolucionario Institucional para llevarlo de nueva cuenta a la victoria, pero por lo visto, eso s\u00f3lo fue pura palabrer\u00eda y el ex gobernador de Campeche opt\u00f3, -se dice en los corrillos no s\u00f3lo pol\u00edticos-, por negociar con el presidente L\u00f3pez Obrador, lo que le gan\u00f3 el mote de \u201cAMLITO\u201d.<\/p>\n<p>En fin, volviendo a lo declarado por el senador Monreal \u00c1vila, hizo hincapi\u00e9 en que tanto el Presidente como la Fiscal\u00eda General de la Rep\u00fablica, han actuado \u00a0sin complicidad y sin titubeos y a <strong>Alejandro Gertz Manero<\/strong>, le pidi\u00f3 \u201cque siga adelante y no se detenga por el bien del pa\u00eds\u201d. \u00bfAcaso para que el Fiscal no se acuerde de los conflictos que trae con Santiago Niego Castillo, titular de la Unidad de Inteligencia Financiera?<\/p>\n<p>\u201cLa incriminaci\u00f3n o el se\u00f1alamiento de presuntos responsables o delincuentes dar\u00e1 pie a una gran investigaci\u00f3n de la FGR y me parece que eso es una etapa buena para el pa\u00eds, el que se actu\u00e9 de esta manera y no se d\u00e9 a complicidades ni al olvido, que raye en la impunidad\u201d dijo el presidente de la Jucopo en la c\u00e1mara alta.<\/p>\n<p>Y s\u00ed, es muy cierto, como lo apunta Monreal \u00c1vila, que desde ahorita ya est\u00e1n preocupados \u201clos que tienen que preocuparse, los que recibieron recursos p\u00fablicos y prebendas, pues no s\u00f3lo es el soborno a los legisladores que votaron en favor de la reforma energ\u00e9tica, sino de todas las reformas estructurales.<\/p>\n<p>En este nuevo hurac\u00e1n, en el que muchos temen caer, Monreal \u00c1vila subray\u00f3 que es indispensable que todo se aclare y deslinden responsabilidades en los niveles que se requiera. Sin embargo y perteneciendo, el tambi\u00e9n coordinador de la bancada de Morena en el Senado, a la corriente de los moderados al seno de ese partido, aclar\u00f3 que el Senado de la Rep\u00fablica \u201cno actuar\u00e1 como Torquemada o una agencia del Ministerio P\u00fablico. Vamos a esperar. El Senado actuar\u00e1 con responsabilidad y seriedad en el se\u00f1alamiento y en la integraci\u00f3n de carpetas de investigaci\u00f3n, que sobre el resultado de las afirmaciones del se\u00f1or Lozoya surjan\u201d.<\/p>\n<p>Una enorme ola de especulaciones se ha desatado en la dram\u00e1tica espera para que Emilio Lozoya pise suelo mexicano; lo que pueda declarar y los videos que se supone que presentar\u00e1, o como lo dijo el propio senador Monreal \u00c1vila, hay \u201chasta desconciertos, pero espero que pronto se transparenten y aclaren\u201d.<\/p>\n<p style=\"text-align: center;\"><strong>Municiones<\/strong><\/p>\n<p>*** El grupo parlamentario del PAN en el Congreso de la Uni\u00f3n acus\u00f3 que el gobierno federal ha\u00a0reducido o desaparecido el presupuesto para las Alertas por Violencia de G\u00e9nero en 10 entidades del pa\u00eds que asciende a 37.5 millones de pesos, lo que representa el 33 por ciento de los recursos destinados a nivel nacional a este mecanismo de prevenci\u00f3n, ante el incremento de la violencia de g\u00e9nero y los feminicidios en todo el pa\u00eds. \u201cLas mujeres v\u00edctimas de violencia una vez m\u00e1s han sido golpeadas. Lo que vemos es un absoluto y reiterado desprecio del gobierno federal hacia las mujeres\u201d, lament\u00f3 en conferencia de prensa la senadora Nadia Navarro Acevedo, acompa\u00f1ada por el coordinador Mauricio Kuri Gonz\u00e1lez, las legisladoras Guadalupe Murgu\u00eda Guti\u00e9rrez y Alejandra Reynoso S\u00e1nchez, as\u00ed como los senadores Dami\u00e1n Zepeda Vidales y Julen Rementer\u00eda del Puerto. Agregaron los legisladores albicelestes que \u201cla reducci\u00f3n presupuestal se realiz\u00f3 sin siquiera notificar a la C\u00e1mara de Diputados con lo que se viola la Ley Federal de Presupuesto y Responsabilidad Hacendaria, que establece que no se pueden reducir los recursos destinados a la igualdad entre hombres y mujeres sin consultar primero al legislativo\u201d.<\/p>\n<p>*** A partir del cierre forzado de algunos sectores por la pandemia del Covid-19, la industria de los gimnasios y clubes en M\u00e9xico tambi\u00e9n se vio seriamente afectada al suspender actividades en 12 mil 500 gimnasios en el pa\u00eds, lo que impact\u00f3 a 4.5 millones de mexicanos que realizan ejercicios en centros deportivos. Adem\u00e1s, registr\u00f3 una p\u00e9rdida econ\u00f3mica de 6 millones de pesos durante los tres meses de confinamiento, conforme lo inform\u00f3 la Asociaci\u00f3n Mexicana de Gimnasios y Clubes, A.C. (AMEGYC). Sin embargo, el sector fitness detect\u00f3 que la pandemia logr\u00f3 concientizar a las personas sobre la importancia de cuidar su salud a trav\u00e9s del deporte, es decir, mucha gente ha empezado a hacer actividad f\u00edsica, incluso aquellas personas con problemas de obesidad, diabetes e hipertensi\u00f3n, quienes forman parte del grupo vulnerable a contraer coronavirus. Ahora bien, el incremento de asistentes representar\u00e1 una mayor demanda durante la reapertura en los centros, por lo que este sector ya se encuentra preparado para atender de manera segura a los usuarios.<\/p>\n<p><u><a href=\"mailto:morcora@gmail.com\" target=\"_blank\" rel=\"noopener noreferrer\"><em>morcora@gmail.com<\/em><\/a><\/u><\/p>\n","protected":false},"excerpt":{"rendered":"<p><span style=\"color: #005497;\"><strong>Adriana Moreno Cordero<\/strong><\/span><\/p>\n","protected":false},"author":3,"featured_media":0,"comment_status":"open","ping_status":"open","sticky":false,"template":"","format":"standard","meta":{"_monsterinsights_skip_tracking":false,"_monsterinsights_sitenote_active":false,"_monsterinsights_sitenote_note":"","_monsterinsights_sitenote_category":0,"footnotes":""},"categories":[69370],"tags":[69369,69368,43674],"class_list":["post-474239","post","type-post","status-publish","format-standard","hentry","category-adriana-moreno-cordero","tag-adriana-moreno-cordero","tag-la-retaguardia","tag-opinion"],"_links":{"self":[{"href":"https:\/\/www.diarioimagen.net\/index.php?rest_route=\/wp\/v2\/posts\/474239","targetHints":{"allow":["GET"]}}],"collection":[{"href":"https:\/\/www.diarioimagen.net\/index.php?rest_route=\/wp\/v2\/posts"}],"about":[{"href":"https:\/\/www.diarioimagen.net\/index.php?rest_route=\/wp\/v2\/types\/post"}],"author":[{"embeddable":true,"href":"https:\/\/www.diarioimagen.net\/index.php?rest_route=\/wp\/v2\/users\/3"}],"replies":[{"embeddable":true,"href":"https:\/\/www.diarioimagen.net\/index.php?rest_route=%2Fwp%2Fv2%2Fcomments&post=474239"}],"version-history":[{"count":0,"href":"https:\/\/www.diarioimagen.net\/index.php?rest_route=\/wp\/v2\/posts\/474239\/revisions"}],"wp:attachment":[{"href":"https:\/\/www.diarioimagen.net\/index.php?rest_route=%2Fwp%2Fv2%2Fmedia&parent=474239"}],"wp:term":[{"taxonomy":"category","embeddable":true,"href":"https:\/\/www.diarioimagen.net\/index.php?rest_route=%2Fwp%2Fv2%2Fcategories&post=474239"},{"taxonomy":"post_tag","embeddable":true,"href":"https:\/\/www.diarioimagen.net\/index.php?rest_route=%2Fwp%2Fv2%2Ftags&post=474239"}],"curies":[{"name":"wp","href":"https:\/\/api.w.org\/{rel}","templated":true}]}}