{"id":474247,"date":"2020-07-16T00:03:59","date_gmt":"2020-07-16T05:03:59","guid":{"rendered":"https:\/\/www.diarioimagen.net\/?p=474247"},"modified":"2020-07-16T03:04:30","modified_gmt":"2020-07-16T08:04:30","slug":"ahora-los-intelectuales","status":"publish","type":"post","link":"https:\/\/www.diarioimagen.net\/?p=474247","title":{"rendered":"Ahora, los intelectuales"},"content":{"rendered":"<h2>Espacio Electoral<\/h2>\n<h5>Eleazar Flores<\/h5>\n<p>&nbsp;<\/p>\n<p><strong>\u00bfRESPONDER\u00c1?<\/strong>-. El domingo el clero se lanz\u00f3 contra la sociedad irresponsable e irrespetuosa con las medidas m\u00ednimas de sanidad, tambi\u00e9n contra gobernantes de discursos diarios alagando el o\u00eddo sumiso pero lejos de la realidad, sobre todo en cuanto al n\u00famero de decesos por Covid-19.<\/p>\n<p>Los 36,327 fallecidos del martes, 836 m\u00e1s que el lunes no son para presumir que el coronavirus est\u00e1 controlado como dice ya saben qui\u00e9n; pero ahora el cuestionamiento es de\u00a0 INTELECTUALES.<\/p>\n<p><strong>\u00bfSER\u00c1N CLASISTAS?<\/strong>-. El padre de la Cuarta Transformaci\u00f3n calific\u00f3 de \u201cracistas y clasistas\u201d a los integrantes del Frente anti AMLO, FRENA, \u00e9sos que algunos fines de semana han venido organizando y participando en desfiles a bordo de sus veh\u00edculos, para solicitar la renuncia del Presidente de la Rep\u00fablica. El FRENA lo encabeza Gilberto Lozano, discutido sobre todo por los amlover.<\/p>\n<p>De entre los intelectuales que firman un desplegado para denunciar el autoritarismo del presidente de la rep\u00fablica, destacan Enrique Krauze, el autor del nombre \u201cmes\u00edas tropical\u201d con el que bautiz\u00f3 al hijo predilecto de Macuspana, H\u00e9ctor Aguilar Cam\u00edn, Roger Bartra, Soledad Loaeza, Javier Sicilia, quien no pudo besar al presidente en un evento p\u00fablico, Julio Frenk, rector de la Universidad de Florida y ex secretario de Salud en tiempos del foxismo y\u2026<\/p>\n<p>En total, son treinta intelectuales, entre poetas, escritores, acad\u00e9micos y luchadores sociales quienes dicen luchar \u201ccontra la deriva autoritaria y por la defensa de la democracia\u201d,\u00a0 asfixia del populismo, y por ah\u00ed se siguen los conceptos de los expertos en el manejo del lenguaje. Lo interesante ser\u00e1 conocer el punto de vista del presidente Andr\u00e9s Manuel L\u00f3pez Obrador.<\/p>\n<p>El desplegado seguramente es pan caliente para los amlovers, quienes sin descalificarlos, pues est\u00e1n en su derecho de coincidir con el sexenio, opinar\u00e1n que esos treinta intelectuales firmantes del desplegado en la prensa nacional, son los identificados con los conservadores y el neoliberalismo que parecen ser los mismos. Muchos de ellos, incluso, aportan sus puntos de vista a los diarios.<\/p>\n<p>Pero no faltar\u00e1n quienes coincidan con estos intelectuales que hasta sus m\u00e1s ac\u00e9rrimos enemigos reconocer\u00e1n que son gente pensante que ha aportado en libros y otros contenidos, puntos de vista valiosos, as\u00ed, ahora parezcan no encajar con la Cuarta Transformaci\u00f3n, misma que est\u00e1 en su obligaci\u00f3n de escucharlos y responderles. Apueste a que esta misma semana suceder\u00e1 el hecho.<\/p>\n<p>En tiempos de pandemia, desempleo, crisis econ\u00f3mica, lacerante violencia y dem\u00e1s, \u00e9stos deber\u00edan ser momentos de tomar en cuenta todo lo que abone a la mejor\u00eda, pues responder con cr\u00edticas y hostigamientos s\u00f3lo ahondar\u00eda los divisionismos, tan arraigados y cultivados por quienes deber\u00edan ser los primeros en convocarnos para \u201cjalar\u201d juntos por el bien nacional.<\/p>\n<p><a href=\"mailto:elefa44@gmail.com\" target=\"_blank\" rel=\"noopener noreferrer\"><em>lefa44@gmail.com<\/em><\/a><\/p>\n","protected":false},"excerpt":{"rendered":"<p><span style=\"color: #005497;\"><strong>Eleazar Flores<\/strong><\/span><\/p>\n","protected":false},"author":3,"featured_media":0,"comment_status":"open","ping_status":"open","sticky":false,"template":"","format":"standard","meta":{"_monsterinsights_skip_tracking":false,"_monsterinsights_sitenote_active":false,"_monsterinsights_sitenote_note":"","_monsterinsights_sitenote_category":0,"footnotes":""},"categories":[81743],"tags":[81744,81776,43674],"class_list":["post-474247","post","type-post","status-publish","format-standard","hentry","category-eleazar-flores","tag-eleazar-flores","tag-espacio-electoral","tag-opinion"],"_links":{"self":[{"href":"https:\/\/www.diarioimagen.net\/index.php?rest_route=\/wp\/v2\/posts\/474247","targetHints":{"allow":["GET"]}}],"collection":[{"href":"https:\/\/www.diarioimagen.net\/index.php?rest_route=\/wp\/v2\/posts"}],"about":[{"href":"https:\/\/www.diarioimagen.net\/index.php?rest_route=\/wp\/v2\/types\/post"}],"author":[{"embeddable":true,"href":"https:\/\/www.diarioimagen.net\/index.php?rest_route=\/wp\/v2\/users\/3"}],"replies":[{"embeddable":true,"href":"https:\/\/www.diarioimagen.net\/index.php?rest_route=%2Fwp%2Fv2%2Fcomments&post=474247"}],"version-history":[{"count":0,"href":"https:\/\/www.diarioimagen.net\/index.php?rest_route=\/wp\/v2\/posts\/474247\/revisions"}],"wp:attachment":[{"href":"https:\/\/www.diarioimagen.net\/index.php?rest_route=%2Fwp%2Fv2%2Fmedia&parent=474247"}],"wp:term":[{"taxonomy":"category","embeddable":true,"href":"https:\/\/www.diarioimagen.net\/index.php?rest_route=%2Fwp%2Fv2%2Fcategories&post=474247"},{"taxonomy":"post_tag","embeddable":true,"href":"https:\/\/www.diarioimagen.net\/index.php?rest_route=%2Fwp%2Fv2%2Ftags&post=474247"}],"curies":[{"name":"wp","href":"https:\/\/api.w.org\/{rel}","templated":true}]}}