{"id":474250,"date":"2020-07-16T00:08:02","date_gmt":"2020-07-16T05:08:02","guid":{"rendered":"https:\/\/www.diarioimagen.net\/?p=474250"},"modified":"2020-07-16T04:07:00","modified_gmt":"2020-07-16T09:07:00","slug":"los-buenos-oficios-2","status":"publish","type":"post","link":"https:\/\/www.diarioimagen.net\/?p=474250","title":{"rendered":"Los buenos oficios"},"content":{"rendered":"<h2>Detr\u00e1s del Poder<\/h2>\n<h5>Jos\u00e9 Antonio L\u00f3pez Sosa<\/h5>\n<p>&nbsp;<\/p>\n<p>Fueron los buenos oficios el com\u00fan denominador en la reuni\u00f3n y el comunicado p\u00fablico entre el Presidente de M\u00e9xico, Andr\u00e9s Manuel L\u00f3pez Obrador y, el presidente de los Estados Unidos de Am\u00e9rica, Donald Trump. Ninguno de los dos improvis\u00f3 durante el mensaje del Jard\u00edn de las Rosas en la Casa Blanca, discursos le\u00eddos y muy revisados, donde pareciera que hablaban de otra realidad, de una donde ambos pa\u00edses tienen una excelente relaci\u00f3n.<\/p>\n<p>A pesar de abusar de la diplomacia al decir que Trump ha respetado a M\u00e9xico y a los mexicanos, el discurso del presidente L\u00f3pez Obrador fue muy cuidado por la canciller\u00eda y no mostr\u00f3 mas que neutralidad.<\/p>\n<p>Abr\u00ed el debate en mi cuenta de Facebook y \u00e9stas son algunas de las respuestas con relaci\u00f3n al discurso de L\u00f3pez Obrador frente a Trump:<\/p>\n<p><em>Fuera de serie, qu\u00e9 orgullo me da mi presi.<br \/>\n<\/em><em>Exagerado el agradecimiento final.<\/em><\/p>\n<p><em>Tenemos presidente. Hay problemas y muchas inercias en contra pero se est\u00e1 tomando un rumbo definido.<\/em><\/p>\n<p><em>El mejor discurso de todos los presidentes de M\u00e9xico, conmovi\u00f3 a millones, dio esperanzas al indocumentado y fe al los mexicanos.<\/em><\/p>\n<p><em>Estuvo escrito para un estadista. Lo ley\u00f3 bien pero era para otra persona.<\/em><\/p>\n<p><em>De un verdadero estadista, \u00a1no como los \u00faltimos tres ex presidentes de M\u00e9xico!, hasta nos traer\u00e1 a Cesar Duarte.<\/em><\/p>\n<p><em>Absolutamente incongruente. Ya no aguantan m\u00e1s maromas los hombres de izquierda de Morena.<\/em><\/p>\n<p><em>\u00bfAs\u00ed o m\u00e1s empinado?<\/em><\/p>\n<p><em>Discurso serio, preciso y alentador.<\/em><\/p>\n<p><em>Farol de la calle, oscuridad de su casa&#8230; le prepararon un buen speech, habl\u00f3 fuido y eso es rar\u00edsimo en \u00e9l&#8230; en cuanto al sentido que le dio al contenido quise pensar que se dirig\u00eda a Trump con un diplom\u00e1tico sarcasmo al decirle q siempre ha respetado a los mexicanos y la soberan\u00eda de nuestro pa\u00eds y nunca nos ha impuesto nada y se ha dirigido con respeto, lamentablemente solo fue una muestra m\u00e1s del t\u00edpico pol\u00edtico mexicano q sabe lo tienen cogido de las pelotas y tiene q elogiar a una figura con atributos que no tiene por simple conveniencia, ojal\u00e1 ese respeto que le mostr\u00f3 a Trump lo mostrara por su pa\u00eds, para mi fue un discurso de burla y circo.<\/em><\/p>\n<p><em>\u00a1El mejor discurso! Y lo que m\u00e1s me sorprendi\u00f3 fue todo lo que dijo Trump&#8230; \u00e9l fue el que se empin\u00f3.<\/em><\/p>\n<p><em><a href=\"http:\/\/www.lopezsosa.com\" target=\"_blank\" rel=\"noopener noreferrer\">www.lopezsosa.com<\/a><\/em><br \/>\n<em><a href=\"mailto:joseantonio@lopezsosa.com\" target=\"_blank\" rel=\"noopener noreferrer\">joseantonio@lopezsosa.com<\/a><\/em><br \/>\n<a href=\"http:\/\/twitter.com\/joseantonio1977\" target=\"_blank\" rel=\"noopener noreferrer\">@joseantonio1977<\/a><\/p>\n","protected":false},"excerpt":{"rendered":"<p><span style=\"color: #005497;\"><strong>Jos\u00e9 Antonio L\u00f3pez Sosa<\/strong><\/span><\/p>\n","protected":false},"author":3,"featured_media":0,"comment_status":"open","ping_status":"open","sticky":false,"template":"","format":"standard","meta":{"_monsterinsights_skip_tracking":false,"_monsterinsights_sitenote_active":false,"_monsterinsights_sitenote_note":"","_monsterinsights_sitenote_category":0,"footnotes":""},"categories":[637],"tags":[638,43690,43674],"class_list":["post-474250","post","type-post","status-publish","format-standard","hentry","category-jose-antonio-lopez-sosa","tag-detras-del-poder","tag-jose-antonio-lopez-sosa","tag-opinion"],"_links":{"self":[{"href":"https:\/\/www.diarioimagen.net\/index.php?rest_route=\/wp\/v2\/posts\/474250","targetHints":{"allow":["GET"]}}],"collection":[{"href":"https:\/\/www.diarioimagen.net\/index.php?rest_route=\/wp\/v2\/posts"}],"about":[{"href":"https:\/\/www.diarioimagen.net\/index.php?rest_route=\/wp\/v2\/types\/post"}],"author":[{"embeddable":true,"href":"https:\/\/www.diarioimagen.net\/index.php?rest_route=\/wp\/v2\/users\/3"}],"replies":[{"embeddable":true,"href":"https:\/\/www.diarioimagen.net\/index.php?rest_route=%2Fwp%2Fv2%2Fcomments&post=474250"}],"version-history":[{"count":0,"href":"https:\/\/www.diarioimagen.net\/index.php?rest_route=\/wp\/v2\/posts\/474250\/revisions"}],"wp:attachment":[{"href":"https:\/\/www.diarioimagen.net\/index.php?rest_route=%2Fwp%2Fv2%2Fmedia&parent=474250"}],"wp:term":[{"taxonomy":"category","embeddable":true,"href":"https:\/\/www.diarioimagen.net\/index.php?rest_route=%2Fwp%2Fv2%2Fcategories&post=474250"},{"taxonomy":"post_tag","embeddable":true,"href":"https:\/\/www.diarioimagen.net\/index.php?rest_route=%2Fwp%2Fv2%2Ftags&post=474250"}],"curies":[{"name":"wp","href":"https:\/\/api.w.org\/{rel}","templated":true}]}}