{"id":474258,"date":"2020-07-16T00:12:44","date_gmt":"2020-07-16T05:12:44","guid":{"rendered":"https:\/\/www.diarioimagen.net\/?p=474258"},"modified":"2020-07-16T07:53:12","modified_gmt":"2020-07-16T12:53:12","slug":"monreal-a-batres-en-directo-no-no-habra-reeleccion-en-presidencia-del-senado","status":"publish","type":"post","link":"https:\/\/www.diarioimagen.net\/?p=474258","title":{"rendered":"Monreal a Batres, en directo: no, no\u00a0habr\u00e1 reelecci\u00f3n en presidencia del Senado"},"content":{"rendered":"<h2>Tras la puerta del poder<\/h2>\n<h5>Roberto Vizca\u00edno<\/h5>\n<p>&nbsp;<\/p>\n<div id=\"attachment_474289\" style=\"width: 470px\" class=\"wp-caption aligncenter\"><a href=\"https:\/\/www.diarioimagen.net\/?attachment_id=474289\" rel=\"attachment wp-att-474289\"><img loading=\"lazy\" decoding=\"async\" aria-describedby=\"caption-attachment-474289\" class=\"size-large wp-image-474289\" src=\"https:\/\/www.diarioimagen.net\/wp-content\/uploads\/2020\/07\/MARAL-2-460x250.jpg\" alt=\"\" width=\"460\" height=\"250\" srcset=\"https:\/\/www.diarioimagen.net\/wp-content\/uploads\/2020\/07\/MARAL-2-460x250.jpg 460w, https:\/\/www.diarioimagen.net\/wp-content\/uploads\/2020\/07\/MARAL-2-240x130.jpg 240w, https:\/\/www.diarioimagen.net\/wp-content\/uploads\/2020\/07\/MARAL-2.jpg 700w\" sizes=\"auto, (max-width: 460px) 100vw, 460px\" \/><\/a><p id=\"caption-attachment-474289\" class=\"wp-caption-text\">Del cocol&#8230; | Maral<\/p><\/div>\n<p>&nbsp;<\/p>\n<p>Entre ellos no hay espacio para la bondad ni la misericordia. Por eso ayer <strong>Ricardo Monreal<\/strong> adelant\u00f3 que la pr\u00f3xima presidencia del Senado recaer\u00e1 en uno de la bancada de Morena, pero no ser\u00e1 una reelecci\u00f3n.<\/p>\n<p>Es decir, no ser\u00e1 <strong>Mart\u00ed Batres<\/strong>. Punto.<\/p>\n<p>Todo, dijo, se resolver\u00e1 en una votaci\u00f3n abierta y por mayor\u00eda entre los 60 senadores de Morena.<\/p>\n<p>\u201cNo es un asunto de voluntad pol\u00edtica, ni de descalificaci\u00f3n, es de leyes\u2026 la Constituci\u00f3n y la ley (interna del Congreso) se\u00f1alan que para aspirar a la presidencia del Senado o de la Junta de Coordinaci\u00f3n Pol\u00edtica, se requiere cuando menos pertenecer a un grupo que tenga el 25 por ciento de los esca\u00f1os\u2026<\/p>\n<p>\u201cEs el prerrequisito\u2026 no es un asunto pol\u00edtico\u2026 \u00a0Morena cumplir\u00e1\u2026 es obvio que Morena acatar\u00e1 y a observarla estrictamente la norma. No quiero descalificar a nadie; hay muchos candidatos de Morena\u2026 es la ley org\u00e1nica y la Constituci\u00f3n las que definir\u00e1n el mandato\u201d, subray\u00f3.<\/p>\n<p>Por eso mismo, el pr\u00f3ximo presidente del Senado para el tercer a\u00f1o de la 64 Legislatura ser\u00e1 un senador de Morena, ya que ninguno de los otros grupos llega al 25 por ciento de legisladores requerido.<\/p>\n<p>\u201c\u2026 el problema est\u00e1 en Morena, habr\u00e1 cuatro, cinco o seis aspirantes\u2026 lo definiremos democr\u00e1ticamente: en una asamblea, ante notario p\u00fablico y con voto libre de los senadores y senadoras, por mayor\u00eda\u201d.<\/p>\n<p>Yo podr\u00eda adelantar aqu\u00ed que un puntero en esta nueva contienda interna podr\u00eda ser el senador <strong>Crist\u00f3bal Arias<\/strong>, un pol\u00edtico proveniente del cardenismo y muy cercano al presidente <strong>Andr\u00e9s Manuel L\u00f3pez Obrador<\/strong>, que estaba apuntado para ser el presidente del Senado en el primer a\u00f1o, pero que por presiones y malas ma\u00f1as de <strong>Yeidckol Polevnsky<\/strong> y <strong>Mart\u00ed Batres<\/strong>, fue relegado<strong>.<\/strong><\/p>\n<p><strong>Arias <\/strong>es hoy el precandidato m\u00e1s viable a la gubernatura de Michoac\u00e1n y su paso por la presidencia del Senado le dar\u00eda oportunidad de consolidar esta aspiraci\u00f3n y eso lo saben desde AMLO hasta el \u00faltimo del grupo de Morena en el Senado y por supuesto,<strong> Ricardo Monreal.<\/strong><\/p>\n<p>Por eso cuando el l\u00edder de la mayor\u00eda de Morena en la c\u00e1mara alta afirma que \u201cno habr\u00e1 reelecci\u00f3n\u201d, le deja todo el camino libre a <strong>Arias<\/strong><strong>.<\/strong><\/p>\n<p>Ya la tabasque\u00f1a <strong>M\u00f3nica Fern\u00e1ndez<\/strong>, quien lleg\u00f3 igual hace un a\u00f1o en una pelea cuerpo a cuerpo contra <strong>Batres<\/strong>, ha dicho que ella no quiere reelegirse a pesar de que ha hecho un muy buen papel en ese cargo.<\/p>\n<p>Monreal dijo ayer de ella: \u201caplaudo su desempe\u00f1o, la felicito, es una revelaci\u00f3n para m\u00ed en su capacidad jur\u00eddica y en su talento en el manejo de la Mesa Directiva\u2026\u201d<\/p>\n<p>Lo otro que dej\u00f3 en claro el zacatecano, es que la presidencia del Senado se alternar\u00e1 en cuesti\u00f3n de g\u00e9nero, por lo cual, a una mujer, seguir\u00e1 un senador.<\/p>\n<p>Monreal qued\u00f3 de acordarlo adem\u00e1s con los coordinadores de los otros grupos parlamentarios.<\/p>\n<p>\u201cLa elecci\u00f3n es por mayor\u00eda, aunque tenemos mayor\u00eda con los aliados, a m\u00ed me gustar\u00eda que fuera de un gran consenso, como ha sido en los dos a\u00f1os pasados la Mesa Directiva\u201d.<\/p>\n<p>Y en busca de evitar el muy previsible embate de <strong>Batres<\/strong> y su grupo, aclar\u00f3 que \u201cyo soy un voto de los 60<strong>,<\/strong> y el d\u00eda que nos convoquemos lo voy a ejercer\u201d.<\/p>\n<p>O sea que \u00e9l no decidir\u00e1 qui\u00e9n ser\u00e1. Mmmm.<\/p>\n<p>\u201cA todos los respeto, y tienen el derecho de buscar ser candidatos y, en su caso, presidentes o presidentas de la Mesa Directiva, as\u00ed es que de m\u00ed habr\u00e1 s\u00f3lo respeto para todos\u201d, dijo.<\/p>\n<p style=\"text-align: center;\"><strong>Lozoya podr\u00eda provocar un estruendo pol\u00edtico<\/strong><\/p>\n<p>En conferencia a distancia, por redes sociales con los reporteros que cubren la informaci\u00f3n del Senado, <strong>Monreal<\/strong> consider\u00f3 que con la detenci\u00f3n y extradici\u00f3n de <strong>Emilio Lozoya<\/strong> y de <strong>C\u00e9sar Duarte<\/strong>, el M\u00e9xico pol\u00edtico vive un momento in\u00e9dito.<\/p>\n<p>Indic\u00f3 que por sobre las olas de especulaci\u00f3n, duda, suspicacia, desconcierto que corren por todos los centros del poder en este momento en M\u00e9xico, las revelaciones de uno y otro podr\u00edan significar un gran paso en contra de la impunidad y la corrupci\u00f3n en el pa\u00eds.<\/p>\n<p>Como uno de los pol\u00edticos con mayor experiencia, pide sin embargo esperar, y ver qu\u00e9 sucede realmente con estas detenciones.<\/p>\n<p>\u201cLa incriminaci\u00f3n o el se\u00f1alamiento de presuntos responsables o delincuentes dar\u00e1 pie a una gran investigaci\u00f3n de la Fiscal\u00eda General de la Rep\u00fablica\u201d, precis\u00f3.<\/p>\n<p>Es decir, no todo ser\u00eda medi\u00e1tico.<\/p>\n<p>Por lo pronto, dijo, existen muchas posibilidades de que se aclare finalmente asuntos como la compra de votos dentro del Senado y C\u00e1mara de Diputados en la aprobaci\u00f3n de las reformas energ\u00e9tica, de comunicaciones y otras en el sexenio de <strong>Enrique Pe\u00f1a Nieto<\/strong>.<\/p>\n<p><strong>\u201c\u2026 <\/strong>creo que va a haber un temblor pol\u00edtico<strong>\u2026 <\/strong>\u00a0miren, no s\u00f3lo es el soborno de los legisladores que votaron en favor de la Reforma Energ\u00e9tica, sino de las reformas estructurales: Telecomunicaciones, Fiscal, Educativa, de Amparo, todas las nueve, 10 reformas estructurales, no s\u00f3lo esas.<\/p>\n<p>\u201cAdem\u00e1s est\u00e1 el robo durante d\u00e9cadas en ultramar de Pemex, donde embarcaciones eran vendidas ilegalmente y exprimidas u orde\u00f1adas en altamar, de eso tiene 40 a\u00f1os haci\u00e9ndose, y luego el tema de la empresa de Fertilizantes y luego los sobornos de Odebrecht\u201d, enumer\u00f3.<\/p>\n<p>Record\u00f3 que los temas de <strong>Lozoya<\/strong> y <strong>C\u00e9sar Duarte<\/strong> no pueden desligarse de los del abogado <strong>Juan Collado<\/strong> tambi\u00e9n en proceso judicial; el <strong>Rosario Robles<\/strong>, entonces poderosas secretaria de Estado; el del ex secretario de Seguridad <strong>Genaro Garc\u00eda Luna<\/strong> o el del empresario <strong>Alonso Ancira,<\/strong> propietario de Altos Hornos.<\/p>\n<p>\u201cHay seis asuntos emblem\u00e1ticos, muy fuertes, que en otros periodos sexenales ser\u00eda impensable que sucedieran\u2026 no me pronuncio por su culpabilidad, todos tienen derecho a un debido proceso; simplemente que no est\u00e1n excluidos de la investigaci\u00f3n.<\/p>\n<p>\u201cEn otro tiempo era pr\u00e1cticamente imposible que se diera esto<strong>,<\/strong> seis cuando menos, que son apenas la punta del iceberg; pero en otro tiempo nunca hubiese pasado. Y, ahora lo de ellos, lo que est\u00e1 por ocurrir hay que estar esper\u00e1ndolo\u201d, afirm\u00f3.<\/p>\n<p>Pero al centrarse en el caso Lozoya, indic\u00f3 que por su importancia y posible connotaci\u00f3n, \u00e9l podr\u00eda ser algo aparte de los dem\u00e1s.<\/p>\n<p>\u201cSi \u00e9l habla lo que sabe, va a haber un estruendo, una sacudida<strong>,<\/strong> para bien del pa\u00eds, para bien del pa\u00eds. Nunca hab\u00eda ocurrido eso, ojal\u00e1 y est\u00e9 decidido a hacerlo, para abrir la caja de pandora\u201d.<\/p>\n<p>\u00bfQui\u00e9nes deber\u00edan preocuparse por eso?, se pregunt\u00f3 para responder:<\/p>\n<p>\u201cPues, como dijo el <strong>fil\u00f3sofo de G\u00fcemes<\/strong>, \u00bfqui\u00e9nes deben de preocuparse?&#8230; los que tienen que preocuparse, los que recibieron recursos p\u00fablicos, prebendas, no s\u00e9.<\/p>\n<p>\u201cYo no, no me gusta hacerle al <em>pitoniso<\/em> ni tampoco adelantar v\u00edsperas, ni hacer acusaciones facilonas\u2026No lo s\u00e9, vamos a ver qu\u00e9 sucede en la investigaci\u00f3n\u201d<\/p>\n<p>Y, acept\u00f3, cierto que ya se manejan nombres de ex legisladores panistas y priistas, que presuntamente ser\u00edan balconeados por Lozoya respeto a la aprobaci\u00f3n de las reformas estructurales.<\/p>\n<p>\u201cNo lo s\u00e9, vamos a esperar, pero s\u00ed es un tema, ya ven hoy el mayor inter\u00e9s de los medios est\u00e1 en Lozoya\u201d, concluy\u00f3.<\/p>\n<p style=\"text-align: center;\"><strong>Ingreso b\u00e1sico universal, a la congeladora<\/strong><\/p>\n<p>En cuanto a la intenci\u00f3n de no pocos de promover una iniciativa para establecer el Ingreso B\u00e1sico Universal,<strong> Monreal <\/strong>indic\u00f3 que por el momento se va al congelador legislativo.<\/p>\n<p>Consider\u00f3 que antes de entrarle al tema en el Senado, se requerir\u00eda de un debate de expertos y de una consulta con las secretar\u00edas de Hacienda y Econom\u00eda para definir de d\u00f3nde saldr\u00edan los recursos para dar ese apoyo.<\/p>\n<p>Por el momento, afirm\u00f3, es un tema \u201cmuy precipitado\u201d.<\/p>\n<p><em><a href=\"mailto:rvizcainoa@gmail.com\" target=\"_blank\" rel=\"noopener noreferrer\">rvizcainoa@gmail.com<\/a><br \/>\n<u><a href=\"http:\/\/endirecto.mx\" target=\"_blank\" rel=\"noopener noreferrer\">www.endirecto.mx<\/a><br \/>\n<a href=\"https:\/\/twitter.com\/_rvizcaino\" target=\"_blank\" rel=\"noopener noreferrer\">@_RVizcaino<\/a><br \/>\n<a href=\"https:\/\/www.facebook.com\/rvizcainoa\" target=\"_blank\" rel=\"noopener noreferrer\">facebook.com\/rvizcainoa<\/a><\/u><\/em><\/p>\n","protected":false},"excerpt":{"rendered":"<p><span style=\"color: #005497;\"><strong>Roberto Vizca\u00edno<\/strong><\/span><br \/>\n<br \/>\nEntre ellos no hay espacio para la bondad ni la misericordia. Por eso ayer <strong>Ricardo Monreal<\/strong> adelant\u00f3 que la pr\u00f3xima presidencia del Senado recaer\u00e1 en uno de la bancada de Morena, pero no ser\u00e1 una reelecci\u00f3n.<\/p>\n","protected":false},"author":3,"featured_media":474289,"comment_status":"open","ping_status":"open","sticky":false,"template":"","format":"standard","meta":{"_monsterinsights_skip_tracking":false,"_monsterinsights_sitenote_active":false,"_monsterinsights_sitenote_note":"","_monsterinsights_sitenote_category":0,"footnotes":""},"categories":[136],"tags":[43674,93,94],"class_list":["post-474258","post","type-post","status-publish","format-standard","has-post-thumbnail","hentry","category-roberto-vizcaino-opinion","tag-opinion","tag-roberto-vizcaino","tag-tras-la-puerta-del-poder"],"_links":{"self":[{"href":"https:\/\/www.diarioimagen.net\/index.php?rest_route=\/wp\/v2\/posts\/474258","targetHints":{"allow":["GET"]}}],"collection":[{"href":"https:\/\/www.diarioimagen.net\/index.php?rest_route=\/wp\/v2\/posts"}],"about":[{"href":"https:\/\/www.diarioimagen.net\/index.php?rest_route=\/wp\/v2\/types\/post"}],"author":[{"embeddable":true,"href":"https:\/\/www.diarioimagen.net\/index.php?rest_route=\/wp\/v2\/users\/3"}],"replies":[{"embeddable":true,"href":"https:\/\/www.diarioimagen.net\/index.php?rest_route=%2Fwp%2Fv2%2Fcomments&post=474258"}],"version-history":[{"count":0,"href":"https:\/\/www.diarioimagen.net\/index.php?rest_route=\/wp\/v2\/posts\/474258\/revisions"}],"wp:featuredmedia":[{"embeddable":true,"href":"https:\/\/www.diarioimagen.net\/index.php?rest_route=\/wp\/v2\/media\/474289"}],"wp:attachment":[{"href":"https:\/\/www.diarioimagen.net\/index.php?rest_route=%2Fwp%2Fv2%2Fmedia&parent=474258"}],"wp:term":[{"taxonomy":"category","embeddable":true,"href":"https:\/\/www.diarioimagen.net\/index.php?rest_route=%2Fwp%2Fv2%2Fcategories&post=474258"},{"taxonomy":"post_tag","embeddable":true,"href":"https:\/\/www.diarioimagen.net\/index.php?rest_route=%2Fwp%2Fv2%2Ftags&post=474258"}],"curies":[{"name":"wp","href":"https:\/\/api.w.org\/{rel}","templated":true}]}}