{"id":474309,"date":"2020-07-17T00:04:31","date_gmt":"2020-07-17T05:04:31","guid":{"rendered":"https:\/\/www.diarioimagen.net\/?p=474309"},"modified":"2020-07-17T02:02:22","modified_gmt":"2020-07-17T07:02:22","slug":"lanzan-en-tultepec-plan-piloto-nocturno-para-la-recoleccion-de-residuos-solidos","status":"publish","type":"post","link":"https:\/\/www.diarioimagen.net\/?p=474309","title":{"rendered":"Lanzan en Tultepec plan piloto nocturno  para la recolecci\u00f3n de residuos s\u00f3lidos"},"content":{"rendered":"<ul>\n<li><em><b>En la zona centro del municipio<\/b><\/em><\/li>\n<\/ul>\n<p>&nbsp;<\/p>\n<div id=\"attachment_474310\" style=\"width: 470px\" class=\"wp-caption aligncenter\"><a href=\"https:\/\/www.diarioimagen.net\/wp-content\/uploads\/2020\/07\/CAMACHO17-a-por.jpg\"><img loading=\"lazy\" decoding=\"async\" aria-describedby=\"caption-attachment-474310\" class=\"size-large wp-image-474310\" src=\"https:\/\/www.diarioimagen.net\/wp-content\/uploads\/2020\/07\/CAMACHO17-a-por-460x268.jpg\" alt=\"\" width=\"460\" height=\"268\" srcset=\"https:\/\/www.diarioimagen.net\/wp-content\/uploads\/2020\/07\/CAMACHO17-a-por-460x268.jpg 460w, https:\/\/www.diarioimagen.net\/wp-content\/uploads\/2020\/07\/CAMACHO17-a-por-240x140.jpg 240w, https:\/\/www.diarioimagen.net\/wp-content\/uploads\/2020\/07\/CAMACHO17-a-por.jpg 480w\" sizes=\"auto, (max-width: 460px) 100vw, 460px\" \/><\/a><p id=\"caption-attachment-474310\" class=\"wp-caption-text\">El gobierno de Tultepec iniciar\u00e1 un programa piloto nocturno de recolecci\u00f3n de residuos s\u00f3lidos en la zona centro del municipio.<\/p><\/div>\n<p>&nbsp;<\/p>\n<p><strong>Tultepec, Estado de M\u00e9xico<\/strong>.- Para preservar una imagen urbana y una plaza municipal digna en todo momento, el gobierno local iniciar\u00e1 un programa piloto nocturno de recolecci\u00f3n de residuos s\u00f3lidos en la zona centro del municipio, a fin de evitar que la basura depositada en los contenedores por los comerciantes de los alrededores sea esparcida por perros callejeros.<\/p>\n<p>Trabajadores de la Direcci\u00f3n de Servicios P\u00fablicos han denunciado que constantemente en los cuatro puntos cardinales de la Explanada Municipal, han encontrado bolsas de basura rotas, al parecer por perros callejeros en busca de comida, esparciendo su contenido y generando muy mala imagen del lugar.<\/p>\n<p>Ante estos hechos, el gobierno municipal ubicar\u00e1 una unidad de recolecci\u00f3n de residuos s\u00f3lidos en la plaza principal, a efecto de que los comerciantes de la zona depositen directamente en \u00e9ste su basura al t\u00e9rmino de su vendimia, evitando as\u00ed este problema, que, de no atenderse podr\u00eda derivar en la generaci\u00f3n de fauna nociva en el lugar y este a su vez un probable foco de infecci\u00f3n y de salud p\u00fablica.<\/p>\n<p>Con esta medida se pretende adem\u00e1s, facilitar el servicio en favor de aquellas personas que, por motivos de trabajo no est\u00e1n en sus casas durante el d\u00eda cuando pasa el cami\u00f3n de la basura y puedan sacar sus residuos s\u00f3lidos por la noche, entreg\u00e1ndolos directamente en esta unidad.<\/p>\n<p>El alcalde Marco Antonio Cruz Cruz, precis\u00f3 que con esta disposici\u00f3n ya no habr\u00e1 pretexto para aquellas personas que irresponsablemente abandonan bolsas de basura en las calles por las noches, generando la problem\u00e1tica antes descrita en detrimento de la imagen urbana y la salud p\u00fablica.<\/p>\n<p>Explic\u00f3 adem\u00e1s que, ante la presente temporada de lluvias, este programa piloto tambi\u00e9n ayudar\u00e1 a evitar encharcamientos y posibles inundaciones por saturaci\u00f3n de basura en alcantarillas y coladeras, m\u00e1xime a\u00fan por la gran cantidad de agua que baja desde la parte alta del municipio y la cantidad de residuos s\u00f3lidos que arrastra.<\/p>\n<p>Finalmente, el Ejecutivo municipal asegur\u00f3 que de acuerdo a los resultados que se obtengan de este programa piloto, la medida podr\u00eda replicarse en otras zonas del territorio municipal, con el objetivo de preservar siempre un Tultepec m\u00e1s limpio.<\/p>\n","protected":false},"excerpt":{"rendered":"<p>Para preservar una imagen urbana y una plaza municipal digna en todo momento, el gobierno local iniciar\u00e1 un programa piloto nocturno de recolecci\u00f3n de residuos s\u00f3lidos en la zona centro del municipio, a fin de evitar que la basura depositada en los contenedores por los comerciantes de los alrededores sea esparcida por perros callejeros.<\/p>\n","protected":false},"author":1,"featured_media":474310,"comment_status":"open","ping_status":"open","sticky":false,"template":"","format":"standard","meta":{"_monsterinsights_skip_tracking":false,"_monsterinsights_sitenote_active":false,"_monsterinsights_sitenote_note":"","_monsterinsights_sitenote_category":0,"footnotes":""},"categories":[5],"tags":[43675,91308,3802],"class_list":["post-474309","post","type-post","status-publish","format-standard","has-post-thumbnail","hentry","category-estado-de-mexico","tag-estado-de-mexico","tag-recoleccion-de-residuos-solidos","tag-tultepec"],"_links":{"self":[{"href":"https:\/\/www.diarioimagen.net\/index.php?rest_route=\/wp\/v2\/posts\/474309","targetHints":{"allow":["GET"]}}],"collection":[{"href":"https:\/\/www.diarioimagen.net\/index.php?rest_route=\/wp\/v2\/posts"}],"about":[{"href":"https:\/\/www.diarioimagen.net\/index.php?rest_route=\/wp\/v2\/types\/post"}],"author":[{"embeddable":true,"href":"https:\/\/www.diarioimagen.net\/index.php?rest_route=\/wp\/v2\/users\/1"}],"replies":[{"embeddable":true,"href":"https:\/\/www.diarioimagen.net\/index.php?rest_route=%2Fwp%2Fv2%2Fcomments&post=474309"}],"version-history":[{"count":0,"href":"https:\/\/www.diarioimagen.net\/index.php?rest_route=\/wp\/v2\/posts\/474309\/revisions"}],"wp:featuredmedia":[{"embeddable":true,"href":"https:\/\/www.diarioimagen.net\/index.php?rest_route=\/wp\/v2\/media\/474310"}],"wp:attachment":[{"href":"https:\/\/www.diarioimagen.net\/index.php?rest_route=%2Fwp%2Fv2%2Fmedia&parent=474309"}],"wp:term":[{"taxonomy":"category","embeddable":true,"href":"https:\/\/www.diarioimagen.net\/index.php?rest_route=%2Fwp%2Fv2%2Fcategories&post=474309"},{"taxonomy":"post_tag","embeddable":true,"href":"https:\/\/www.diarioimagen.net\/index.php?rest_route=%2Fwp%2Fv2%2Ftags&post=474309"}],"curies":[{"name":"wp","href":"https:\/\/api.w.org\/{rel}","templated":true}]}}