{"id":474361,"date":"2020-07-17T00:02:02","date_gmt":"2020-07-17T05:02:02","guid":{"rendered":"https:\/\/www.diarioimagen.net\/?p=474361"},"modified":"2020-07-17T03:05:16","modified_gmt":"2020-07-17T08:05:16","slug":"ackerman-se-enoja-al-mas-puro-estilo-de-la-4t","status":"publish","type":"post","link":"https:\/\/www.diarioimagen.net\/?p=474361","title":{"rendered":"Ackerman se enoja al m\u00e1s puro estilo de la 4T"},"content":{"rendered":"<h2>La Retaguardia<\/h2>\n<h5>Adriana Moreno Cordero<\/h5>\n<p><em>\u00a0<\/em><\/p>\n<ul>\n<li><strong><em>Lecci\u00f3n le da C\u00f3rdova a \u201cdoctor House\u201d<\/em><\/strong><\/li>\n<\/ul>\n<p><em>\u00a0<\/em><\/p>\n<p>Mientras el ex director de Pemex, <strong>Emilio Lozoya Austin<\/strong>, volaba -todo el tiempo esposado-de Espa\u00f1a a la Ciudad de M\u00e9xico, a donde lleg\u00f3 la medianoche de ayer para ser sometido a un examen m\u00e9dico y la espera de quienes pudieran verse involucrados en este caso se tornaba m\u00e1s dram\u00e1tica y no faltaron los que pusieron distancia de por medio ante las secuelas de este expediente, como por ejemplo, la senadora pri\u00edsta <strong>Vanessa Rubio<\/strong>, la nota sin duda, la dio ni m\u00e1s ni menos que <strong>John Ackerman<\/strong>, quien pudo comprobar que el esc\u00e1ndalo que protagoniz\u00f3 junto con su esposa, la siempre encantadora <strong>Irma Er\u00e9ndira Sandoval<\/strong>, por el inexplicable patrimonio que posee esa bonita familia, s\u00ed le afect\u00f3, as\u00ed como tambi\u00e9n el carecer de c\u00e9dula profesional como doctor, situaci\u00f3n que hasta el momento no ha podido explicar.<\/p>\n<p>El mal llamado doctor Ackerman, en la definici\u00f3n de los finalistas para contender por cuatro asientos en el Consejo General del Instituto Nacional Electoral (INE), que deber\u00e1n ser ocupados por dos hombres y dos mujeres, actu\u00f3 al m\u00e1s puro estilo de la Cuarta Transformaci\u00f3n, que se gu\u00eda bajo el lema: \u201csi no gano yo, es fraude\u201d.<\/p>\n<p>Un muy buen berrinche hizo el marido de la secretaria de la Funci\u00f3n P\u00fablica porque entre los finalistas no quedaron quienes quer\u00eda \u00e9l y entonces se dedic\u00f3 a descalificar el proceso de selecci\u00f3n de las respectivas quintetas, alegando que se hab\u00eda tratado de un debate sesgado y elitista, dejando fuera a candidatos \u201ccon una amplia trayectoria en la lucha por la democracia\u201d, \u00bfcomo los suyos?.<\/p>\n<p>\u201cEl Comit\u00e9 T\u00e9cnico impuso una visi\u00f3n particular respecto a perfiles id\u00f3neos\u00bb, replic\u00f3 a quien tambi\u00e9n se conoce como \u201cel doctor House\u201d porque claro est\u00e1 que dichos perfiles id\u00f3neos no son los que \u00e9l propuso. Por ah\u00ed se sabe incluso, que quer\u00eda meter a alg\u00fan integrante de su querid\u00edsima familia pol\u00edtica. Nepotismo de cuarta, aunque se haya tratado de la novia de su cu\u00f1ado, <strong>Diana Talavera<\/strong> \u00bfo no? Nada m\u00e1s le falt\u00f3 arengar: \u201c\u00a1Diana, aguanta, el pueblo se levanta!\u201d<\/p>\n<p>Lo que mejor deber\u00eda de hacer Ackerman, es guardar silencio y poner m\u00e1s atenci\u00f3n a lo que dijo el consejero-presidente del INE, (\u00e9l s\u00ed, doctor) <strong>Lorenzo C\u00f3rdova Vianello<\/strong>, quien se\u00f1al\u00f3 que de esta designaci\u00f3n de los cuatro nuevos integrantes del Consejo General del Instituto, \u201cdepender\u00e1 en gran medida la gobernabilidad del pa\u00eds\u201d.<\/p>\n<p>Asimismo, record\u00f3 el doctor C\u00f3rdova que, conforme al mandato constitucional, la C\u00e1mara de Diputados tiene la facultad exclusiva de designar a las y los integrantes del Consejo General con el voto de una mayor\u00eda calificada de las y los diputados, pero m\u00e1s all\u00e1 de que se alcancen los n\u00fameros que la legislaci\u00f3n prev\u00e9 para su nombramiento, esta determinaci\u00f3n debe tomarse con el mayor consenso y de ser posible por unanimidad.<\/p>\n<p>&nbsp;<\/p>\n<p>Una clase le dio C\u00f3rdova al furibundo \u201cdoctor House\u201d, al recordar que \u201cLa experiencia ense\u00f1a que, si los nombramientos no est\u00e1n respaldados por un amplio consenso de las diversas fuerzas pol\u00edticas, se generan las bases para que quienes fueron marginados en esa decisi\u00f3n eventualmente impugnen y descalifiquen las futuras elecciones\u201d y eso fue exactamente lo que hizo Ackerman.<\/p>\n<p style=\"text-align: center;\"><strong>Municiones<\/strong><\/p>\n<p>*** Los problemas de seguridad p\u00fablica no tienen una soluci\u00f3n militar, pero s\u00f3lo con la disciplina y sentido del deber de soldados y marinos que hoy est\u00e1n integrados a la Guardia Nacional se podr\u00e1 combatir la inseguridad en el pa\u00eds, sentenci\u00f3 <strong>Alfonso Durazo<\/strong> en el cuartel de la GN en Zapopan, Jalisco, donde tambi\u00e9n dijo que\u00a0 las inercias y diferencias institucionales no ser\u00e1n obst\u00e1culo para consolidar la identidad del nuevo organismo policial. El encargado de la seguridad p\u00fablica nacional\u00a0resalt\u00f3 que no se puede combatir la criminalidad cuando los c\u00f3mplices est\u00e1n uniformados, por ello resalt\u00f3 los esfuerzos por depurar las instituciones policiales y evitar su contaminaci\u00f3n con una frontal lucha contra la corrupci\u00f3n. Adem\u00e1s pidi\u00f3 evitar la politizaci\u00f3n del tema y entender que aun con diferencias en otros \u00e1mbitos, el de la seguridad debe estar en el terreno de la neutralidad pol\u00edtica.<\/p>\n<p>*** Ayer cumpli\u00f3 73 a\u00f1os de edad, la secretaria de Gobernaci\u00f3n: <strong>Olga S\u00e1nchez Cordero<\/strong>, quien sopl\u00f3 igual n\u00famero de velitas y casi quema el pastel y ni las pudo apagar todas de un jal\u00f3n. Por cierto, sobre todo en esta \u00e9poca de pandemia, la titular de la Segob ha hecho un papel bastante cuestionable como responsable de la pol\u00edtica interna del pa\u00eds, entre sus gotitas de nanoc\u00edtricos que, -seg\u00fan ella-, la han blindado contra el Covid-19 y ni cubrebocas necesita, -ahora le tendr\u00e1 que enviar una dosis de ese remedio m\u00e1gico al gobernador de Quintana Roo, <strong>Carlos Joaqu\u00edn Gonz\u00e1lez<\/strong>, quien inform\u00f3 que dio positivo-, y los abrazos espirituales y sermones de p\u00falpito que brinda en contingencia sanitaria. Apenas a dos a\u00f1os de la administraci\u00f3n de la llamada Cuarta Transformaci\u00f3n, pr\u00e1cticamente ya no hay quien le haga caso a la titular de la Segob. Por educaci\u00f3n y caballerosidad, los gobernadores la escuchan y nada m\u00e1s porque la ministra en retiro se \u201chace bolas\u201d en el tema del sem\u00e1foro epidemiol\u00f3gico. De cualquier manera, hay que destacar que siendo la primera secretaria de Gobernaci\u00f3n mujer, forma parte al mismo tiempo de los tres Poderes de la Uni\u00f3n, pues es secretaria del gabinete l\u00f3pezobradorista; ministra de la SCJN en retiro y senadora de la Rep\u00fablica con licencia.<\/p>\n<p>*** No, definitivamente no puede ser una casualidad que quien fuera subsecretaria de Hacienda en la administraci\u00f3n pasada, Vanesa Rubio, haya pedido licencia a su esca\u00f1o en la c\u00e1mara alta para irse a Inglaterra y dedicarse a la academia. Eso es tan s\u00f3lo el comienzo de una andanada ante las inminentes revelaciones que har\u00e1 el ex director de Pemex, Emilio Lozoya. Un dato m\u00e1s, la suplente de la senadora Rubio, es <strong>Guadalupe S\u00e1nchez Arredondo<\/strong>, quien ahora es una morenista incondicional del gobernador de Baja California, <strong>Jaime Bonilla<\/strong>, as\u00ed que no puede m\u00e1s que concluirse que la ex subsecretaria de Hacienda ya negoci\u00f3. \u00bfSer\u00e1?<\/p>\n<p>*** Se dice adem\u00e1s en los corrillos pol\u00edticos que este golpe que instrument\u00f3 <strong>Andr\u00e9s Manuel L\u00f3pez Obrador<\/strong>, \u00a0est\u00e1 dirigido a los panistas y, \u00bfser\u00e1 por eso que el coordinador de la bancada de Acci\u00f3n Nacional en la C\u00e1mara de Diputados, <strong>Juan Carlos Romero Hicks<\/strong> rechaz\u00f3\u00a0haber recibido\u00a0sobornos\u00a0en 2013 para avalar la\u00a0reforma energ\u00e9tica?, al tiempo que asegur\u00f3 que no conoce al ex director de\u00a0Pemex.<\/p>\n<p><u><a href=\"mailto:morcora@gmail.com\" target=\"_blank\" rel=\"noopener noreferrer\"><em>morcora@gmail.com<\/em><\/a><\/u><\/p>\n","protected":false},"excerpt":{"rendered":"<p><span style=\"color: #005497;\"><strong>Adriana Moreno Cordero<\/strong><\/span><\/p>\n","protected":false},"author":3,"featured_media":0,"comment_status":"open","ping_status":"open","sticky":false,"template":"","format":"standard","meta":{"_monsterinsights_skip_tracking":false,"_monsterinsights_sitenote_active":false,"_monsterinsights_sitenote_note":"","_monsterinsights_sitenote_category":0,"footnotes":""},"categories":[69370],"tags":[69369,69368,43674],"class_list":["post-474361","post","type-post","status-publish","format-standard","hentry","category-adriana-moreno-cordero","tag-adriana-moreno-cordero","tag-la-retaguardia","tag-opinion"],"_links":{"self":[{"href":"https:\/\/www.diarioimagen.net\/index.php?rest_route=\/wp\/v2\/posts\/474361","targetHints":{"allow":["GET"]}}],"collection":[{"href":"https:\/\/www.diarioimagen.net\/index.php?rest_route=\/wp\/v2\/posts"}],"about":[{"href":"https:\/\/www.diarioimagen.net\/index.php?rest_route=\/wp\/v2\/types\/post"}],"author":[{"embeddable":true,"href":"https:\/\/www.diarioimagen.net\/index.php?rest_route=\/wp\/v2\/users\/3"}],"replies":[{"embeddable":true,"href":"https:\/\/www.diarioimagen.net\/index.php?rest_route=%2Fwp%2Fv2%2Fcomments&post=474361"}],"version-history":[{"count":0,"href":"https:\/\/www.diarioimagen.net\/index.php?rest_route=\/wp\/v2\/posts\/474361\/revisions"}],"wp:attachment":[{"href":"https:\/\/www.diarioimagen.net\/index.php?rest_route=%2Fwp%2Fv2%2Fmedia&parent=474361"}],"wp:term":[{"taxonomy":"category","embeddable":true,"href":"https:\/\/www.diarioimagen.net\/index.php?rest_route=%2Fwp%2Fv2%2Fcategories&post=474361"},{"taxonomy":"post_tag","embeddable":true,"href":"https:\/\/www.diarioimagen.net\/index.php?rest_route=%2Fwp%2Fv2%2Ftags&post=474361"}],"curies":[{"name":"wp","href":"https:\/\/api.w.org\/{rel}","templated":true}]}}