{"id":474372,"date":"2020-07-17T00:04:19","date_gmt":"2020-07-17T05:04:19","guid":{"rendered":"https:\/\/www.diarioimagen.net\/?p=474372"},"modified":"2020-07-17T03:17:50","modified_gmt":"2020-07-17T08:17:50","slug":"agitado-escenario-politico","status":"publish","type":"post","link":"https:\/\/www.diarioimagen.net\/?p=474372","title":{"rendered":"Agitado escenario pol\u00edtico"},"content":{"rendered":"<h2>Punto por punto<\/h2>\n<h5>Augusto Corro<\/h5>\n<p>&nbsp;<\/p>\n<p>Los partidos pol\u00edticos tendr\u00e1n que multiplicar esfuerzos si quieren ganar en las pr\u00f3ximas elecciones intermedias. No ser\u00e1 f\u00e1cil para ninguno. Los candidatos ser\u00e1n morenistas, panistas, priistas, perredistas, etc. El primero ya no tiene la misma fuerza que llev\u00f3 al poder a su candidato presidencial Andr\u00e9s Manuel L\u00f3pez Obrador. Los blanquiazules se encuentran con una organizaci\u00f3n pol\u00edtica a la deriva.\u00a0 Los institutos pol\u00edticos de priistas y perredistas se encuentran en v\u00edas de extinci\u00f3n.<\/p>\n<p>En el partido Movimiento de Regeneraci\u00f3n Nacional (Morena) se agudiz\u00f3 la pugna interna por el poder y el divisionismo avanza. Se repiten los pleitos de los grupos de izquierda que lo importante para ellos es la soluci\u00f3n de sus ambiciones y problemas personales. En la campa\u00f1a presidencial reciente, una de sus banderas principales fue la lucha contra la corrupci\u00f3n. En el presente, los discursos del mandatario L\u00f3pez Obrador llevan su dosis de condena contra los corruptos.<\/p>\n<p>Y resulta que en su propio partido, una de sus\u00a0 principales dirigentes, Yeidckol Polevnsky, secretaria general,\u00a0 fue acusada por el Comit\u00e9 Ejecutivo Nacional de Morena, por el delito de lavado de dinero y da\u00f1o patrimonial que asciende a 809 millones de pesos, durante su gesti\u00f3n como presidenta interina de esa organizaci\u00f3n pol\u00edtica. Pero este no es el \u00fanico problema que tienen los morenistas: resulta que van alrededor de dos a\u00f1os que no pueden elegir a sus dirigentes.<\/p>\n<p>En el presente, el presidente interino, diputado con licencia, Alfonso Ram\u00edrez Cu\u00e9llar, uno de los principales adversarios de Yeidckol Polevnsky posiblemente sea el que se encargue de nombrar, junto con su equipo,\u00a0 a los 500 morenistas que buscar\u00e1n llegar a la C\u00e1mara de Diputados; as\u00ed como a los quince aspirantes a gobernadores y a los miles de aspirantes a cargos de elecci\u00f3n popular en cargos menores.<\/p>\n<p>Planteamos lo anterior, porque la elecci\u00f3n de los nuevos dirigentes de Morena, debido a la pandemia del coronavirus, no se llevar\u00e1 a cabo antes de septiembre, sino que se efectuar\u00eda hasta el pr\u00f3ximo a\u00f1o. En esas condiciones Yeidckol Polevnsky estar\u00e1 fuera de la jugada como se dice coloquialmente. Y claro, la dirigente no se encuentra a gusto con esa decisi\u00f3n y ya manifest\u00f3 su inconformidad; pero no puede remediar su situaci\u00f3n, pues tiene el freno de la acusaci\u00f3n en su contra.<\/p>\n<p>Los partidos pol\u00edticos como son el PAN y el PRD ya empezaron a delinear sus posibilidades para participar en la contienda electoral. Ambas organizaciones pol\u00edticas se encuentran en la lona y ser\u00e1 muy dif\u00edcil que obtengan triunfos si lo hacen cada uno por su parte. Conscientes de la realidad buscan aliarse para hacer un frente com\u00fan para recuperar la mayor\u00eda de legisladores en la C\u00e1mara de Diputados y en las gubernaturas y\u00a0 restar poder al obradorismo.<\/p>\n<p>El Partido Revolucionario Institucional (PRI) se perfila como el candidato menos favorecido para ganar en las elecciones intermedias. La marca de corrupci\u00f3n que porta en su bandera lo tendr\u00e1 en la lona quien sabe por cu\u00e1nto tiempo: quiz\u00e1 podr\u00eda ser para siempre. El partido tricolor est\u00e1 en condiciones de aliarse hasta con sus peores enemigos para mantenerse con vida. Tras d\u00e9cadas de poder, poco falt\u00f3 para que se quedar\u00e1 sin representantes en la C\u00e1mara de Diputados.<\/p>\n<p>En los estados, la organizaci\u00f3n pol\u00edtica tricolor resentir\u00e1 el desprecio del electorado que acept\u00f3 por muchos a\u00f1os el saqueo de las arcas p\u00fablicas por parte de sus gobernantes.\u00a0 Ah\u00ed est\u00e1n los ejemplos de C\u00e9sar y Javier Duarte, mandatarios de Chihuahua y Veracruz, respectivamente, el primero a punto de ser juzgado y el segundo en la c\u00e1rcel, enriquecidos ilegalmente; Roberto Borge, de Quintana Roo, tambi\u00e9n en prisi\u00f3n, etc.<\/p>\n<p>Sin lugar a dudas, la lucha por el poder en la contienda electoral tendr\u00e1 dos elementos muy importantes: la pandemia y el problema econ\u00f3mico. Para la fecha de ir a emitir el voto, el electorado ya tendr\u00e1 evaluadas las acciones del gobierno obradorista que es de origen morenista. Si el pa\u00eds se encuentra en buenas condiciones, no digo \u00f3ptimas, los guidas se llevar\u00e1n una buena votaci\u00f3n, pero si son resultados malos o p\u00e9simos los que ofrezca, ya se imaginar\u00e1 usted, amable lector, lo que le deparar\u00e1 el destino a Morena.<\/p>\n<p><span class=\"Apple-converted-space\"><em><u><a href=\"mailto:aco2742@hotmail.com\" target=\"_blank\" rel=\"noopener noreferrer\">aco2742@hotmail.com<\/a><\/u><\/em><\/span><\/p>\n","protected":false},"excerpt":{"rendered":"<p><span style=\"color: #005497;\"><strong>Augusto Corro<\/strong><\/span><\/p>\n","protected":false},"author":3,"featured_media":0,"comment_status":"open","ping_status":"open","sticky":false,"template":"","format":"standard","meta":{"_monsterinsights_skip_tracking":false,"_monsterinsights_sitenote_active":false,"_monsterinsights_sitenote_note":"","_monsterinsights_sitenote_category":0,"footnotes":""},"categories":[157],"tags":[43686,43674,11515],"class_list":["post-474372","post","type-post","status-publish","format-standard","hentry","category-augusto-corro","tag-augusto-corro","tag-opinion","tag-punto-por-punto"],"_links":{"self":[{"href":"https:\/\/www.diarioimagen.net\/index.php?rest_route=\/wp\/v2\/posts\/474372","targetHints":{"allow":["GET"]}}],"collection":[{"href":"https:\/\/www.diarioimagen.net\/index.php?rest_route=\/wp\/v2\/posts"}],"about":[{"href":"https:\/\/www.diarioimagen.net\/index.php?rest_route=\/wp\/v2\/types\/post"}],"author":[{"embeddable":true,"href":"https:\/\/www.diarioimagen.net\/index.php?rest_route=\/wp\/v2\/users\/3"}],"replies":[{"embeddable":true,"href":"https:\/\/www.diarioimagen.net\/index.php?rest_route=%2Fwp%2Fv2%2Fcomments&post=474372"}],"version-history":[{"count":0,"href":"https:\/\/www.diarioimagen.net\/index.php?rest_route=\/wp\/v2\/posts\/474372\/revisions"}],"wp:attachment":[{"href":"https:\/\/www.diarioimagen.net\/index.php?rest_route=%2Fwp%2Fv2%2Fmedia&parent=474372"}],"wp:term":[{"taxonomy":"category","embeddable":true,"href":"https:\/\/www.diarioimagen.net\/index.php?rest_route=%2Fwp%2Fv2%2Fcategories&post=474372"},{"taxonomy":"post_tag","embeddable":true,"href":"https:\/\/www.diarioimagen.net\/index.php?rest_route=%2Fwp%2Fv2%2Ftags&post=474372"}],"curies":[{"name":"wp","href":"https:\/\/api.w.org\/{rel}","templated":true}]}}