{"id":474374,"date":"2020-07-17T00:03:55","date_gmt":"2020-07-17T05:03:55","guid":{"rendered":"https:\/\/www.diarioimagen.net\/?p=474374"},"modified":"2020-07-17T03:19:35","modified_gmt":"2020-07-17T08:19:35","slug":"ine-previsor","status":"publish","type":"post","link":"https:\/\/www.diarioimagen.net\/?p=474374","title":{"rendered":"INE, previsor"},"content":{"rendered":"<h2>Espacio Electoral<\/h2>\n<h5>Eleazar Flores<\/h5>\n<p>&nbsp;<\/p>\n<p><strong>POR PANDEMIA<\/strong>.- Los estados de Hidalgo y Coahuila ser\u00e1n los primeros en efectuar elecciones en tiempos de pandemia, comicios que a\u00fan no tienen fecha de celebraci\u00f3n, pero que podr\u00edan llevarse a cabo este fin de a\u00f1o, para renovar legislaturas locales y presidencias municipales.<\/p>\n<p>Previsor como ha sido siempre en estas tareas, el Instituto Nacional Electoral prev\u00e9 todo, funcionarios de casilla sanos e instalaciones ex profeso en caso de que votantes con coronavirus acudan a emitir su sufragio, tener insumos de protecci\u00f3n para tal efecto y sistemas de identificaci\u00f3n veraces por si se requiere verificar a ciudadanos con cubrebocas, nada f\u00e1cil cr\u00e9ame.<\/p>\n<p>La consejera Dania Ravel Cuevas, expuso estas inquietudes ante la Comisi\u00f3n Temporal para el Seguimiento de los Procesos Electorales Locales, y muchas las inquietudes m\u00e1s, que no son exageradas pero que si se descuidan son el principal punto de cr\u00edtica medi\u00e1tica el mismo d\u00eda de los comicios. Aqu\u00ed es donde estriba el inter\u00e9s de los funcionarios del INE, cuidar todos esos detalles.<\/p>\n<p>Para como est\u00e1n las cosas, los comportamientos ciudadanos para el d\u00eda de los comicios en\u00a0 Hidalgo y Coahuila, podr\u00edan presentar la concurrencia de algunas personas enfermas de coronavirus, por lo que el INE, por medio de sus funcionarios de casilla, toma sus previsiones como el hecho de colocar casillas o cuando menos m\u00f3dulos de atenci\u00f3n especial para esos enfermos.<\/p>\n<p>Los mismos funcionarios de casilla deber\u00e1n tomar sus previsiones para no negar el voto a ning\u00fan ciudadano por enfermedad. Bien por el INE que as\u00ed evita fallas y cr\u00edticas, a veces injustas.<\/p>\n<p><strong>EDOMEX<\/strong>.- En materia de salud el estado de M\u00e9xico sale reprobado pues al mi\u00e9rcoles lleg\u00f3 a 6,915 defunciones, de las cuales en Toluca llegan a 450. Esto hace peligrar que el estado de M\u00e9xico pase del sem\u00e1foro rojo al naranja la semana pr\u00f3xima. La decisi\u00f3n ser\u00e1 dif\u00edcil.<\/p>\n<p><strong>TV MEXIQUENSE<\/strong>.- A 35 a\u00f1os de su fundaci\u00f3n, en principio como Radio Mexiquense con Jorge Mu\u00f1oz al frente y Ciro G\u00f3mez como director, naci\u00f3 \u00e9ste que con el tiempo se transform\u00f3 en el Sistema de Radio y Televisi\u00f3n Mexiquense, todo en el r\u00e9gimen del gobernador Alfredo del Mazo Gonz\u00e1lez, siendo presidente Miguel de la Madrid, quien dio el banderazo en \u201cLas Truchas\u201d a pie de la carretera libre Toluca-M\u00e9xico.<\/p>\n<p>35 a\u00f1os despu\u00e9s, Alfredo del Mazo Maza anuncia dos transformaciones, la primera lleva meses que pasa de tv. Mexiquense a Mexiquense tv, \u00a1qu\u00e9 cambio!. La segunda es la creaci\u00f3n de su Sistema Mexiquense de Noticias, una agencia pues, con sede en Metepec y seis subsedes en Naucalpan Amecameca, Valle de Bravo, Nezahualc\u00f3yotl y Zumpango.<\/p>\n<p>Eso s\u00ed, su principal programaci\u00f3n sigue con for\u00e1neos, de ah\u00ed lo de Radio y Televisi\u00f3n Chilanguense.<\/p>\n<p><a href=\"mailto:elefa44@gmail.com\" target=\"_blank\" rel=\"noopener noreferrer\"><em>lefa44@gmail.com<\/em><\/a><\/p>\n","protected":false},"excerpt":{"rendered":"<p><span style=\"color: #005497;\"><strong>Eleazar Flores<\/strong><\/span><\/p>\n","protected":false},"author":3,"featured_media":0,"comment_status":"open","ping_status":"open","sticky":false,"template":"","format":"standard","meta":{"_monsterinsights_skip_tracking":false,"_monsterinsights_sitenote_active":false,"_monsterinsights_sitenote_note":"","_monsterinsights_sitenote_category":0,"footnotes":""},"categories":[81743],"tags":[81744,81776,43674],"class_list":["post-474374","post","type-post","status-publish","format-standard","hentry","category-eleazar-flores","tag-eleazar-flores","tag-espacio-electoral","tag-opinion"],"_links":{"self":[{"href":"https:\/\/www.diarioimagen.net\/index.php?rest_route=\/wp\/v2\/posts\/474374","targetHints":{"allow":["GET"]}}],"collection":[{"href":"https:\/\/www.diarioimagen.net\/index.php?rest_route=\/wp\/v2\/posts"}],"about":[{"href":"https:\/\/www.diarioimagen.net\/index.php?rest_route=\/wp\/v2\/types\/post"}],"author":[{"embeddable":true,"href":"https:\/\/www.diarioimagen.net\/index.php?rest_route=\/wp\/v2\/users\/3"}],"replies":[{"embeddable":true,"href":"https:\/\/www.diarioimagen.net\/index.php?rest_route=%2Fwp%2Fv2%2Fcomments&post=474374"}],"version-history":[{"count":0,"href":"https:\/\/www.diarioimagen.net\/index.php?rest_route=\/wp\/v2\/posts\/474374\/revisions"}],"wp:attachment":[{"href":"https:\/\/www.diarioimagen.net\/index.php?rest_route=%2Fwp%2Fv2%2Fmedia&parent=474374"}],"wp:term":[{"taxonomy":"category","embeddable":true,"href":"https:\/\/www.diarioimagen.net\/index.php?rest_route=%2Fwp%2Fv2%2Fcategories&post=474374"},{"taxonomy":"post_tag","embeddable":true,"href":"https:\/\/www.diarioimagen.net\/index.php?rest_route=%2Fwp%2Fv2%2Ftags&post=474374"}],"curies":[{"name":"wp","href":"https:\/\/api.w.org\/{rel}","templated":true}]}}