{"id":474389,"date":"2020-07-17T00:10:32","date_gmt":"2020-07-17T05:10:32","guid":{"rendered":"https:\/\/www.diarioimagen.net\/?p=474389"},"modified":"2020-07-17T07:15:31","modified_gmt":"2020-07-17T12:15:31","slug":"segundas-oportunidades","status":"publish","type":"post","link":"https:\/\/www.diarioimagen.net\/?p=474389","title":{"rendered":"Segundas oportunidades"},"content":{"rendered":"<h2>De frente y de perfil<\/h2>\n<h5>Ram\u00f3n Zurita Sahag\u00fan<\/h5>\n<p>&nbsp;<\/p>\n<div id=\"attachment_474429\" style=\"width: 470px\" class=\"wp-caption aligncenter\"><a href=\"https:\/\/www.diarioimagen.net\/?attachment_id=474429\" rel=\"attachment wp-att-474429\"><img loading=\"lazy\" decoding=\"async\" aria-describedby=\"caption-attachment-474429\" class=\"size-large wp-image-474429\" src=\"https:\/\/www.diarioimagen.net\/wp-content\/uploads\/2020\/07\/hasta-no-ver-MARAL-460x287.jpg\" alt=\"\" width=\"460\" height=\"287\" srcset=\"https:\/\/www.diarioimagen.net\/wp-content\/uploads\/2020\/07\/hasta-no-ver-MARAL-460x287.jpg 460w, https:\/\/www.diarioimagen.net\/wp-content\/uploads\/2020\/07\/hasta-no-ver-MARAL-240x150.jpg 240w, https:\/\/www.diarioimagen.net\/wp-content\/uploads\/2020\/07\/hasta-no-ver-MARAL.jpg 700w\" sizes=\"auto, (max-width: 460px) 100vw, 460px\" \/><\/a><p id=\"caption-attachment-474429\" class=\"wp-caption-text\">Hasta no ver&#8230; | Maral<\/p><\/div>\n<p>&nbsp;<\/p>\n<p>La vida est\u00e1 llena de segundas oportunidades y, en algunas ocasiones, hasta terceras, por lo que se cataloga a la tercera como la vencida, es decir la del triunfo, reivindicaci\u00f3n o fracaso.<\/p>\n<p>En pol\u00edtica siempre se presentan estas oportunidades, aprovechadas por unos, mientras que para otros representa el total fracaso. Un caso ilustrativo de ello es el Ejecutivo federal Andr\u00e9s Manuel L\u00f3pez Obrador, el que hasta la tercera vez que se present\u00f3 como candidato presidencial logr\u00f3 ganar. No sucedi\u00f3 igual con Cuauht\u00e9moc C\u00e1rdenas Sol\u00f3rzano, tres veces derrotado en las urnas.<\/p>\n<p>Hay otros como Pablo Emilio Madero que lo intentaron dos veces, por partidos distintos (PAN y PDM), quedando muy lejano del ganador y Rosario Ibarra dos veces postulada y cay\u00f3 vencida por abrumadora mayor\u00eda de votos.<\/p>\n<p>Lo anterior viene a tema porque aunque lejano el escenario de los comicios presidenciales del 2024, no se asoma por los rumbos de la oposici\u00f3n ning\u00fan personaje que destaque o surja como un potencial aspirante presidencial.<\/p>\n<p>Es cierto que algunos hacen su mejor esfuerzo, pero se estrellan ante la indiferencia de los ciudadanos que los ven como personajes distantes, sin ning\u00fan brillo y muchos menos respaldos que los pueda llevar a confrontar con \u00e9xito a Morena.<\/p>\n<p>El panorama no parece nada halag\u00fce\u00f1o para los partidos que han gobernado el pa\u00eds, hasta antes del arribo del Movimiento de Regeneraci\u00f3n Nacional, por lo que hay quienes voltean hacia los candidatos del fracaso de 2018, para darles una segunda oportunidad de competir con las mismas siglas.<\/p>\n<p>Y es que Jos\u00e9 Antonio Meade, quien fue considerado como el m\u00e1s preparado de los aspirantes presidenciales en 2018, no as\u00ed un buen candidato, podr\u00eda repetir como abanderado del tricolor. Meade se ha mostrado mesurado durante los dos a\u00f1os del actual gobierno, apareciendo ocasionalmente, para dejar constancia de presencia y representar\u00eda un atractivo para unos distantes empresarios que se mantienen alejados del actual gobierno.<\/p>\n<p>Y es que ante el poco crecimiento exponencial de los personajes priistas como son los gobernadores de Estado de M\u00e9xico, Alfredo del Mazo y de Oaxaca, Alejandro Murat, se podr\u00eda recurrir a esa f\u00f3rmula.<\/p>\n<p>Ni del Mazo o Murat destacan por su gesti\u00f3n, por el contrario enfrentan problemas al por mayor, principalmente en el rubro de inseguridad uno y de violencia el otro, pero m\u00e1s que nada porque no tiene presencia como opositores y si como fieles seguidores del Presidente de la Rep\u00fablica.<\/p>\n<p>El \u00fanico otro personaje que podr\u00eda presentarse como opci\u00f3n priista es el dirigente nacional del partido, Alejandro Moreno C\u00e1rdenas. Aunque depender\u00e1 de los resultados que obtenga en los comicios de 2021.<\/p>\n<p>Los panistas est\u00e1n peor todav\u00eda, el dirigente del partido, Marko Cort\u00e9s carece de liderazgo y sus pol\u00edticos importantes no tienen rumbo, con todo y que se encuentran agrupados y trabajan, aparentemente, en equipo.<\/p>\n<p>Algunos de ellos intentan asumir el liderazgo como Mart\u00edn Orozco y otros como Francisco Garc\u00eda Cabeza de Vaca, pretenden sobresalir, aunque no lo han conseguido.<\/p>\n<p>Es por eso que un agazapado Ricardo Anaya Cort\u00e9s advierte una nueva oportunidad para competir, sin tener enfrente la figura que tanto lo ridiculiz\u00f3 en los debates. Anaya se mantiene pendiente, pero distante de los escenarios pol\u00edticos nacionales y a\u00fan no decide si participa como candidato a diputado federal o sale a relucir su aspiraci\u00f3n al gobierno de Quer\u00e9taro, tarea en la que ya qued\u00f3 rezagado.<\/p>\n<p>El problema para los panistas es que frente a ellos tendr\u00e1n un partido que les quitar\u00e1 muchos votos, ya que el partido que centraliza el matrimonio Calder\u00f3n-Zavala, se convirti\u00f3 en una buena opci\u00f3n para los votantes de derecha y aquellos que deciden por cu\u00e1l rumbo ir.<\/p>\n<p>Claro que ante la distancia de cuatro a\u00f1os, podr\u00eda surgir entre los intelectuales que buscan agruparse alg\u00fan pretendiente presidencial que sea arropado y respaldado por empresarios y hasta por otros partidos.<\/p>\n<p>El escenario es difuso y ante esa poca presencia el reto para los opositores de Morena es sumamente dif\u00edcil.<\/p>\n<p style=\"text-align: center;\">*****<\/p>\n<p>Ahora le toc\u00f3 al gobernador de Quintana Roo, Carlos Joaqu\u00edn Gonz\u00e1lez, ser tocado por el virus del Covid-19, el que se propaga peligrosamente por la entidad que poco a poco recibe la vista de turistas.<\/p>\n<p><em><a href=\"mailto:ramonzurita44@hotmail.com\" target=\"_blank\" rel=\"noopener noreferrer\">ramonzurita44@hotmail.com<\/a><\/em><br \/>\n<a href=\"mailto:%20zurita_sahagun@hotmail.com\" target=\"_blank\" rel=\"noopener noreferrer\"><em>zurita_sahagun@hotmail.com<\/em><\/a><\/p>\n","protected":false},"excerpt":{"rendered":"<p><span style=\"color: #005497;\"><strong>Ram\u00f3n Zurita Sahag\u00fan<\/strong><\/span><br \/>\n<br \/>\nLa vida est\u00e1 llena de segundas oportunidades y, en algunas ocasiones, hasta terceras, por lo que se cataloga a la tercera como la vencida, es decir la del triunfo, reivindicaci\u00f3n o fracaso.<\/p>\n","protected":false},"author":3,"featured_media":474429,"comment_status":"open","ping_status":"open","sticky":false,"template":"","format":"standard","meta":{"_monsterinsights_skip_tracking":false,"_monsterinsights_sitenote_active":false,"_monsterinsights_sitenote_note":"","_monsterinsights_sitenote_category":0,"footnotes":""},"categories":[234],"tags":[304,43674,43687],"class_list":["post-474389","post","type-post","status-publish","format-standard","has-post-thumbnail","hentry","category-ramon-zurita-sahagun","tag-de-frente-y-de-perfil","tag-opinion","tag-ramon-zurita-sahagun"],"_links":{"self":[{"href":"https:\/\/www.diarioimagen.net\/index.php?rest_route=\/wp\/v2\/posts\/474389","targetHints":{"allow":["GET"]}}],"collection":[{"href":"https:\/\/www.diarioimagen.net\/index.php?rest_route=\/wp\/v2\/posts"}],"about":[{"href":"https:\/\/www.diarioimagen.net\/index.php?rest_route=\/wp\/v2\/types\/post"}],"author":[{"embeddable":true,"href":"https:\/\/www.diarioimagen.net\/index.php?rest_route=\/wp\/v2\/users\/3"}],"replies":[{"embeddable":true,"href":"https:\/\/www.diarioimagen.net\/index.php?rest_route=%2Fwp%2Fv2%2Fcomments&post=474389"}],"version-history":[{"count":0,"href":"https:\/\/www.diarioimagen.net\/index.php?rest_route=\/wp\/v2\/posts\/474389\/revisions"}],"wp:featuredmedia":[{"embeddable":true,"href":"https:\/\/www.diarioimagen.net\/index.php?rest_route=\/wp\/v2\/media\/474429"}],"wp:attachment":[{"href":"https:\/\/www.diarioimagen.net\/index.php?rest_route=%2Fwp%2Fv2%2Fmedia&parent=474389"}],"wp:term":[{"taxonomy":"category","embeddable":true,"href":"https:\/\/www.diarioimagen.net\/index.php?rest_route=%2Fwp%2Fv2%2Fcategories&post=474389"},{"taxonomy":"post_tag","embeddable":true,"href":"https:\/\/www.diarioimagen.net\/index.php?rest_route=%2Fwp%2Fv2%2Ftags&post=474389"}],"curies":[{"name":"wp","href":"https:\/\/api.w.org\/{rel}","templated":true}]}}