{"id":474436,"date":"2020-07-20T00:01:46","date_gmt":"2020-07-20T05:01:46","guid":{"rendered":"https:\/\/www.diarioimagen.net\/?p=474436"},"modified":"2020-07-20T05:09:47","modified_gmt":"2020-07-20T10:09:47","slug":"en-atizapan-se-actua-responsablemente-ante-covid-19","status":"publish","type":"post","link":"https:\/\/www.diarioimagen.net\/?p=474436","title":{"rendered":"En Atizap\u00e1n se act\u00faa responsablemente ante Covid-19"},"content":{"rendered":"<p>&nbsp;<\/p>\n<p><a href=\"https:\/\/www.diarioimagen.net\/wp-content\/uploads\/2020\/07\/CAMACHO20-d-por.jpg\"><img loading=\"lazy\" decoding=\"async\" class=\"aligncenter size-large wp-image-474437\" src=\"https:\/\/www.diarioimagen.net\/wp-content\/uploads\/2020\/07\/CAMACHO20-d-por-460x268.jpg\" alt=\"\" width=\"460\" height=\"268\" srcset=\"https:\/\/www.diarioimagen.net\/wp-content\/uploads\/2020\/07\/CAMACHO20-d-por-460x268.jpg 460w, https:\/\/www.diarioimagen.net\/wp-content\/uploads\/2020\/07\/CAMACHO20-d-por-240x140.jpg 240w, https:\/\/www.diarioimagen.net\/wp-content\/uploads\/2020\/07\/CAMACHO20-d-por.jpg 480w\" sizes=\"auto, (max-width: 460px) 100vw, 460px\" \/><\/a><\/p>\n<p>&nbsp;<\/p>\n<p><strong>Atizap\u00e1n, Estado de M\u00e9xico<\/strong><b>.-<\/b> Gracias al actuar responsable de los atizapenses y las diversas medidas de seguridad sanitaria emprendidas por el gobierno local, son bajos los casos de Covid-19 en el municipio.<\/p>\n<p>Al din de semanar, la Secretar\u00eda de Salud estatal reporta en Atizap\u00e1n de Zaragoza mil 144 casos positivos, lo que representar\u00eda el 0.21% de la poblaci\u00f3n estimada por la Encuesta Intercensal 2015. Las medidas aplicadas por el gobierno municipal para contener los contagios por Covid-19 se realizan en concordancia con las establecidas por las autoridades de salud federal y estatal.<\/p>\n","protected":false},"excerpt":{"rendered":"<p>Gracias al actuar responsable de los atizapenses y las diversas medidas de seguridad sanitaria emprendidas por el gobierno local, son bajos los casos de Covid-19 en el municipio.<\/p>\n","protected":false},"author":1,"featured_media":474437,"comment_status":"open","ping_status":"open","sticky":false,"template":"","format":"standard","meta":{"_monsterinsights_skip_tracking":false,"_monsterinsights_sitenote_active":false,"_monsterinsights_sitenote_note":"","_monsterinsights_sitenote_category":0,"footnotes":""},"categories":[5],"tags":[969,90021,43675,91315],"class_list":["post-474436","post","type-post","status-publish","format-standard","has-post-thumbnail","hentry","category-estado-de-mexico","tag-atizapan","tag-covid-19","tag-estado-de-mexico","tag-secretaria-de-salud-estatal"],"_links":{"self":[{"href":"https:\/\/www.diarioimagen.net\/index.php?rest_route=\/wp\/v2\/posts\/474436","targetHints":{"allow":["GET"]}}],"collection":[{"href":"https:\/\/www.diarioimagen.net\/index.php?rest_route=\/wp\/v2\/posts"}],"about":[{"href":"https:\/\/www.diarioimagen.net\/index.php?rest_route=\/wp\/v2\/types\/post"}],"author":[{"embeddable":true,"href":"https:\/\/www.diarioimagen.net\/index.php?rest_route=\/wp\/v2\/users\/1"}],"replies":[{"embeddable":true,"href":"https:\/\/www.diarioimagen.net\/index.php?rest_route=%2Fwp%2Fv2%2Fcomments&post=474436"}],"version-history":[{"count":0,"href":"https:\/\/www.diarioimagen.net\/index.php?rest_route=\/wp\/v2\/posts\/474436\/revisions"}],"wp:featuredmedia":[{"embeddable":true,"href":"https:\/\/www.diarioimagen.net\/index.php?rest_route=\/wp\/v2\/media\/474437"}],"wp:attachment":[{"href":"https:\/\/www.diarioimagen.net\/index.php?rest_route=%2Fwp%2Fv2%2Fmedia&parent=474436"}],"wp:term":[{"taxonomy":"category","embeddable":true,"href":"https:\/\/www.diarioimagen.net\/index.php?rest_route=%2Fwp%2Fv2%2Fcategories&post=474436"},{"taxonomy":"post_tag","embeddable":true,"href":"https:\/\/www.diarioimagen.net\/index.php?rest_route=%2Fwp%2Fv2%2Ftags&post=474436"}],"curies":[{"name":"wp","href":"https:\/\/api.w.org\/{rel}","templated":true}]}}