{"id":474439,"date":"2020-07-20T00:04:01","date_gmt":"2020-07-20T05:04:01","guid":{"rendered":"https:\/\/www.diarioimagen.net\/?p=474439"},"modified":"2020-07-20T05:06:36","modified_gmt":"2020-07-20T10:06:36","slug":"tultepec-refrenda-su-compromiso-con-el-arte-y-la-cultura-marco-antonio-cruz","status":"publish","type":"post","link":"https:\/\/www.diarioimagen.net\/?p=474439","title":{"rendered":"Tultepec refrenda su compromiso con el arte y la cultura: Marco Antonio Cruz"},"content":{"rendered":"<ul>\n<li><em><b>Pilares y valores que dan identidad al municipio<\/b><\/em><\/li>\n<\/ul>\n<p>&nbsp;<\/p>\n<div id=\"attachment_474440\" style=\"width: 470px\" class=\"wp-caption aligncenter\"><a href=\"https:\/\/www.diarioimagen.net\/wp-content\/uploads\/2020\/07\/CAMACHO20-c-por.jpg\"><img loading=\"lazy\" decoding=\"async\" aria-describedby=\"caption-attachment-474440\" class=\"size-large wp-image-474440\" src=\"https:\/\/www.diarioimagen.net\/wp-content\/uploads\/2020\/07\/CAMACHO20-c-por-460x268.jpg\" alt=\"\" width=\"460\" height=\"268\" srcset=\"https:\/\/www.diarioimagen.net\/wp-content\/uploads\/2020\/07\/CAMACHO20-c-por-460x268.jpg 460w, https:\/\/www.diarioimagen.net\/wp-content\/uploads\/2020\/07\/CAMACHO20-c-por-240x140.jpg 240w, https:\/\/www.diarioimagen.net\/wp-content\/uploads\/2020\/07\/CAMACHO20-c-por.jpg 480w\" sizes=\"auto, (max-width: 460px) 100vw, 460px\" \/><\/a><p id=\"caption-attachment-474440\" class=\"wp-caption-text\">Inauguraron la Muestra Pl\u00e1stica\u00a0Itinerante\u00a0de Casas de Cultura de la Regi\u00f3n III\u00a0conformada por las casas de Cultura de Acolman, Ecatepec, Coacalco, Tultitl\u00e1n.<\/p><\/div>\n<p>&nbsp;<\/p>\n<p><strong>Tultepec, Estado de M\u00e9xico<\/strong>.- Tultepec seguir\u00e1 impulsando y promoviendo el arte y la cultura como uno de los m\u00e1s importantes pilares y valores que dan identidad a este municipio, asegur\u00f3 el alcalde Marco Antonio Cruz Cruz, al inaugurar la Muestra Pl\u00e1stica\u00a0 Itinerante \u00a0de Casas de Cultura de la Regi\u00f3n III\u00a0conformada por las casas de Cultura deAcolman, Ecatepec, Coacalco, Tultitl\u00e1n y Tultepec. El Ejecutivo municipal destac\u00f3 la importancia de que sean precisamente el arte y la cultura dos de los m\u00e1s importantes cimientos en el desarrollo integral y la formaci\u00f3n de los tultepequenses.<\/p>\n<p>Ante la presencia virtual de representantes y promotores del arte de casas de cultura de cada uno de los municipios que conforman la Regi\u00f3n III, el edil afirm\u00f3 que \u201choy m\u00e1s que nunca, de acuerdo a la realidad que nos toc\u00f3 vivir, debemos encontrar los espacios id\u00f3neos para que se exprese creativamente la sensibilidad y el sentir de nuestros ni\u00f1os y j\u00f3venes\u201d.<\/p>\n<p>Precis\u00f3 que potenciar el desarrollo cultural del individuo, es una de las tareas sociales m\u00e1s importantes y significativas en el largo y valioso proceso del g\u00e9nero humano que nos hace ser mejores personas.<\/p>\n<p>Dijo que el derecho a una educaci\u00f3n integral es una de las premisas fundamentales que deben defenderse en todo momento, y ello sin duda incluye el acercamiento y disfrute de las artes en sus m\u00e1s diversas expresiones a\u00fan en tiempos de pandemia\u201d.<\/p>\n<p>\u201cHoy m\u00e1s que nunca, en Tultepec refrendamos que a pesar de los tiempos dif\u00edciles que vivimos derivados de la pandemia provocada por el COVID-19, el folklor, el canto, la m\u00fasica, la pirotecnia y desde luego en este caso las artes pl\u00e1sticas; no deben quedar de lado, por eso, hoy como siempre y m\u00e1s que nunca, estas expresiones seguir\u00e1n contando con el respaldo e impulso del gobierno municipal\u201d, afirm\u00f3.<\/p>\n<p>La\u00a0Muestra Pl\u00e1stica Itinerante de Casas de Cultura de la Regi\u00f3n III,\u00a0consta de 30 dibujos y pinturas de ni\u00f1os de casas de cultura de Acolman, Ecatepec, Coacalco, Tultitl\u00e1n y Tultepec en diversas t\u00e9cnicas como \u00f3leo, pastel, prismacolor y mixta, entre otras, y pueden ser apreciadas en la p\u00e1gina de Facebook y canal de You Tube oficiales \u00a0del Ayuntamiento de Tultepec, hasta el 15 de agosto.<\/p>\n<p>Durante la inauguraci\u00f3n tambi\u00e9n estuvieron presentes virtualmente los titulares de las casas de cultura de Acolman, Coacalco, Ecatepec, Tultitl\u00e1n y Tultepec; Adriana Vidrio Longoria, Rub\u00e9n Romero Ju\u00e1rez, X\u00f3chitl Rodr\u00edguez L\u00f3pez y Rodolfo Valencia Caballero, respectivamente, adem\u00e1s de Juana Antonieta Z\u00fa\u00f1iga Urb\u00e1n, Cronista Municipal de Tultepec.<\/p>\n","protected":false},"excerpt":{"rendered":"<p>Tultepec seguir\u00e1 impulsando y promoviendo el arte y la cultura como uno de los m\u00e1s importantes pilares y valores que dan identidad a este municipio, asegur\u00f3 el alcalde Marco Antonio Cruz Cruz, al inaugurar la Muestra Pl\u00e1stica\u00a0 Itinerante \u00a0de Casas de Cultura de la Regi\u00f3n III\u00a0conformada por las casas de Cultura deAcolman, Ecatepec, Coacalco, Tultitl\u00e1n y Tultepec. El Ejecutivo municipal destac\u00f3 la importancia de que sean precisamente el arte y la cultura dos de los m\u00e1s importantes cimientos en el desarrollo integral y la formaci\u00f3n de los tultepequenses.<\/p>\n","protected":false},"author":1,"featured_media":474440,"comment_status":"open","ping_status":"open","sticky":false,"template":"","format":"standard","meta":{"_monsterinsights_skip_tracking":false,"_monsterinsights_sitenote_active":false,"_monsterinsights_sitenote_note":"","_monsterinsights_sitenote_category":0,"footnotes":""},"categories":[5],"tags":[47277,579,454,43675,91316,3802,578],"class_list":["post-474439","post","type-post","status-publish","format-standard","has-post-thumbnail","hentry","category-estado-de-mexico","tag-acolman","tag-coacalco","tag-ecatepec","tag-estado-de-mexico","tag-muestra-plastica-itinerante","tag-tultepec","tag-tultitlan"],"_links":{"self":[{"href":"https:\/\/www.diarioimagen.net\/index.php?rest_route=\/wp\/v2\/posts\/474439","targetHints":{"allow":["GET"]}}],"collection":[{"href":"https:\/\/www.diarioimagen.net\/index.php?rest_route=\/wp\/v2\/posts"}],"about":[{"href":"https:\/\/www.diarioimagen.net\/index.php?rest_route=\/wp\/v2\/types\/post"}],"author":[{"embeddable":true,"href":"https:\/\/www.diarioimagen.net\/index.php?rest_route=\/wp\/v2\/users\/1"}],"replies":[{"embeddable":true,"href":"https:\/\/www.diarioimagen.net\/index.php?rest_route=%2Fwp%2Fv2%2Fcomments&post=474439"}],"version-history":[{"count":0,"href":"https:\/\/www.diarioimagen.net\/index.php?rest_route=\/wp\/v2\/posts\/474439\/revisions"}],"wp:featuredmedia":[{"embeddable":true,"href":"https:\/\/www.diarioimagen.net\/index.php?rest_route=\/wp\/v2\/media\/474440"}],"wp:attachment":[{"href":"https:\/\/www.diarioimagen.net\/index.php?rest_route=%2Fwp%2Fv2%2Fmedia&parent=474439"}],"wp:term":[{"taxonomy":"category","embeddable":true,"href":"https:\/\/www.diarioimagen.net\/index.php?rest_route=%2Fwp%2Fv2%2Fcategories&post=474439"},{"taxonomy":"post_tag","embeddable":true,"href":"https:\/\/www.diarioimagen.net\/index.php?rest_route=%2Fwp%2Fv2%2Ftags&post=474439"}],"curies":[{"name":"wp","href":"https:\/\/api.w.org\/{rel}","templated":true}]}}