{"id":474445,"date":"2020-07-20T00:03:42","date_gmt":"2020-07-20T05:03:42","guid":{"rendered":"https:\/\/www.diarioimagen.net\/?p=474445"},"modified":"2020-07-20T05:06:52","modified_gmt":"2020-07-20T10:06:52","slug":"alcalde-de-huixquilucan-reitera-solicitud-de-reunion-con-el-secretario-de-hacienda","status":"publish","type":"post","link":"https:\/\/www.diarioimagen.net\/?p=474445","title":{"rendered":"Alcalde de Huixquilucan reitera solicitud  de reuni\u00f3n con el secretario de Hacienda"},"content":{"rendered":"<ul>\n<li><em><b>Municipios del pa\u00eds, al borde de la quiebra<\/b><\/em><\/li>\n<\/ul>\n<p>&nbsp;<\/p>\n<div id=\"attachment_474446\" style=\"width: 317px\" class=\"wp-caption aligncenter\"><a href=\"https:\/\/www.diarioimagen.net\/wp-content\/uploads\/2020\/07\/CAMACHO20-a-por.jpg\"><img loading=\"lazy\" decoding=\"async\" aria-describedby=\"caption-attachment-474446\" class=\"size-large wp-image-474446\" src=\"https:\/\/www.diarioimagen.net\/wp-content\/uploads\/2020\/07\/CAMACHO20-a-por-307x460.jpg\" alt=\"\" width=\"307\" height=\"460\" srcset=\"https:\/\/www.diarioimagen.net\/wp-content\/uploads\/2020\/07\/CAMACHO20-a-por-307x460.jpg 307w, https:\/\/www.diarioimagen.net\/wp-content\/uploads\/2020\/07\/CAMACHO20-a-por-160x240.jpg 160w, https:\/\/www.diarioimagen.net\/wp-content\/uploads\/2020\/07\/CAMACHO20-a-por-768x1152.jpg 768w, https:\/\/www.diarioimagen.net\/wp-content\/uploads\/2020\/07\/CAMACHO20-a-por-1024x1536.jpg 1024w, https:\/\/www.diarioimagen.net\/wp-content\/uploads\/2020\/07\/CAMACHO20-a-por.jpg 1200w\" sizes=\"auto, (max-width: 307px) 100vw, 307px\" \/><\/a><p id=\"caption-attachment-474446\" class=\"wp-caption-text\">En su calidad de presidente de la Asociaci\u00f3n Nacional de Alcaldes, el edil de Huixquilucan, Enrique Vargas del Villar, insisti\u00f3 que \u00e9ste no es un tema de partidos sino de sensibilidad pol\u00edtica.<\/p><\/div>\n<p>&nbsp;<\/p>\n<p><strong>Huixquilucan, Estado de M\u00e9xico<\/strong>.- \u201cEl 85 por ciento de los municipios del pa\u00eds podr\u00edan estar en quiebra, lo que significa que no tendr\u00edan dinero para pagar servicios, obra p\u00fablica, sueldos y prestaciones laborales en este segundo semestre del a\u00f1o\u201d, asegur\u00f3 el presidente municipal, Enrique Vargas del Villar.<\/p>\n<p>Ante dicho panorama, Vargas del Villar pidi\u00f3 a la Federaci\u00f3n que volte\u00e9 a ver a los municipios y se re\u00fanan con la Secretar\u00eda de Hacienda y Cr\u00e9dito P\u00fablico para implementar un rescate financiero que permita a los gobiernos locales salir adelante ante los estragos econ\u00f3micos que se viven por la pandemia del Covid-19.<\/p>\n<p>En su calidad de presidente de la Asociaci\u00f3n Nacional de Alcaldes, el Edil de Huixquilucan, insisti\u00f3 que \u00e9ste no es un tema de partidos sino de sensibilidad pol\u00edtica, ya que los estados y municipios no han recibido participaciones federales y la aplicaci\u00f3n de medidas de austeridad ser\u00e1n insuficientes.<\/p>\n<p>Vargas del Villar, reiter\u00f3 que en caso de no recibir apoyo de la Federaci\u00f3n, la obra p\u00fablica se detendr\u00eda en los municipios, cuya autoridad es la m\u00e1s cercana a la poblaci\u00f3n que demanda servicios.<\/p>\n","protected":false},"excerpt":{"rendered":"<p>\u201cEl 85 por ciento de los municipios del pa\u00eds podr\u00edan estar en quiebra, lo que significa que no tendr\u00edan dinero para pagar servicios, obra p\u00fablica, sueldos y prestaciones laborales en este segundo semestre del a\u00f1o\u201d, asegur\u00f3 el presidente municipal, Enrique Vargas del Villar.<\/p>\n","protected":false},"author":1,"featured_media":474447,"comment_status":"open","ping_status":"open","sticky":false,"template":"","format":"standard","meta":{"_monsterinsights_skip_tracking":false,"_monsterinsights_sitenote_active":false,"_monsterinsights_sitenote_note":"","_monsterinsights_sitenote_category":0,"footnotes":""},"categories":[5],"tags":[47218,43675,1097],"class_list":["post-474445","post","type-post","status-publish","format-standard","has-post-thumbnail","hentry","category-estado-de-mexico","tag-enrique-vargas-del-villar","tag-estado-de-mexico","tag-huixquilucan"],"_links":{"self":[{"href":"https:\/\/www.diarioimagen.net\/index.php?rest_route=\/wp\/v2\/posts\/474445","targetHints":{"allow":["GET"]}}],"collection":[{"href":"https:\/\/www.diarioimagen.net\/index.php?rest_route=\/wp\/v2\/posts"}],"about":[{"href":"https:\/\/www.diarioimagen.net\/index.php?rest_route=\/wp\/v2\/types\/post"}],"author":[{"embeddable":true,"href":"https:\/\/www.diarioimagen.net\/index.php?rest_route=\/wp\/v2\/users\/1"}],"replies":[{"embeddable":true,"href":"https:\/\/www.diarioimagen.net\/index.php?rest_route=%2Fwp%2Fv2%2Fcomments&post=474445"}],"version-history":[{"count":0,"href":"https:\/\/www.diarioimagen.net\/index.php?rest_route=\/wp\/v2\/posts\/474445\/revisions"}],"wp:featuredmedia":[{"embeddable":true,"href":"https:\/\/www.diarioimagen.net\/index.php?rest_route=\/wp\/v2\/media\/474447"}],"wp:attachment":[{"href":"https:\/\/www.diarioimagen.net\/index.php?rest_route=%2Fwp%2Fv2%2Fmedia&parent=474445"}],"wp:term":[{"taxonomy":"category","embeddable":true,"href":"https:\/\/www.diarioimagen.net\/index.php?rest_route=%2Fwp%2Fv2%2Fcategories&post=474445"},{"taxonomy":"post_tag","embeddable":true,"href":"https:\/\/www.diarioimagen.net\/index.php?rest_route=%2Fwp%2Fv2%2Ftags&post=474445"}],"curies":[{"name":"wp","href":"https:\/\/api.w.org\/{rel}","templated":true}]}}