{"id":474453,"date":"2020-07-20T00:06:25","date_gmt":"2020-07-20T05:06:25","guid":{"rendered":"https:\/\/www.diarioimagen.net\/?p=474453"},"modified":"2020-07-21T00:25:31","modified_gmt":"2020-07-21T05:25:31","slug":"alfredo-barrera-encabeza-ceremonia-conmemorativa-del-aniversario-luctuoso-de-benito-juarez-garcia","status":"publish","type":"post","link":"https:\/\/www.diarioimagen.net\/?p=474453","title":{"rendered":"Alfredo Barrera encabeza ceremonia conmemorativa del aniversario luctuoso de Benito Ju\u00e1rez Garc\u00eda"},"content":{"rendered":"<ul>\n<li><em><strong>Rector de la UAEM coloca ofrenda floral en el monumento al Benem\u00e9rito de Las Am\u00e9ricas<\/strong><\/em><\/li>\n<\/ul>\n<p><strong>\u00a0<\/strong><\/p>\n<div id=\"attachment_474454\" style=\"width: 470px\" class=\"wp-caption aligncenter\"><a href=\"https:\/\/www.diarioimagen.net\/wp-content\/uploads\/2020\/07\/UAEM20-BIS-por.jpg\"><img loading=\"lazy\" decoding=\"async\" aria-describedby=\"caption-attachment-474454\" class=\"size-large wp-image-474454\" src=\"https:\/\/www.diarioimagen.net\/wp-content\/uploads\/2020\/07\/UAEM20-BIS-por-460x268.jpg\" alt=\"\" width=\"460\" height=\"268\" srcset=\"https:\/\/www.diarioimagen.net\/wp-content\/uploads\/2020\/07\/UAEM20-BIS-por-460x268.jpg 460w, https:\/\/www.diarioimagen.net\/wp-content\/uploads\/2020\/07\/UAEM20-BIS-por-240x140.jpg 240w, https:\/\/www.diarioimagen.net\/wp-content\/uploads\/2020\/07\/UAEM20-BIS-por.jpg 480w\" sizes=\"auto, (max-width: 460px) 100vw, 460px\" \/><\/a><p id=\"caption-attachment-474454\" class=\"wp-caption-text\">El rector de la UAEM, Alfredo Barrera, acompa\u00f1ado de los integrantes del gabinete universitario, realiz\u00f3 una guardia de honor y coloc\u00f3 una ofrenda floral en el monumento al Benem\u00e9rito de Las Am\u00e9ricas.<\/p><\/div>\n<p>&nbsp;<\/p>\n<p>Toluca, Estado de M\u00e9xico.\u2013 El rector de la Universidad Aut\u00f3noma del Estado de M\u00e9xico, Alfredo Barrera Baca, encabez\u00f3 la ceremonia conmemorativa al 148 aniversario luctuoso de Benito Ju\u00e1rez Garc\u00eda, recordado por sus destacados logros como presidente de M\u00e9xico, luchador social y l\u00edder visionario que sent\u00f3 las bases de la modernizaci\u00f3n del pa\u00eds.<\/p>\n<p>En la Plaza Ju\u00e1rez del Edificio de Rector\u00eda, Barrera Baca, acompa\u00f1ado de los integrantes del gabinete universitario, realiz\u00f3 una guardia de honor y coloc\u00f3 una ofrenda floral en el monumento al Benem\u00e9rito de Las Am\u00e9ricas.<\/p>\n<p>Posteriormente, el secretario de Planeaci\u00f3n y Desarrollo Institucional de la UAEM, Jos\u00e9 Raymundo Marcial Romero, dio lectura a una semblanza de la vida y obra de Ju\u00e1rez Garc\u00eda, a quien record\u00f3 como un l\u00edder de inquebrantable congruencia con sus ideales.<\/p>\n<p>Para \u00e9l, puntualiz\u00f3, la educaci\u00f3n era fundamental para la felicidad social, debido a que la consideraba como el principio en el que descansan la libertad y el engrandecimiento de los pueblos.<\/p>\n<p>En ese contexto, dijo que en la actualidad, la realidad plantea enormes retos y, en el caso de la UAEM, a unos d\u00edas de reiniciar actividades, vale la pena encontrar inspiraci\u00f3n en sus palabras y hechos, as\u00ed como en el adherirse a su causa, con el prop\u00f3sito de seguir edificando, en un marco de participaci\u00f3n y corresponsabilidad, el M\u00e9xico progresista y democr\u00e1tico que todos merecemos.<\/p>\n<p>\u201cLas universidades, en general las instituciones educativas de ciencia y tecnolog\u00eda, de cultura, artes y humanismo, est\u00e1n llamadas a jugar un papel de gran importancia en la reestructuraci\u00f3n de la esperanza\u201d.<\/p>\n<p>Marcial Romero indic\u00f3 que actualmente las universidades gozan de un alto grado de confianza ante una actualidad que est\u00e1 siendo golpeada por una pandemia. \u201cNosotros no nos sumaremos al des\u00e1nimo y encabezaremos, como lo hicieron las universidades e instituciones liberales del siglo XIX, las propuestas que replantear\u00e1n el trayecto de una naci\u00f3n que sin duda saldr\u00e1 adelante, alentando y haciendo posibles los sue\u00f1os de progreso y bienestar para todos\u201d.<\/p>\n","protected":false},"excerpt":{"rendered":"<p>El rector de la Universidad Aut\u00f3noma del Estado de M\u00e9xico, Alfredo Barrera Baca, encabez\u00f3 la ceremonia conmemorativa al 148 aniversario luctuoso de Benito Ju\u00e1rez Garc\u00eda, recordado por sus destacados logros como presidente de M\u00e9xico, luchador social y l\u00edder visionario que sent\u00f3 las bases de la modernizaci\u00f3n del pa\u00eds.<\/p>\n","protected":false},"author":1,"featured_media":474454,"comment_status":"open","ping_status":"open","sticky":false,"template":"","format":"standard","meta":{"_monsterinsights_skip_tracking":false,"_monsterinsights_sitenote_active":false,"_monsterinsights_sitenote_note":"","_monsterinsights_sitenote_category":0,"footnotes":""},"categories":[5],"tags":[91028,91322,22718,4092,91321,1491],"class_list":["post-474453","post","type-post","status-publish","format-standard","has-post-thumbnail","hentry","category-estado-de-mexico","tag-alfredo-barrera","tag-aniversario-luctuoso","tag-benemerito-de-las-americas","tag-benito-juarez-garcia","tag-ceremonia-conmemorativa","tag-uaem"],"_links":{"self":[{"href":"https:\/\/www.diarioimagen.net\/index.php?rest_route=\/wp\/v2\/posts\/474453","targetHints":{"allow":["GET"]}}],"collection":[{"href":"https:\/\/www.diarioimagen.net\/index.php?rest_route=\/wp\/v2\/posts"}],"about":[{"href":"https:\/\/www.diarioimagen.net\/index.php?rest_route=\/wp\/v2\/types\/post"}],"author":[{"embeddable":true,"href":"https:\/\/www.diarioimagen.net\/index.php?rest_route=\/wp\/v2\/users\/1"}],"replies":[{"embeddable":true,"href":"https:\/\/www.diarioimagen.net\/index.php?rest_route=%2Fwp%2Fv2%2Fcomments&post=474453"}],"version-history":[{"count":0,"href":"https:\/\/www.diarioimagen.net\/index.php?rest_route=\/wp\/v2\/posts\/474453\/revisions"}],"wp:featuredmedia":[{"embeddable":true,"href":"https:\/\/www.diarioimagen.net\/index.php?rest_route=\/wp\/v2\/media\/474454"}],"wp:attachment":[{"href":"https:\/\/www.diarioimagen.net\/index.php?rest_route=%2Fwp%2Fv2%2Fmedia&parent=474453"}],"wp:term":[{"taxonomy":"category","embeddable":true,"href":"https:\/\/www.diarioimagen.net\/index.php?rest_route=%2Fwp%2Fv2%2Fcategories&post=474453"},{"taxonomy":"post_tag","embeddable":true,"href":"https:\/\/www.diarioimagen.net\/index.php?rest_route=%2Fwp%2Fv2%2Ftags&post=474453"}],"curies":[{"name":"wp","href":"https:\/\/api.w.org\/{rel}","templated":true}]}}