{"id":474504,"date":"2020-07-20T00:12:02","date_gmt":"2020-07-20T05:12:02","guid":{"rendered":"https:\/\/www.diarioimagen.net\/?p=474504"},"modified":"2020-07-20T07:45:12","modified_gmt":"2020-07-20T12:45:12","slug":"ahora-va-la-ley-general-de-mecanismos-alternativos-de-solucion-de-controversias","status":"publish","type":"post","link":"https:\/\/www.diarioimagen.net\/?p=474504","title":{"rendered":"Ahora va la Ley General de Mecanismos Alternativos de Soluci\u00f3n de Controversias\u2026 \u00a0"},"content":{"rendered":"<h2>Tras la puerta del poder<\/h2>\n<h5>Roberto Vizca\u00edno<\/h5>\n<p>&nbsp;<\/p>\n<div id=\"attachment_474568\" style=\"width: 470px\" class=\"wp-caption aligncenter\"><a href=\"https:\/\/www.diarioimagen.net\/?attachment_id=474568\" rel=\"attachment wp-att-474568\"><img loading=\"lazy\" decoding=\"async\" aria-describedby=\"caption-attachment-474568\" class=\"size-large wp-image-474568\" src=\"https:\/\/www.diarioimagen.net\/wp-content\/uploads\/2020\/07\/misterio-de-la-4t-MARAL-460x359.jpg\" alt=\"\" width=\"460\" height=\"359\" srcset=\"https:\/\/www.diarioimagen.net\/wp-content\/uploads\/2020\/07\/misterio-de-la-4t-MARAL-460x359.jpg 460w, https:\/\/www.diarioimagen.net\/wp-content\/uploads\/2020\/07\/misterio-de-la-4t-MARAL-240x188.jpg 240w, https:\/\/www.diarioimagen.net\/wp-content\/uploads\/2020\/07\/misterio-de-la-4t-MARAL.jpg 700w\" sizes=\"auto, (max-width: 460px) 100vw, 460px\" \/><\/a><p id=\"caption-attachment-474568\" class=\"wp-caption-text\">Misterio de la 4T&#8230; | Maral<\/p><\/div>\n<p>&nbsp;<\/p>\n<p><strong>Ricardo Monreal<\/strong> promueve en el Senado la Ley General de Mecanismos Alternativos de Soluci\u00f3n de Controversias que apurar\u00eda los procesos de justicia alternativa ante la pandemia que afecta el pa\u00eds.<\/p>\n<p>La iniciativa, que adem\u00e1s de ser firmada por <strong>Monreal<\/strong>, <strong>Julio Menchaca<\/strong> y <strong>Rub\u00e9n Rocha,<\/strong> es apoyada por 45 otros senadores de Morena y del PES.<\/p>\n<p>\u00abNo tenemos duda que la justicia alternativa, como m\u00e9todo de soluci\u00f3n pac\u00edfica de conflictos, es un elemento fundamental para el mantenimiento de una sociedad de paz, en beneficio del bien com\u00fan\u00bb, indica el zacatecano.<\/p>\n<p>Esta nueva ley dar\u00eda una opci\u00f3n de garantizar justicia, sin necesidad de acudir a tribunales jurisdiccionales.<\/p>\n<p>Hoy como nunca, indic\u00f3, se ha evidenciado la conveniencia de la justicia alternativa, frente la coyuntura de salud p\u00fablica que atraviesa el pa\u00eds.<\/p>\n<p>Por ejemplo, desde marzo, el Poder Judicial Federal y el de los estados, al igual que los organismos aut\u00f3nomos que ejercen actividad jurisdiccional, se vieron obligados a suspender temporalmente sus actividades, para apenas comenzar a reanudar sus funciones de manera paulatina mediante instrumentos digitales.<\/p>\n<p>La Ley promovida por <strong>Monreal<\/strong> y otros senadores, contiene 5 t\u00edtulos y 70 art\u00edculos, cuyos ejes definen principios, procedimientos y reglas m\u00ednimas de operaci\u00f3n de los mecanismos alternativos de soluci\u00f3n de controversias y regulan la actividad de las personas facilitadoras de estos procesos.<\/p>\n<p style=\"text-align: center;\"><strong>Responden intelectuales a AMLO<\/strong><\/p>\n<p>Apenas a unas horas de que 30 intelectuales y acad\u00e9micos lanzaran una convocatoria p\u00fablica y nacional a un amplio frente electoral contra el autoritarismo regresivo que, afirman, pretenden imponer en M\u00e9xico Morena y <strong>AMLO<\/strong>, el Presidente emiti\u00f3 un texto en el que los acusa de buscar una vuelta al pasado corrupto que agobi\u00f3 al pa\u00eds hasta hace poco.<\/p>\n<p>Y como en la democracia todo el que se r\u00ede se lleva, pues los intelectuales y acad\u00e9micos salieron de inmediato a decirle a <strong>AMLO<\/strong> que no, que ellos precisamente no quieren que M\u00e9xico regrese al pasado neoliberal corrupto al que se refiere <strong>L\u00f3pez Obrador<\/strong>, ni al presidencialismo autoritario donde s\u00f3lo uno mandaba y concentraba todo el poder, sino rescatar el proceso de modernizaci\u00f3n y de ratificaci\u00f3n democr\u00e1tica que hasta hace poco segu\u00eda este pa\u00eds.<\/p>\n<p>Uno de los 30 firmantes del texto: <strong><em>Contra la deriva autoritaria y por la defensa de la democracia<\/em><\/strong>, el doctor en Ciencia Pol\u00edtica <strong>Francisco Vald\u00e9s Ugalde<\/strong>, miembro del Instituto de Investigaciones Sociales de la UNAM, indic\u00f3:<\/p>\n<p>El presidente <strong>Andr\u00e9s Manuel L\u00f3pez Obrador<\/strong> est\u00e1 intentando mantener bajo su control al Poder Legislativo, a la C\u00e1mara de Diputados, aun violando flagrantemente la Constituci\u00f3n, como ocurre ahora.<\/p>\n<p>\u201cLo que planteamos los 30 que firmamos ese desplegado es porque consideramos que el camino que ha seguido <strong>Andr\u00e9s Manuel L\u00f3pez Obrador<\/strong> es totalmente equivocado\u2026 Busca la concentraci\u00f3n del poder en una sola persona, busca tener una mayor\u00eda dentro de la C\u00e1mara de Diputados que supera con mucho lo que la Constituci\u00f3n permite. La Constituci\u00f3n se\u00f1ala que ning\u00fan partido puede tener m\u00e1s del 8 por ciento de sobrerrepresentaci\u00f3n respecto de la votaci\u00f3n obtenida en las urnas y Morena -su partido-, hoy llega casi el 20 por ciento de sobrerrepresentaci\u00f3n lo cual es una violaci\u00f3n abierta la Constituci\u00f3n.<\/p>\n<p>\u201cAdem\u00e1s durante sus 20 meses de gobierno se ha producido una gran destrucci\u00f3n de instituciones y poca construcci\u00f3n para alcanzar el cambio que dicen realizar.<\/p>\n<p>\u201cNosotros consideramos que no hay cambio, sino al rev\u00e9s, que hay una regresi\u00f3n a situaciones de aislamiento y empobrecimiento masivo, por lo cual el pa\u00eds va a sufrir al menos durante los pr\u00f3ximos 20 a\u00f1os.<\/p>\n<p>\u201cConsideramos que este rumbo debe ser cambiado. Que se necesita restaurar el pluralismo pol\u00edtico y que la representaci\u00f3n en el Congreso sea fiel a lo que dicen las urnas, a diferencia de lo que sucede hoy, donde no hay correspondencia entre lo que las urnas dijeron en 2018.<\/p>\n<p>\u201cPor eso creemos que los partidos pol\u00edticos, la oposici\u00f3n, y la sociedad civil deben hacer una gran alianza para interrumpir este camino hacia un autoritarismo que estamos viendo en el Gobierno, con consecuencias grav\u00edsimas para la econom\u00eda y para la sociedad\u201d.<\/p>\n<p>\u00bfEste frente al que ustedes convocan debe actuar por la v\u00eda electoral? Se lo pregunto porque hay ahora mismo otros que piden, exigen la renuncia de L\u00f3pez Obrador.<\/p>\n<p>\u201cNosotros insistimos: el \u00fanico camino es la vigencia plena de la Constituci\u00f3n. Es el \u00fanico camino deseable y posible. Para m\u00ed el camino electoral es el \u00fanico para transformar a la sociedad. Nosotros creemos que es por la v\u00eda electoral por la cual esto tiene que cambiar\u201d, indic\u00f3.<\/p>\n<p><strong>Vald\u00e9s Ugalde<\/strong> record\u00f3 que entre los firmantes del documento, que urge a ir a una alianza electoral popular opositora, existen diferencias ideol\u00f3gicas y de todo tipo. Pero advirti\u00f3 que ello no les impide seguir un mismo camino democr\u00e1tico.<\/p>\n<p>\u201cEs posible romper las diferencias ideol\u00f3gicas entre quienes convocamos a este frente si logramos, despu\u00e9s de septiembre pr\u00f3ximo, ir a la construcci\u00f3n de una agenda legislativa progresista que deba ser aplicada por la pr\u00f3xima legislatura a partir del 2021\u201d, precis\u00f3.<\/p>\n<p>Y agreg\u00f3:<\/p>\n<p>\u201cLas diferencias ideol\u00f3gicas no puede estar por encima del inter\u00e9s de hacer que el pa\u00eds recupere su capacidad de conducirse por la v\u00eda constitucional en lugar de una regresi\u00f3n autoritaria a qu\u00e9 nos est\u00e1 conduciendo el presidente <strong>Andr\u00e9s Manuel L\u00f3pez Obrador<\/strong> y la coalici\u00f3n que gobierna\u201d, subray\u00f3.<\/p>\n<p>El doctor en ciencia pol\u00edtica insisti\u00f3 en que ninguno de quienes firmaron el desplegado \u201cqueremos una regresi\u00f3n hacia el pasado\u2026 lo que sostiene el Presidente es absolutamente falso. No queremos regresar al neoliberalismo ni a nada del pasado, queremos un pa\u00eds justo, igualitario y democr\u00e1tico, pero el camino que lleva <strong>Andr\u00e9s Manuel L\u00f3pez Obrador<\/strong> no es hacia ese pa\u00eds al que todos aspiramos\u201d.<\/p>\n<p>Indic\u00f3 que hoy la ineficacia del gobierno y la ausencia de pol\u00edticas de recuperaci\u00f3n econ\u00f3mica llevan r\u00e1pidamente a millones de mexicanos al desempleo, y de ah\u00ed a la pobreza.<\/p>\n<p>\u201c\u2026 no tiene (<strong>AMLO<\/strong>) una pol\u00edtica clara de recuperaci\u00f3n econ\u00f3mica ni del ingreso familiar, ni de apoyos de emergencia que deber\u00edan ser establecidos frente a la p\u00e9rdida de empleos y por la reducci\u00f3n de la actividad econ\u00f3mica.<\/p>\n<p>\u201cNo es para nada como el Presidente dice que primero los pobres\u2026 los sectores populares son realidad los m\u00e1s golpeados y no plantea ninguna soluci\u00f3n a ninguno de los graves problemas nacionales\u201d, indic\u00f3.<\/p>\n<p>Quienes suscribieron el llamado hacia un frente electoral, dice <strong>Vald\u00e9s Ugalde<\/strong>, tienen hoy el reto de generar un movimiento de unidad nacional que pueda comenzar a reorientar al pa\u00eds hacia su verdadera reconstrucci\u00f3n.<\/p>\n<p>Advirti\u00f3 que un momento grav\u00edsimo contra la democracia es el que vive el INE al que <strong>AMLO<\/strong> ataca constantemente.<\/p>\n<p>Al INE, <strong>L\u00f3pez Obrador<\/strong> lo ha sometido a reducciones presupuestales peligrosas, as\u00ed como a ataques constantes a su integridad, con base en absolutas falsedades, como la existencia de fraudes electorales previos.<\/p>\n<p>AMLO, afirma Vald\u00e9s Ugalde, lo quiere destruir. Por ello pidi\u00f3 a todos los mexicanos a salir a defender al INE como un elemento esencial para la democracia mexicana.<\/p>\n<p>Bueno, esta pelea apenas comienza y es parte de toda una guerra de <strong>L\u00f3pez Obrador<\/strong> contra el resto del mundo, ya que igual mantiene pleitos y confrontaciones con otros muchos: empresarios, consultoras, inversionistas, periodistas, becarios, contra quienes estudiaron o estudian en el extranjero (a quienes compara con el hijo de Don Corleone), mujeres, mam\u00e1s solteras, padres con hijos con c\u00e1ncer, m\u00e9dicos y enfermeras que se la rifan todos los d\u00edas y a todas horas contra la pandemia, laboratorios, etc, etc\u2026<\/p>\n<p><em><a href=\"mailto:rvizcainoa@gmail.com\" target=\"_blank\" rel=\"noopener noreferrer\">rvizcainoa@gmail.com<\/a><br \/>\n<u><a href=\"http:\/\/endirecto.mx\" target=\"_blank\" rel=\"noopener noreferrer\">www.endirecto.mx<\/a><br \/>\n<a href=\"https:\/\/twitter.com\/_rvizcaino\" target=\"_blank\" rel=\"noopener noreferrer\">@_RVizcaino<\/a><br \/>\n<a href=\"https:\/\/www.facebook.com\/rvizcainoa\" target=\"_blank\" rel=\"noopener noreferrer\">facebook.com\/rvizcainoa<\/a><\/u><\/em><\/p>\n","protected":false},"excerpt":{"rendered":"<p><span style=\"color: #005497;\"><strong>Roberto Vizca\u00edno<\/strong><\/span><br \/>\n<br \/>\n<strong>Ricardo Monreal<\/strong> promueve en el Senado la Ley General de Mecanismos Alternativos de Soluci\u00f3n de Controversias que apurar\u00eda los procesos de justicia alternativa ante la pandemia que afecta el pa\u00eds.<\/p>\n","protected":false},"author":3,"featured_media":474568,"comment_status":"open","ping_status":"open","sticky":false,"template":"","format":"standard","meta":{"_monsterinsights_skip_tracking":false,"_monsterinsights_sitenote_active":false,"_monsterinsights_sitenote_note":"","_monsterinsights_sitenote_category":0,"footnotes":""},"categories":[136],"tags":[43674,93,94],"class_list":["post-474504","post","type-post","status-publish","format-standard","has-post-thumbnail","hentry","category-roberto-vizcaino-opinion","tag-opinion","tag-roberto-vizcaino","tag-tras-la-puerta-del-poder"],"_links":{"self":[{"href":"https:\/\/www.diarioimagen.net\/index.php?rest_route=\/wp\/v2\/posts\/474504","targetHints":{"allow":["GET"]}}],"collection":[{"href":"https:\/\/www.diarioimagen.net\/index.php?rest_route=\/wp\/v2\/posts"}],"about":[{"href":"https:\/\/www.diarioimagen.net\/index.php?rest_route=\/wp\/v2\/types\/post"}],"author":[{"embeddable":true,"href":"https:\/\/www.diarioimagen.net\/index.php?rest_route=\/wp\/v2\/users\/3"}],"replies":[{"embeddable":true,"href":"https:\/\/www.diarioimagen.net\/index.php?rest_route=%2Fwp%2Fv2%2Fcomments&post=474504"}],"version-history":[{"count":0,"href":"https:\/\/www.diarioimagen.net\/index.php?rest_route=\/wp\/v2\/posts\/474504\/revisions"}],"wp:featuredmedia":[{"embeddable":true,"href":"https:\/\/www.diarioimagen.net\/index.php?rest_route=\/wp\/v2\/media\/474568"}],"wp:attachment":[{"href":"https:\/\/www.diarioimagen.net\/index.php?rest_route=%2Fwp%2Fv2%2Fmedia&parent=474504"}],"wp:term":[{"taxonomy":"category","embeddable":true,"href":"https:\/\/www.diarioimagen.net\/index.php?rest_route=%2Fwp%2Fv2%2Fcategories&post=474504"},{"taxonomy":"post_tag","embeddable":true,"href":"https:\/\/www.diarioimagen.net\/index.php?rest_route=%2Fwp%2Fv2%2Ftags&post=474504"}],"curies":[{"name":"wp","href":"https:\/\/api.w.org\/{rel}","templated":true}]}}