{"id":474612,"date":"2020-07-22T00:01:24","date_gmt":"2020-07-22T05:01:24","guid":{"rendered":"https:\/\/www.diarioimagen.net\/?p=474612"},"modified":"2020-07-21T21:30:51","modified_gmt":"2020-07-22T02:30:51","slug":"inicia-en-pjcdmx-recepcion-de-promociones-civiles-mercantiles-y-familiares-de-manera-presencial","status":"publish","type":"post","link":"https:\/\/www.diarioimagen.net\/?p=474612","title":{"rendered":"Inicia en PJCDMX recepci\u00f3n de promociones civiles, mercantiles y familiares de manera presencial"},"content":{"rendered":"<ul>\n<li><em><strong>Abogados y dem\u00e1s usuarios de los servicios de la justicia acudieron a entregar promociones bajo las normas de seguridad sanitaria que eviten contagios<\/strong><\/em><\/li>\n<li><em><strong>El presidente del \u00f3rgano judicial, magistrado Rafael Guerra \u00c1lvarez, supervis\u00f3 el inici\u00f3 de operaciones y afirm\u00f3 que es un d\u00eda importante porque se avanza en dar atenci\u00f3n oportuna, pero sin descuidar las medidas obligadas para preservar la salud de todos<\/strong><\/em><\/li>\n<\/ul>\n<p>&nbsp;<\/p>\n<div id=\"attachment_474675\" style=\"width: 470px\" class=\"wp-caption aligncenter\"><a href=\"https:\/\/www.diarioimagen.net\/?attachment_id=474675\" rel=\"attachment wp-att-474675\"><img loading=\"lazy\" decoding=\"async\" aria-describedby=\"caption-attachment-474675\" class=\"size-large wp-image-474675\" src=\"https:\/\/www.diarioimagen.net\/wp-content\/uploads\/2020\/07\/tribunal-4-460x259.jpg\" alt=\"\" width=\"460\" height=\"259\" srcset=\"https:\/\/www.diarioimagen.net\/wp-content\/uploads\/2020\/07\/tribunal-4-460x259.jpg 460w, https:\/\/www.diarioimagen.net\/wp-content\/uploads\/2020\/07\/tribunal-4-240x135.jpg 240w, https:\/\/www.diarioimagen.net\/wp-content\/uploads\/2020\/07\/tribunal-4-235x132.jpg 235w, https:\/\/www.diarioimagen.net\/wp-content\/uploads\/2020\/07\/tribunal-4-202x114.jpg 202w, https:\/\/www.diarioimagen.net\/wp-content\/uploads\/2020\/07\/tribunal-4-350x196.jpg 350w, https:\/\/www.diarioimagen.net\/wp-content\/uploads\/2020\/07\/tribunal-4-220x123.jpg 220w, https:\/\/www.diarioimagen.net\/wp-content\/uploads\/2020\/07\/tribunal-4-237x132.jpg 237w, https:\/\/www.diarioimagen.net\/wp-content\/uploads\/2020\/07\/tribunal-4.jpg 480w\" sizes=\"auto, (max-width: 460px) 100vw, 460px\" \/><\/a><p id=\"caption-attachment-474675\" class=\"wp-caption-text\">El magistrado Rafael Guerra \u00c1lvarez, supervis\u00f3 el inicio de operaciones en las tres sedes del PJCDMX, e hizo recorridos por las instalaciones de atenci\u00f3n a los justiciables y abogados.<\/p><\/div>\n<p>&nbsp;<\/p>\n<p>El Poder Judicial de la Ciudad de M\u00e9xico (PJCDMX) inici\u00f3 la recepci\u00f3n de promociones de las materias civil, mercantil y familiar, de manera presencial, en las sedes del \u00f3rgano judicial de Patriotismo, Plaza Ju\u00e1rez y Ciudad Judicial, como parte de las acciones implementadas para dar atenci\u00f3n oportuna a abogados y justiciables aun en medio de la pandemia de Covid-19.<\/p>\n<p>El presidente del PJCDMX, magistrado Rafael Guerra \u00c1lvarez, supervis\u00f3 el inicio de operaciones en las tres sedes, e hizo recorridos por las instalaciones de atenci\u00f3n a los justiciables y abogados, habilitadas bajo las normas de seguridad sanitaria que eviten contagios.<\/p>\n<p>Al dar un breve mensaje a los trabajadores, Guerra \u00c1lvarez afirm\u00f3 que es un d\u00eda importante porque se avanza en el tema de dar atenci\u00f3n oportuna a los justiciables, pero sin descuidar las medidas que son obligadas para preservar la salud de todos.<\/p>\n<p>\u201cHoy damos inicio a la recepci\u00f3n de promociones en las materias civil, mercantil y familiar, para empezar a dar tr\u00e1mite en los procesos que se dirimen en nuestro tribunal, y seguiremos avanzando con paso firme para cumplir con nuestro deber constitucional de impartir justicia pronta y expedita\u201d, dijo ayer el magistrado.<\/p>\n<p>Al recorrer la planta baja de la sede de Patriotismo, que alberga juzgados civiles de proceso oral, juzgados civiles de primera instancia y juzgados civiles de cuant\u00eda menor, donde se instalaron escritorios con sana distancia, se\u00f1alizados y con acr\u00edlicos para evitar el contacto directo entre personas, el presidente recomend\u00f3 a los empleados cumplir a cabalidad con las medidas sanitarias como el uso de cubrebocas, guantes y gel antibacterial.<\/p>\n<p>En ese inmueble tambi\u00e9n hizo un recorrido por diversos pisos, en los que visit\u00f3 las sedes de algunos \u00f3rganos jurisdiccionales y una sala de oralidad civil, y aprovech\u00f3 para saludar a impartidores de justicia que ya se encontraban laborando junto con su personal.<\/p>\n<p>El pasado d\u00eda 1, el PJCDMX puso en operaci\u00f3n la Oficina Virtual en Materia Civil y Familiar, as\u00ed como el sistema electr\u00f3nico de citas de la Oficial\u00eda de Partes Com\u00fan de Salas y Juzgados, ambas herramientas puestas a disposici\u00f3n de abogados y justiciables, a fin de dar cauce a escritos iniciales, a pesar la suspensi\u00f3n de labores y t\u00e9rminos procesales decretados en el \u00f3rgano judicial capitalino por la pandemia de Covid-19.<\/p>\n","protected":false},"excerpt":{"rendered":"<p>El Poder Judicial de la Ciudad de M\u00e9xico (PJCDMX) inici\u00f3 la recepci\u00f3n de promociones de las materias civil, mercantil y familiar, de manera presencial, en las sedes del \u00f3rgano judicial de Patriotismo, Plaza Ju\u00e1rez y Ciudad Judicial, como parte de las acciones implementadas para dar atenci\u00f3n oportuna a abogados y justiciables aun en medio de la pandemia de Covid-19<\/p>\n","protected":false},"author":3,"featured_media":474675,"comment_status":"open","ping_status":"open","sticky":false,"template":"","format":"standard","meta":{"_monsterinsights_skip_tracking":false,"_monsterinsights_sitenote_active":false,"_monsterinsights_sitenote_note":"","_monsterinsights_sitenote_category":0,"footnotes":""},"categories":[6],"tags":[90021,46012,87379,79994],"class_list":["post-474612","post","type-post","status-publish","format-standard","has-post-thumbnail","hentry","category-cd-de-mexico","tag-covid-19","tag-magistrado","tag-pjcdmx","tag-rafael-guerra-alvarez"],"_links":{"self":[{"href":"https:\/\/www.diarioimagen.net\/index.php?rest_route=\/wp\/v2\/posts\/474612","targetHints":{"allow":["GET"]}}],"collection":[{"href":"https:\/\/www.diarioimagen.net\/index.php?rest_route=\/wp\/v2\/posts"}],"about":[{"href":"https:\/\/www.diarioimagen.net\/index.php?rest_route=\/wp\/v2\/types\/post"}],"author":[{"embeddable":true,"href":"https:\/\/www.diarioimagen.net\/index.php?rest_route=\/wp\/v2\/users\/3"}],"replies":[{"embeddable":true,"href":"https:\/\/www.diarioimagen.net\/index.php?rest_route=%2Fwp%2Fv2%2Fcomments&post=474612"}],"version-history":[{"count":0,"href":"https:\/\/www.diarioimagen.net\/index.php?rest_route=\/wp\/v2\/posts\/474612\/revisions"}],"wp:featuredmedia":[{"embeddable":true,"href":"https:\/\/www.diarioimagen.net\/index.php?rest_route=\/wp\/v2\/media\/474675"}],"wp:attachment":[{"href":"https:\/\/www.diarioimagen.net\/index.php?rest_route=%2Fwp%2Fv2%2Fmedia&parent=474612"}],"wp:term":[{"taxonomy":"category","embeddable":true,"href":"https:\/\/www.diarioimagen.net\/index.php?rest_route=%2Fwp%2Fv2%2Fcategories&post=474612"},{"taxonomy":"post_tag","embeddable":true,"href":"https:\/\/www.diarioimagen.net\/index.php?rest_route=%2Fwp%2Fv2%2Ftags&post=474612"}],"curies":[{"name":"wp","href":"https:\/\/api.w.org\/{rel}","templated":true}]}}