{"id":474638,"date":"2020-07-21T00:03:12","date_gmt":"2020-07-21T05:03:12","guid":{"rendered":"https:\/\/www.diarioimagen.net\/?p=474638"},"modified":"2020-07-21T01:32:37","modified_gmt":"2020-07-21T06:32:37","slug":"industria-farmaceutica-contra-amlo","status":"publish","type":"post","link":"https:\/\/www.diarioimagen.net\/?p=474638","title":{"rendered":"\u00a0Industria farmac\u00e9utica contra AMLO"},"content":{"rendered":"<h2>Espacio Electoral<\/h2>\n<h5>Eleazar Flores<\/h5>\n<p>&nbsp;<\/p>\n<p><strong>SIGUE OPACIDAD<\/strong>.- Cuatro distintos organismos integrantes de la industria farmac\u00e9utica establecida en el pa\u00eds cuestionan, respetuosamente, la decisi\u00f3n presidencial de comprar medicinas en el extranjero en busca de mejores precios, lo que cuestionan los afectados con esa decisi\u00f3n.<\/p>\n<p>\u201cEl desabasto al que usted se refiri\u00f3 se debe a la falta de planeaci\u00f3n y transparencia en los procesos de adquisici\u00f3n m\u00e1s no porque en M\u00e9xico no se produzcan los insumos necesarios\u201d.<\/p>\n<p>Los firmantes del desplegado a una plana, son integrantes de la C\u00e1mara Nacional de la Industria Farmac\u00e9utica, Asociaci\u00f3n Mexicana de la Industria de Investigaci\u00f3n Farmac\u00e9utica, Asociaci\u00f3n Nacional de Fabricantes de Medicamentos y Asociaci\u00f3n Mexicana de Laboratorios Farmac\u00e9uticos.<\/p>\n<p>Los denunciantes se refieren a las afirmaciones del presidente Andr\u00e9s Manuel L\u00f3pez Obrador formuladas en la ma\u00f1anera del pasado martes 14 de julio cuando hizo una \u201cdenuncia generalizada\u201d respecto a los altos precios de muchos medicamentos por lo que esperan que \u201csean sustentadas y puntualizadas ante las autoridades competentes dichas denuncias y dirimir responsabilidades y sanciones que correspondan a los eventuales infractores\u201d.<\/p>\n<p>Le aclaran al mandatario que \u201cla industria farmac\u00e9utica no est\u00e1 concentrada en unas cuantas firmas y existe una gran competencia por lo que no hay monopolio\u201d. A\u00f1aden que esta industria se encuentra ubicada a lo largo y ancho del pa\u00eds con m\u00e1s de 250 plantas y 600 mil trabajadores para abastecer con oportunidad y precios competitivos internacionalmente medicamentos y dispositivos m\u00e9dicos\u201d. Los empresarios tienen raz\u00f3n en cuanto al cuidado del empleo<\/p>\n<p>Los firmantes aceptan la \u201clucha contra la corrupci\u00f3n y la impunidad, apoyando la transparencia y la responsabilidad\u201d denunciando que \u201clas compras discrecionales en el extranjero no resuelven por s\u00ed mismas el problema de abasto y pueden provocar un da\u00f1o grave\u2026con importantes consecuencias para la continuidad y suministro de tratamientos a pacientes y a la econom\u00eda\u201d.<\/p>\n<p>Est\u00e1n convencidos de que \u201cel di\u00e1logo abierto y respetuoso permitir\u00e1 perfeccionar los mecanismos para el abastecimiento con oportunidad asequibilidad y calidad y transitar\u2026hacia un sistema con transparencia y buena planeaci\u00f3n que fomente la competencia en beneficio del sector salud y de la poblaci\u00f3n en general\u201d. \u00bfAlguien del gobierno de la cuarta transformaci\u00f3n responder\u00e1?<\/p>\n<p>En el desplegado los\u00a0 empresarios farmac\u00e9uticos\u00a0 piden que a la denuncia presidencial de hacer en el extranjero compras de medicinas por los abusos en precios de productores locales, siga una investigaci\u00f3n y su castigue al o a los culpables de esos abusos en caso de existir, pero despu\u00e9s de esa ma\u00f1anera de hace una semana del pasado martes 13 no ha pasado nada.<\/p>\n<p>Lo peor de todo es que se recurre a lo de siempre, compras directas y discrecionales como el 70%.<\/p>\n<p><a href=\"mailto:elefa44@gmail.com\" target=\"_blank\" rel=\"noopener noreferrer\"><em>lefa44@gmail.com<\/em><\/a><\/p>\n","protected":false},"excerpt":{"rendered":"<p><span style=\"color: #005497;\"><strong>Eleazar Flores<\/strong><\/span><\/p>\n","protected":false},"author":3,"featured_media":0,"comment_status":"open","ping_status":"open","sticky":false,"template":"","format":"standard","meta":{"_monsterinsights_skip_tracking":false,"_monsterinsights_sitenote_active":false,"_monsterinsights_sitenote_note":"","_monsterinsights_sitenote_category":0,"footnotes":""},"categories":[81743],"tags":[81744,81776,43674],"class_list":["post-474638","post","type-post","status-publish","format-standard","hentry","category-eleazar-flores","tag-eleazar-flores","tag-espacio-electoral","tag-opinion"],"_links":{"self":[{"href":"https:\/\/www.diarioimagen.net\/index.php?rest_route=\/wp\/v2\/posts\/474638","targetHints":{"allow":["GET"]}}],"collection":[{"href":"https:\/\/www.diarioimagen.net\/index.php?rest_route=\/wp\/v2\/posts"}],"about":[{"href":"https:\/\/www.diarioimagen.net\/index.php?rest_route=\/wp\/v2\/types\/post"}],"author":[{"embeddable":true,"href":"https:\/\/www.diarioimagen.net\/index.php?rest_route=\/wp\/v2\/users\/3"}],"replies":[{"embeddable":true,"href":"https:\/\/www.diarioimagen.net\/index.php?rest_route=%2Fwp%2Fv2%2Fcomments&post=474638"}],"version-history":[{"count":0,"href":"https:\/\/www.diarioimagen.net\/index.php?rest_route=\/wp\/v2\/posts\/474638\/revisions"}],"wp:attachment":[{"href":"https:\/\/www.diarioimagen.net\/index.php?rest_route=%2Fwp%2Fv2%2Fmedia&parent=474638"}],"wp:term":[{"taxonomy":"category","embeddable":true,"href":"https:\/\/www.diarioimagen.net\/index.php?rest_route=%2Fwp%2Fv2%2Fcategories&post=474638"},{"taxonomy":"post_tag","embeddable":true,"href":"https:\/\/www.diarioimagen.net\/index.php?rest_route=%2Fwp%2Fv2%2Ftags&post=474638"}],"curies":[{"name":"wp","href":"https:\/\/api.w.org\/{rel}","templated":true}]}}