{"id":474769,"date":"2020-07-22T00:02:57","date_gmt":"2020-07-22T05:02:57","guid":{"rendered":"https:\/\/www.diarioimagen.net\/?p=474769"},"modified":"2020-07-21T22:34:01","modified_gmt":"2020-07-22T03:34:01","slug":"doble-coraje-hace-el-doctor-ackerman","status":"publish","type":"post","link":"https:\/\/www.diarioimagen.net\/?p=474769","title":{"rendered":"Doble coraje hace el \u201cdoctor\u201d Ackerman"},"content":{"rendered":"<h2>La Retaguardia<\/h2>\n<h5>Adriana Moreno Cordero<\/h5>\n<p>&nbsp;<\/p>\n<ul>\n<li><strong><em>Irma Er\u00e9ndira Sandoval asumir\u00e1 su papel de \u201ctapadera\u201d<\/em><\/strong><\/li>\n<\/ul>\n<p><em>\u00a0<\/em><\/p>\n<p>Doble coraje estar\u00e1 haciendo el siempre ilustre <strong>John Ackerman<\/strong>, pues la rebeli\u00f3n que fragu\u00f3 para descalificar el proceso de selecci\u00f3n de cuatro consejeros del Instituto Nacional Electoral no prosper\u00f3 y quien era su favorita para ocupar un asiento, <strong>Diana Talavera<\/strong>, se qued\u00f3 como al principio, es decir, fuera y no precisamente porque \u201chuele a pueblo\u201d, como asegura el tambi\u00e9n llamado \u201cdoctor House\u201d.<\/p>\n<p>Probablemente, el esposo de la flamante secretaria de la Funci\u00f3n P\u00fablica, <strong>Irma Er\u00e9ndira Sandoval<\/strong>, que carga con sus propios problemas, arremeter\u00e1 en contra ni m\u00e1s ni menos, que del Tribunal Electoral del Poder Judicial de la Federaci\u00f3n porque desech\u00f3 los juicios que intentaron promover los destacados diputados: <strong>Gerardo Fern\u00e1ndez Noro\u00f1a<\/strong> y la \u201ct\u00eda favorita\u201d, como se conoce tambi\u00e9n a <strong>Mar\u00eda de los Dolores Padierna Luna<\/strong>, que se han exhibido como incondicionales del \u201cdoctor\u201d Ackerman, en contra de las quintetas que surgieron, luego de once horas de comparecencia v\u00eda virtual el fin de semana, de aspirantes a consejeros del INE con el Consejo T\u00e9cnico de Evaluaci\u00f3n.<\/p>\n<p>Con raz\u00f3n, el diputado <strong>Porfirio Mu\u00f1oz Ledo<\/strong> los calific\u00f3, con absoluta raz\u00f3n, de golpistas a los legisladores que \u201cest\u00e1n haciendo ruido para descalificar el proceso que se ha llevado en el INE, que es impecable y en el fondo para influir en favor de un partido, como si fu\u00e9ramos un partido de pensamiento \u00fanico est\u00e1n contra los progresos democr\u00e1ticos que hemos alcanzado\u201d. Sin duda, y como se\u00f1al\u00f3 el decano de la Mesa Directiva de la c\u00e1mara baja, estos diputados, que no hay que soslayar, pertenecen al ala, o \u201ctribu\u201d m\u00e1s radical de Morena; los que est\u00e1n atizando el fuego y causando la polarizaci\u00f3n al seno de dicho instituto pol\u00edtico que camina sobre la cuerda floja de cara a las elecciones de 2021.<\/p>\n<p>Ahora que el TEPJF ha despejado el camino, se espera que hoy en el Palacio Legislativo de San L\u00e1zaro se designe a los nuevos consejeros.<\/p>\n<p>Ha trascendido en diversos medios que los diputados rijosos, y en general la bancada de Morena, propusieron algunos nombres como por ejemplo: <strong>Norma Irene de la Cruz Maga\u00f1a<\/strong>; <strong>Rita Bell<\/strong> <strong>Carla Humphrey<\/strong> y <strong>Circe Bautista<\/strong> y en cuanto a los varones est\u00e1n: <strong>Luis Octavio Vado Grajales<\/strong> <strong>Jos\u00e9 Mart\u00edn Faz y Uuc-kib Espadas Ancona<\/strong>, producto de reuniones que sostuvieron con el presidente de la Junta de Coordinaci\u00f3n Pol\u00edtica de la C\u00e1mara de Diputados, <strong>Mario Mart\u00edn Delgado<\/strong>, que, \u00a1vaya! que le sacaron canas verdes en este tema. De cualquier manera, Delgado asegura que no hay arreglos en lo oscurito y que todo ser\u00e1 muy, pero muy transparente. \u00bfSer\u00e1?, porque los golpeteos seguir\u00e1n a la orden del d\u00eda.<\/p>\n<p>Ahora, \u00bfen qu\u00e9 estar\u00e1n pensando los diputados rijosos que comanda Ackerman, luego del sendo rev\u00e9s que les propin\u00f3 el TEPJF?<\/p>\n<p>No deja de llamar poderosamente la atenci\u00f3n que una es la pregunta clave de cuya respuesta depender\u00e1 si pasan al INE: si est\u00e1n dispuestos a ganar menos que el presidente Andr\u00e9s Manuel L\u00f3pez Obrador y a trabajar para que el Instituto reduzca su presupuesto a esa tan llevada y tra\u00edda austeridad que maneja el tabasque\u00f1o.<\/p>\n<p>Y sobre los otros problemas, que sobre su espalda carga el matrimonio Ackerman-Sandoval, hay que voltear la vista ni m\u00e1s ni menos que al superdelegado de la llamada Cuarta Transformaci\u00f3n en Guerrero, <strong>Pablo Am\u00edlcar Sandoval Ballesteros<\/strong>, quien se ha convertido en el orgullo del nepotismo de la titular de la Funci\u00f3n P\u00fablica y cercano al senador <strong>Mart\u00ed Batres Guadarrama<\/strong>.<\/p>\n<p>El caso del hermano de la titular de la SFP es una muestra m\u00e1s de la divisi\u00f3n que impera en Morena o, m\u00e1s bien, las pugnas, por las posiciones m\u00e1s importantes para 2021. Ah\u00ed est\u00e1 como muestra que fue un legislador federal del partido en el poder, <strong>Rub\u00e9n Cayetano Garc\u00eda, <\/strong>quien ampli\u00f3 su denuncia en contra del superdelegado en Guerrero, a quien acusa de promocionarse mediante programas sociales. \u00a1Qu\u00e9 raro!<\/p>\n<p>L\u00f3gicamente, la secretaria Sandoval Ballesteros, se har\u00e1 \u201cla loca\u201d, como se dice por ah\u00ed, y como nunca, echar\u00e1 mano de su funci\u00f3n, pero de \u201ctapadera\u201d, ya que ni investigar\u00e1 a su querido hermano, orgullo de su nepotismo y menos a\u00fan, lo va a investigar, pese a las pruebas que ha presentado el diputado Cayetano Garc\u00eda.<\/p>\n<p style=\"text-align: center;\"><strong>Municiones<\/strong><\/p>\n<p>*** El gobernador de Puebla<strong>, Luis Miguel Barbosa<\/strong>, tuvo que precisar hace unos d\u00edas que sus aseveraciones sobre que el Covid-19 es una enfermedad de ricos y que se cura con un plato de mole de guajolote fueron \u00fanicamente frases coloquiales propias de un discurso pol\u00edtico; incluso, mostr\u00f3 su molestia en un foro virtual con otros gobernadores porque se le recordaron aquellos comentarios. El mandatario emanado del Movimiento de Regeneraci\u00f3n Nacional ya dej\u00f3 claro que no iban en serio las recomendaciones para evitar el coronavirus, lo que falta ahora es una explicaci\u00f3n sobre por qu\u00e9 durante los discursos frente a sus gobernados utiliza argumentos que son, a todas luces, falsos.<\/p>\n<p>*** Sin pena ni gloria, el avi\u00f3n presidencial, \u201cJos\u00e9 Mar\u00eda Morelos y Pav\u00f3n\u201d regresar\u00e1 a M\u00e9xico desde California, donde estuvo un a\u00f1o y 7 meses, luego de que el presidente <strong>Andr\u00e9s Manuel L\u00f3pez Obrador<\/strong> anunciara el pasado 7 de febrero la rifa simb\u00f3lica de la aeronave. Ese d\u00eda, ni el Ejecutivo ni nadie pod\u00eda imaginar el tema de la pandemia Covid-19, incluso, como se recordar\u00e1, el tabasque\u00f1o ya hab\u00eda \u201casaltado\u201d, (\u00a1perd\u00f3n!), ya les hab\u00eda vendido a los empresarios m\u00e1s importantes de nuestro pa\u00eds, billetes de la Loter\u00eda Nacional para la singular rifa. Luego, el presidente trat\u00f3 de reactivar el asunto dando luz verde hace algunas semanas para que se vendieran \u201ccachitos\u201d, porque apenas se hab\u00eda vendido algo as\u00ed como un 22 por ciento.<\/p>\n<p><u><a href=\"mailto:morcora@gmail.com\" target=\"_blank\" rel=\"noopener noreferrer\"><em>morcora@gmail.com<\/em><\/a><\/u><\/p>\n","protected":false},"excerpt":{"rendered":"<p><span style=\"color: #005497;\"><strong>Adriana Moreno Cordero<\/strong><\/span><\/p>\n","protected":false},"author":3,"featured_media":0,"comment_status":"open","ping_status":"open","sticky":false,"template":"","format":"standard","meta":{"_monsterinsights_skip_tracking":false,"_monsterinsights_sitenote_active":false,"_monsterinsights_sitenote_note":"","_monsterinsights_sitenote_category":0,"footnotes":""},"categories":[69370],"tags":[69369,69368,43674],"class_list":["post-474769","post","type-post","status-publish","format-standard","hentry","category-adriana-moreno-cordero","tag-adriana-moreno-cordero","tag-la-retaguardia","tag-opinion"],"_links":{"self":[{"href":"https:\/\/www.diarioimagen.net\/index.php?rest_route=\/wp\/v2\/posts\/474769","targetHints":{"allow":["GET"]}}],"collection":[{"href":"https:\/\/www.diarioimagen.net\/index.php?rest_route=\/wp\/v2\/posts"}],"about":[{"href":"https:\/\/www.diarioimagen.net\/index.php?rest_route=\/wp\/v2\/types\/post"}],"author":[{"embeddable":true,"href":"https:\/\/www.diarioimagen.net\/index.php?rest_route=\/wp\/v2\/users\/3"}],"replies":[{"embeddable":true,"href":"https:\/\/www.diarioimagen.net\/index.php?rest_route=%2Fwp%2Fv2%2Fcomments&post=474769"}],"version-history":[{"count":0,"href":"https:\/\/www.diarioimagen.net\/index.php?rest_route=\/wp\/v2\/posts\/474769\/revisions"}],"wp:attachment":[{"href":"https:\/\/www.diarioimagen.net\/index.php?rest_route=%2Fwp%2Fv2%2Fmedia&parent=474769"}],"wp:term":[{"taxonomy":"category","embeddable":true,"href":"https:\/\/www.diarioimagen.net\/index.php?rest_route=%2Fwp%2Fv2%2Fcategories&post=474769"},{"taxonomy":"post_tag","embeddable":true,"href":"https:\/\/www.diarioimagen.net\/index.php?rest_route=%2Fwp%2Fv2%2Ftags&post=474769"}],"curies":[{"name":"wp","href":"https:\/\/api.w.org\/{rel}","templated":true}]}}