{"id":474797,"date":"2020-07-22T00:12:05","date_gmt":"2020-07-22T05:12:05","guid":{"rendered":"https:\/\/www.diarioimagen.net\/?p=474797"},"modified":"2020-07-22T03:05:05","modified_gmt":"2020-07-22T08:05:05","slug":"senado-abrira-a-la-sociedad-el-debate-del-presupuesto-de-ingresos","status":"publish","type":"post","link":"https:\/\/www.diarioimagen.net\/?p=474797","title":{"rendered":"Senado abrir\u00e1 a la sociedad el debate del Presupuesto de Ingresos"},"content":{"rendered":"<h2>Tras la puerta del poder<\/h2>\n<h5>Roberto Vizca\u00edno<\/h5>\n<p>&nbsp;<\/p>\n<div id=\"attachment_474842\" style=\"width: 470px\" class=\"wp-caption aligncenter\"><a href=\"https:\/\/www.diarioimagen.net\/?attachment_id=474842\" rel=\"attachment wp-att-474842\"><img loading=\"lazy\" decoding=\"async\" aria-describedby=\"caption-attachment-474842\" class=\"size-large wp-image-474842\" src=\"https:\/\/www.diarioimagen.net\/wp-content\/uploads\/2020\/07\/sera-verdad-LUIS-XAVIER-460x357.jpg\" alt=\"\" width=\"460\" height=\"357\" srcset=\"https:\/\/www.diarioimagen.net\/wp-content\/uploads\/2020\/07\/sera-verdad-LUIS-XAVIER-460x357.jpg 460w, https:\/\/www.diarioimagen.net\/wp-content\/uploads\/2020\/07\/sera-verdad-LUIS-XAVIER-240x186.jpg 240w, https:\/\/www.diarioimagen.net\/wp-content\/uploads\/2020\/07\/sera-verdad-LUIS-XAVIER.jpg 700w\" sizes=\"auto, (max-width: 460px) 100vw, 460px\" \/><\/a><p id=\"caption-attachment-474842\" class=\"wp-caption-text\">\u00bfSer\u00e1 verdad..? | Luis Xavier<\/p><\/div>\n<p>&nbsp;<\/p>\n<p>Bajo la aceptaci\u00f3n de que sin dinero ni recaudaci\u00f3n fiscal no habr\u00eda futuro para este gobierno ni para el pa\u00eds, el Senado abrir\u00e1 por primera vez en la historia del Congreso, el proyecto de Presupuesto de Ingresos al formato de Parlamento Abierto, lo que permitir\u00e1 que sectores sociales participen en su elaboraci\u00f3n.<\/p>\n<p>Es la aceptaci\u00f3n de que el dise\u00f1o de la recaudaci\u00f3n de ingresos, fiscales y por servicios propios, ya no s\u00f3lo le corresponde dictarlo al gobierno federal, sino a la sociedad que es la que va a tener que pagar con sus impuestos la reactivaci\u00f3n econ\u00f3mica y el futuro de la gobernabilidad de M\u00e9xico.<\/p>\n<p>Si los mexicanos no aceptan en el tr\u00e1nsito de la post-pandemia, no validan, o rechazan la pol\u00edtica y programas de recaudaci\u00f3n de ingresos, fiscales o de otro tipo (cr\u00e9ditos o por la v\u00eda de los recortes a programas establecidos, o tarifas de servicios como el agua, la luz, etc), el gobierno de <strong>Andr\u00e9s Manuel L\u00f3pez Obrador<\/strong> no tendr\u00eda futuro.<\/p>\n<p>Ahora falta ver si la C\u00e1mara de Diputados adopta el mismo formato para la discusi\u00f3n y redise\u00f1o del Presupuesto de Egresos, cuyo proyecto deber\u00e1 ser presentado por el gobierno de <strong>AMLO<\/strong> al comienzo del siguiente periodo ordinario de sesiones de senadores y diputados, que arrancar\u00e1 a inicios de septiembre.<\/p>\n<p>El anuncio de la novedosa y muy importante ruta que seguir\u00e1 la c\u00e1mara alta, respecto de la pol\u00edtica de recaudaci\u00f3n Fiscal en 2021 fue anunciada ayer por el legislador morenista poblano <strong>Alejandro Armenta<\/strong>, presidente de la Comisi\u00f3n de Hacienda del Senado de la Rep\u00fablica y avalada por el l\u00edder de la mayor\u00eda de senadores Morena, el zacatecano <strong>Ricardo Monreal<\/strong>.<\/p>\n<p>Con seguridad, esta decisi\u00f3n de abrir a la sociedad el debate de la pol\u00edtica y programas de ingresos del gobierno federal ser\u00e1 aplaudido por el bloque opositor, integrado por PAN, PRI, MC y PRD.<\/p>\n<p>Y a\u00fan m\u00e1s, por las organizaciones c\u00fapula de empresarios, inversionistas, ejecutivos de empresas y las muchas organizaciones de la sociedad civil que se han lanzado a los brazos de los senadores, luego de que han sido reiteradamente rechazados y estigmatizados por el presidente <strong>L\u00f3pez Obrador<\/strong>, quien no los baja de ser barbajanes, corruptos y conservadores neoliberales.<\/p>\n<p>La hist\u00f3rica decisi\u00f3n de abrir al debate la elaboraci\u00f3n del Presupuesto de Ingresos de 2021 a los diversos sectores productivos del pa\u00eds bajo la modalidad de Parlamento Abierto, ser\u00e1, dijo Armenta, \u201cun ejercicio in\u00e9dito\u201d.<\/p>\n<p>El senador <strong>Armenta<\/strong> (se\u00f1alado como el primero en la lista ante un eventual reemplazo del gobernador <strong>Miguel Barbosa<\/strong>, ya sea por la avanzada diabetes que sufre el mandatario poblano o por los coletazos del caso <strong>Lozoya<\/strong>), indic\u00f3 que la decisi\u00f3n de llevar el debate del Presupuesto de Ingresos 2021 al m\u00e9todo de Parlamento Abierto \u201cobedece a que se desea que la Ley de Ingresos del pr\u00f3ximo a\u00f1o, as\u00ed como el presupuesto sean motores que ayuden a la recuperaci\u00f3n del empleo y la reactivaci\u00f3n econ\u00f3mica\u201d.<\/p>\n<p>En este contexto, la propuesta fue aplaudida y avalada por el presidente de la junta de coordinaci\u00f3n pol\u00edtica <strong>Ricardo Monreal<\/strong>, quien consider\u00f3 esencial en estos momentos de crisis econ\u00f3mica post-pand\u00e9mica abrir el an\u00e1lisis y discusi\u00f3n de este instrumento a los diversos sectores productivos.<\/p>\n<p style=\"text-align: center;\"><strong>Senado y diputados van juntos al extraordinario<\/strong><\/p>\n<p>Ayer tambi\u00e9n se anunci\u00f3 que la comisi\u00f3n de Hacienda del Senado y las referentes de la C\u00e1mara de Diputados trabajar\u00e1n en el formato de <strong><em>conferencia<\/em><\/strong> los temas del periodo extraordinario de este fin de mes, para que \u00e9stos lleguen al Pleno con la \u201cpreaprobaci\u00f3n de los grupos parlamentarios\u201d, anunci\u00f3 el legislador.<\/p>\n<p>Entre otros, se debatir\u00e1n las iniciativas de la controvertida Ley Federal de Presupuesto y Responsabilidad Hacendaria (que dar\u00eda control absoluto del gasto a AMLO, fuera de las decisiones de la C\u00e1mara de Diputados), fundamental para el ajuste presupuestal relacionado con el impacto econ\u00f3mico de la Covid-19.<\/p>\n<p>En este ejercicio, se debatir\u00eda adem\u00e1s la tambi\u00e9n controvertid\u00edsima desaparici\u00f3n de fideicomisos p\u00fablicos, porque \u201ctenemos que hacer una reorientaci\u00f3n de recursos p\u00fablicos en ese sentido\u201d.<\/p>\n<p>En conferencia, se analizar\u00e1n los asuntos relativos a la Ley General de Salud Mental, \u201cuna modificaci\u00f3n qu\u00e9 le vamos a hacer a la Ley que tiene que ver con la salud y bienestar\u201d, se indic\u00f3.<\/p>\n<p>De refil\u00f3n, se abordar\u00e1n temas relativos a Relaciones Exteriores y del Poder Judicial.<\/p>\n<p style=\"text-align: center;\"><strong>S\u00ed le renunci\u00f3<\/strong><\/p>\n<p>Durante todo el pasado fin de semana y el inicio de esta, por redes sociales, se afirm\u00f3 que el hasta ese momento secretario de Comunicaciones y Transportes,<strong> Javier Jim\u00e9nez Espri\u00fa, <\/strong>le hab\u00eda presentado su renuncia al presidente<strong> Andr\u00e9s Manuel L\u00f3pez Obrador.<\/strong><\/p>\n<p>Afecto a responder de inmediato, igualmente por redes sociales a este tipo de informaciones, el silencio de AMLO confirmaba la dimisi\u00f3n.<\/p>\n<p>Pero fue hasta su ma\u00f1anera de ayer en que el mandatario ratificaba esa nueva baja en su gabinete al indicar que el jueves informar\u00eda abiertamente del caso porque \u201c<em>estamos platicando<\/em>\u201d.<\/p>\n<p>Y agregaba:<\/p>\n<p>\u00abHabl\u00e9 ayer con el ingeniero y quedamos en reunirnos el jueves, yo les informo\u00bb.<\/p>\n<p>Obvio, si hay pl\u00e1tica es que hay renuncia.<\/p>\n<p>La baja, afirman quienes conocen al ingeniero <strong>Jim\u00e9nez Espri\u00fa<\/strong>, se da por el desd\u00e9n al que lo someti\u00f3 desde ya hace meses, L\u00f3pez Obrador, quien acordaba cosas del sector con otros menos con el titular del ramo.<\/p>\n<p>El pretexto de <strong>Jim\u00e9nez Espri\u00fa,<\/strong> quien dej\u00f3 hecho garras el prestigio labrado en toda una vida acad\u00e9mica y profesional por defender la indefendible e irracional decisi\u00f3n de cancelar la construcci\u00f3n del Aeropuerto Internacional de la Ciudad de M\u00e9xico y de construir el de Santa Luc\u00eda por sobre recomendaciones de todos los organismos y profesionales nacionales e internacionales del ramo aeron\u00e1utico, fue la decisi\u00f3n de AMLO de entregar el control de puertos a la Marina.<\/p>\n<p>El fracaso de la 4T, una supuesta transformaci\u00f3n defendida contra toda la raz\u00f3n por <strong>Jim\u00e9nez Espri\u00fa<\/strong> y sus compa\u00f1eros de gabinete, ya los marc\u00f3 para la historia. Triste caso de un personaje con calidad moral y profesional que arriesg\u00f3 todo a una ilusi\u00f3n a una edad en la que las ilusiones se llaman de otra forma.<\/p>\n<p style=\"text-align: center;\"><strong>Consejeros electorales, caso concluido<\/strong><\/p>\n<p>Luego de ver todo el sainete de morenos en San L\u00e1zaro en la selecci\u00f3n de aspirantes a cuatro consejeros electorales, no queda m\u00e1s que preguntarse cu\u00e1ndo es que se dar\u00e1 la \u00faltima contienda para la fractura del Movimiento de Regeneraci\u00f3n Nacional creado por <strong>Andr\u00e9s Manuel L\u00f3pez Obrador<\/strong>.<\/p>\n<p>Los sectores dentro de Morena est\u00e1n ya bien definidos y confrontados. Est\u00e1 el sector de los muy experimentados y con sentido del Estado, encabezados por <strong>Porfirio Mu\u00f1oz Ledo<\/strong> y <strong>Ricardo Monreal<\/strong> y como contraparte los del \u00e1rea b\u00e1rbara-troglodita liderados por la trifecta integrada por ese neandertal pol\u00edtico llamado <strong>Gerardo Fern\u00e1ndez Noro\u00f1a<\/strong>, la bejaranista <strong>Dolores Padierna<\/strong> y el asociado externo, el doctor <em>patito<\/em> <strong>John M. Ackerman de Sandoval<\/strong> (grupo en el que militan sobradamente la ex dirigente <strong>Yeidckol Polevnsky<\/strong>, <strong>Paco Ignacio Taibo II<\/strong> y toda la <em>chairiza<\/em> rom\u00e1ntica de un r\u00e9gimen chavista en M\u00e9xico).<\/p>\n<p>El pleito es hacia dentro. Es entre ellos la disputa por dejar pasar a dos mujeres y dos hombres calificados al INE o por imponer a aliados dentro de ese importante \u00f3rgano de la democracia mexicana.<\/p>\n<p>Ma\u00f1ana ellos entrar\u00e1n en un choque al elegir en el Pleno de San L\u00e1zaro a los cuatro sucesores de <strong>Enrique Andrade, Marco Antonio Ba\u00f1os, Benito Nacif Hern\u00e1ndez <\/strong>y a<strong> Pamela San Mart\u00edn, <\/strong>quienes llegaron al fin de su per\u00edodo a inicios de abril anterior.<\/p>\n<p>El Comit\u00e9 T\u00e9cnico de Evaluaci\u00f3n, formado por <strong>Silvia Giorguli<\/strong>, <strong>Jos\u00e9 Rold\u00e1n<\/strong>, <strong>Blanca Heredia<\/strong>, la reconocida periodista <strong>Sara Lovera<\/strong>, <strong>Ana Laura Magaloni<\/strong>, <strong>Diego Valad\u00e9s<\/strong> y el controvertido lopezobradorista <strong>John Ackerman<\/strong>, reconocieron que en las cuatro quintetas presentadas, finalmente hay gran talento y experiencia, honestidad y gran nivel intelectual de los y las postulantes.<\/p>\n<p>Y que los cuatro consejeros que ir\u00e1n a formar parte de los 11 que integran el INE y entre los que ya est\u00e1n <strong>Lorenzo C\u00f3rdova Vianello <\/strong>como presidente;<strong> Adriana M. Favela, Ciro Murayama, Dania Paola Ravel, Jaime Rivera, Jos\u00e9 Roberto Ruiz Salda\u00f1a <\/strong>y<strong> Beatriz Claudia Zavala, <\/strong>ser\u00e1n parte esencial para que el INE inicie el proceso electoral en septiembre que ser\u00e1 el m\u00e1s grande de la historia de M\u00e9xico con m\u00e1s de 3 mil cargos de elecci\u00f3n en juego, entre ellos 15 gubernaturas y las 500 diputaciones federales.<\/p>\n<p>Ma\u00f1ana jueves, o designan los diputados a los cuatro o lo har\u00e1 la Suprema Corte por la v\u00eda de la insaculaci\u00f3n, es decir, por sorteo entre cuatro quintetas de aspirantes. No hay de otra.<\/p>\n<p><em><a href=\"mailto:rvizcainoa@gmail.com\" target=\"_blank\" rel=\"noopener noreferrer\">rvizcainoa@gmail.com<\/a><br \/>\n<u><a href=\"http:\/\/endirecto.mx\" target=\"_blank\" rel=\"noopener noreferrer\">www.endirecto.mx<\/a><br \/>\n<a href=\"https:\/\/twitter.com\/_rvizcaino\" target=\"_blank\" rel=\"noopener noreferrer\">@_RVizcaino<\/a><br \/>\n<a href=\"https:\/\/www.facebook.com\/rvizcainoa\" target=\"_blank\" rel=\"noopener noreferrer\">facebook.com\/rvizcainoa<\/a><\/u><\/em><\/p>\n","protected":false},"excerpt":{"rendered":"<p><span style=\"color: #005497;\"><strong>Roberto Vizca\u00edno<\/strong><\/span><br \/>\n<br \/>\nBajo la aceptaci\u00f3n de que sin dinero ni recaudaci\u00f3n fiscal no habr\u00eda futuro para este gobierno ni para el pa\u00eds, el Senado abrir\u00e1 por primera vez en la historia del Congreso, el proyecto de Presupuesto de Ingresos al formato de Parlamento Abierto, lo que permitir\u00e1 que sectores sociales participen en su elaboraci\u00f3n.<\/p>\n","protected":false},"author":3,"featured_media":474842,"comment_status":"open","ping_status":"open","sticky":false,"template":"","format":"standard","meta":{"_monsterinsights_skip_tracking":false,"_monsterinsights_sitenote_active":false,"_monsterinsights_sitenote_note":"","_monsterinsights_sitenote_category":0,"footnotes":""},"categories":[136],"tags":[43674,93,94],"class_list":["post-474797","post","type-post","status-publish","format-standard","has-post-thumbnail","hentry","category-roberto-vizcaino-opinion","tag-opinion","tag-roberto-vizcaino","tag-tras-la-puerta-del-poder"],"_links":{"self":[{"href":"https:\/\/www.diarioimagen.net\/index.php?rest_route=\/wp\/v2\/posts\/474797","targetHints":{"allow":["GET"]}}],"collection":[{"href":"https:\/\/www.diarioimagen.net\/index.php?rest_route=\/wp\/v2\/posts"}],"about":[{"href":"https:\/\/www.diarioimagen.net\/index.php?rest_route=\/wp\/v2\/types\/post"}],"author":[{"embeddable":true,"href":"https:\/\/www.diarioimagen.net\/index.php?rest_route=\/wp\/v2\/users\/3"}],"replies":[{"embeddable":true,"href":"https:\/\/www.diarioimagen.net\/index.php?rest_route=%2Fwp%2Fv2%2Fcomments&post=474797"}],"version-history":[{"count":0,"href":"https:\/\/www.diarioimagen.net\/index.php?rest_route=\/wp\/v2\/posts\/474797\/revisions"}],"wp:featuredmedia":[{"embeddable":true,"href":"https:\/\/www.diarioimagen.net\/index.php?rest_route=\/wp\/v2\/media\/474842"}],"wp:attachment":[{"href":"https:\/\/www.diarioimagen.net\/index.php?rest_route=%2Fwp%2Fv2%2Fmedia&parent=474797"}],"wp:term":[{"taxonomy":"category","embeddable":true,"href":"https:\/\/www.diarioimagen.net\/index.php?rest_route=%2Fwp%2Fv2%2Fcategories&post=474797"},{"taxonomy":"post_tag","embeddable":true,"href":"https:\/\/www.diarioimagen.net\/index.php?rest_route=%2Fwp%2Fv2%2Ftags&post=474797"}],"curies":[{"name":"wp","href":"https:\/\/api.w.org\/{rel}","templated":true}]}}