{"id":474896,"date":"2020-07-23T00:13:41","date_gmt":"2020-07-23T05:13:41","guid":{"rendered":"https:\/\/www.diarioimagen.net\/?p=474896"},"modified":"2020-07-24T01:44:39","modified_gmt":"2020-07-24T06:44:39","slug":"quintana-roo-al-menos-4-mil-estudiantes-dejaran-sus-estudios","status":"publish","type":"post","link":"https:\/\/www.diarioimagen.net\/?p=474896","title":{"rendered":"Quintana Roo: al menos 4 mil estudiantes dejar\u00e1n sus estudios"},"content":{"rendered":"<h2>Derecho de r\u00e9plica<\/h2>\n<h5>Jos\u00e9 Luis Monta\u00f1ez<\/h5>\n<p>&nbsp;<\/p>\n<ul>\n<li><strong><em>No aplicaron para hacer su examen de nivel medio superior<\/em><\/strong><\/li>\n<\/ul>\n<p>&nbsp;<\/p>\n<div id=\"attachment_474951\" style=\"width: 470px\" class=\"wp-caption aligncenter\"><a href=\"https:\/\/www.diarioimagen.net\/?attachment_id=474951\" rel=\"attachment wp-att-474951\"><img loading=\"lazy\" decoding=\"async\" aria-describedby=\"caption-attachment-474951\" class=\"size-large wp-image-474951\" src=\"https:\/\/www.diarioimagen.net\/wp-content\/uploads\/2020\/07\/DERECHO01-1-460x259.jpg\" alt=\"\" width=\"460\" height=\"259\" srcset=\"https:\/\/www.diarioimagen.net\/wp-content\/uploads\/2020\/07\/DERECHO01-1-460x259.jpg 460w, https:\/\/www.diarioimagen.net\/wp-content\/uploads\/2020\/07\/DERECHO01-1-240x135.jpg 240w, https:\/\/www.diarioimagen.net\/wp-content\/uploads\/2020\/07\/DERECHO01-1-235x132.jpg 235w, https:\/\/www.diarioimagen.net\/wp-content\/uploads\/2020\/07\/DERECHO01-1-202x114.jpg 202w, https:\/\/www.diarioimagen.net\/wp-content\/uploads\/2020\/07\/DERECHO01-1-350x196.jpg 350w, https:\/\/www.diarioimagen.net\/wp-content\/uploads\/2020\/07\/DERECHO01-1-220x123.jpg 220w, https:\/\/www.diarioimagen.net\/wp-content\/uploads\/2020\/07\/DERECHO01-1-237x132.jpg 237w, https:\/\/www.diarioimagen.net\/wp-content\/uploads\/2020\/07\/DERECHO01-1.jpg 480w\" sizes=\"auto, (max-width: 460px) 100vw, 460px\" \/><\/a><p id=\"caption-attachment-474951\" class=\"wp-caption-text\">Tan s\u00f3lo en lo que se refiere al nivel medio superior, alrededor de cuatro mil 628 adolescentes de Quintana Roo no hicieron su registro para presentar el examen de admisi\u00f3n.<\/p><\/div>\n<p>&nbsp;<\/p>\n<p>Otro de los sectores que ha sido golpeado por la pandemia del Covid-19 es el educativo, pues muchas escuelas privadas se vieron obligadas a cerrar sus puertas, dejando sin opciones a los j\u00f3venes, que a su vez muchos por la grave situaci\u00f3n econ\u00f3mica que padecen, no pudieron renovar sus inscripciones. En el caso de\u00a0 las escuelas p\u00fablicas, muchas no lograron adaptarse a la educaci\u00f3n a distancia, derivando en la deserci\u00f3n de miles de estudiante en todos los niveles.<\/p>\n<p>Tan s\u00f3lo en lo que se refiere al nivel medio superior, alrededor de cuatro mil 628 adolescentes de Quintana Roo no hicieron su registro para presentar el examen de admisi\u00f3n, de modo que el saldo preliminar de estudiantes es de 16 mil 500 aspirantes de los 21 mil 128 que estaban previstos.<\/p>\n<p>Seg\u00fan la Secretar\u00eda de Educaci\u00f3n de Quintana Roo (SEQ), este a\u00f1o se lanz\u00f3 una oferta de 23 mil 998 espacios para una demanda de 21 mil 128 estudiantes, de los cuales \u00fanicamente 6 mil 500 se inscribieron al Proceso de Asignaci\u00f3n de Espacios al Nivel Medio Superior (PAENMS).<\/p>\n<p>Es decir, que s\u00f3lo 68.7% de los lugares para presentar el examen de admisi\u00f3n fueron ocupados, quedando libres un estimado de siete mil 498. Hay que destacar que en la estimaci\u00f3n se contemplan los egresados de secundaria con certificado hasta dos ciclos anteriores y j\u00f3venes no mayores de 17 a\u00f1os.<\/p>\n<p>Rafael Romero Mayo, subsecretario de Educaci\u00f3n Media Superior y Superior, declar\u00f3 que \u201csi cruzamos los n\u00fameros, tenemos m\u00e1s oferta que demanda, pero algunos municipios tienden a descender en cuanto a su matr\u00edcula, y otros se mantienen con una demanda rebasada, particularmente Canc\u00fan\u201d.<\/p>\n<p style=\"text-align: center;\"><strong>Cambios por Covid-19 y desempleo<\/strong><\/p>\n<p>Recordemos, que dada la situaci\u00f3n de la contingencia sanitaria por Covid-19, se realizaron tres modificaciones a la fecha l\u00edmite de registro, que originalmente estaba prevista para el 24 de abril y que finaliz\u00f3 el pasado 16 de julio.<\/p>\n<p>Estas modificaciones, adem\u00e1s buscaban apoyar a los muchos padres de familia se quedaron sin empleo, por lo que no pudieron cubrir el costo de la prueba, pese a que se ofrecieron descuentos y la oportunidad de registrarse para el examen sin tener que presentar el pago.<\/p>\n<p>De acuerdo con la encuesta realizada a m\u00e1s de 50 familias del Centro Integral de Atenci\u00f3n a las Mujeres (CIAM) Canc\u00fan, muchos de los adolescentes expresaron sentir la necesidad de pausar sus estudios y buscar un empleo para contribuir en el aspecto econ\u00f3mico, ya que por el momento ven prioritario ayudar a sus padres.<\/p>\n<p>\u201cLos m\u00e1s grandes (estamos hablando de secundaria o preparatoria) su mayor temor es que su familia no pueda solventar los gastos econ\u00f3micos y han mencionado que en cuanto termine la contingencia van a buscar un empleo, algunos incluso manifiestan no querer seguir estudiando porque detectan que hay carencias que cubrir en sus hogares\u201d, dijo Irma Gonz\u00e1lez Neri, directora del Centro.<\/p>\n<p>El examen de admisi\u00f3n al nivel medio superior se llevar\u00e1 a cabo los d\u00edas el 8 y 9 de agosto.<\/p>\n<p style=\"text-align: center;\"><strong>Baja la p\u00e9rdida de empleos, pero con recortes salariales<\/strong><\/p>\n<p>Seg\u00fan el reporte al mes de junio, del Instituto Mexicano del Seguro Social (IMSS), en Quintana Roo no sigui\u00f3 incrementando la p\u00e9rdida de empleos registrados y por el contrario mostr\u00f3 un crecimiento marginal respecto del mes de mayo pasado, no obstante, hay que destacar que esto se ha logrado debido a que muchos empresarios han reducido el sueldo de sus empleados, a fin de sobrevivir a la crisis econ\u00f3mica.<\/p>\n<p>En total, la entidad registra una p\u00e9rdida durante el primer semestre del a\u00f1o de 113,330 fuentes de trabajo, apenas 726 registros m\u00e1s respecto del mes anterior. No obstante, hay que aclarar que esta cifra se refiere s\u00f3lo a la p\u00e9rdida de empleos registrados por el IMSS, por que si se suman los empleos informales e indirectos, la cifra haciende a m\u00e1s de 200 mil plazas laborales perdidas en toda la entidad.<\/p>\n<p>La tendencia a la baja continu\u00f3 para los trabajadores permanentes, pues Quintana Roo inici\u00f3 enero de 2020 con un total de 340,099 personas registradas, y en febrero disminuy\u00f3 (antes de la pandemia) a los 336,419; esa tendencia sigui\u00f3 en marzo y abril cuando baj\u00f3 a 318,940 y 295,110 respectivamente. M\u00e1s tarde el descenso en mayo lleg\u00f3 hasta los 279,299 y finalmente en junio termin\u00f3 con 272,319 empleos permanentes con registro ante el IMSS, es decir, una ca\u00edda de 67,780 empleos de este tipo.<\/p>\n<p>En cuanto a los trabajadores eventuales, las cifras tambi\u00e9n descendieron a partir de enero, cuando hab\u00eda registrados 132,200 trabajadores, para junio ya solo hab\u00eda 86,65, un descenso equivalente a 45,550 plazas eventuales menos en todo el estado.<\/p>\n<p style=\"text-align: center;\"><strong>Crisis econ\u00f3mica afecta m\u00e1s a Q. Roo<\/strong><\/p>\n<p>El gobierno del estado anunci\u00f3 que la crisis econ\u00f3mica est\u00e1 afectando m\u00e1s gravemente a Quintana Roo sobre otros estados del pa\u00eds, puesto que sus ingresos dependen casi completamente del turismo, que qued\u00f3 varado durante por lo menos tres meses y cuya reactivaci\u00f3n no se ha podido lograr con \u00e9xito, desde su reapertura la segunda semana de junio.<\/p>\n<p>En Quintana Roo dispusieron desde abril pasado un paquete de est\u00edmulos para personas f\u00edsicas y morales que suman 125 millones de pesos en subsidios, los cuales han sido aprovechados por 40,835 contribuyentes hasta el 15 de junio pasado.<\/p>\n<p>Entre estos est\u00edmulos fiscales se encuentran el 20% de descuento para los contribuyentes que pagaron en tiempo y forma; 100% de descuento del Impuesto sobre N\u00f3mina (ISN) para las empresas que cuenten con uno a 50 empleados y del 50% para aquellas que cuenten con m\u00e1s de 51 trabajadores. Todos con el fin de sumar a la reactivaci\u00f3n econ\u00f3mica de la entidad sin perjudicar a nadie.<\/p>\n<p style=\"text-align: center;\"><strong>Precarizan empleos para sobrevivir<\/strong><\/p>\n<p>El dirigente de la Confederaci\u00f3n Revolucionaria de Obreros y Campesinos (CROC) en Canc\u00fan, Mario Machuca, inform\u00f3 que a\u00fan a pesar de todos los esfuerzos realizados por el gobierno estatal y los empresarios; los empleos que han logrado mantener en la industria hotelera de Canc\u00fan y Riviera Maya han sido precarizados con recortes salariales, descansos solidarios, vacaciones sin goce de sueldo, entre otras acciones, a fin de que los hoteleros conserven sus plantillas laborales, pues de otro modo no podr\u00edan sostener los gastos.<\/p>\n<p>Los hoteleros argumentan que aunque desde el pasado 8 de junio se reanudaron las actividades en el sector tur\u00edstico, en realidad los centros de hospedaje est\u00e1n a menos de 20% de ocupaci\u00f3n hotelera y prev\u00e9n, los m\u00e1s optimistas, que esta tendencia se mantenga hasta noviembre, cuando arrancar\u00eda una recuperaci\u00f3n, no obstante, hay algunos otros que no ven recuperaci\u00f3n alguna sino hasta el a\u00f1o entrante.<\/p>\n<p>Ante ello, los acuerdos tomados con los respectivos sindicatos establecen que se mantendr\u00e1n los recortes de sueldos, la rotaci\u00f3n de personal o las vacaciones sin goce de sueldos \u201chasta que la pandemia termine\u201d o hasta que haya una recuperaci\u00f3n econ\u00f3mica, lo cual deja abierto el plazo indefinidamente, reconoci\u00f3 Mario Machuca.<\/p>\n<p style=\"text-align: center;\"><strong>Para sobrellevar crisis, alba\u00f1iles casi regalan su trabajo<\/strong><\/p>\n<p>La crisis se hace presente en todos los sectores y se habla mucho de las afectaciones al gremio tur\u00edstico, por el que se han redoblado los esfuerzos para poder ayudarlo, no obstante, hay otros de los que tambi\u00e9n es importante hablar, para que reciban la atenci\u00f3n necesaria, caso tal es el de la educaci\u00f3n, que aqu\u00ed citamos anteriormente y ahora el de la construcci\u00f3n, que tambi\u00e9n deja una muy importante derrama econ\u00f3mica al estado y es una fuente generadora de empleos bastante grande.<\/p>\n<p>Para lograr la contrataci\u00f3n en obras privadas o p\u00fablicas, por citar algunos, los alba\u00f1iles de Chetumal han reducido sus honorarios en casi un 50%, con tal de ganar dinero para llevar a sus hogares y hacer contrapeso a la crisis que los golpea.<\/p>\n<p>El secretario general de la Confederaci\u00f3n Revolucionaria de Obreros y Campesinos (CROC) en Oth\u00f3n P. Blanco, C\u00e9sar Antonio Iuit, reconoci\u00f3 que de mil 200 obreros que hay en este municipio, la mayor\u00eda opta por malbaratar su mano de obra incluso a la mitad para conseguir que contratos en alguna obra, ya sea del sector privado o en las pocas p\u00fablicas que hay activas hoy en la capital.<\/p>\n<p>De un promedio de mil 800 pesos que ganaban a la semana en una obra de construcci\u00f3n de barda, cimentaci\u00f3n, pared o techo, ahora est\u00e1n ofreciendo ese mismo trabajo hasta en 900 pesos, con tal de obtener efectivo para la compra de alimentos para sus familias que permanecen en confinamiento social \u201cPor ejemplo si antes eran mil 800, ahora le bajan 100 pesos, 20 pesos, pero hay unos que con tal de trabajar y no estar en sus casas sin hacer nada y producir le bajan hasta la mitad, porque no se pueden quedar sin llevar alimento a su familia\u201d, asever\u00f3 Iuit.<\/p>\n<p>En Chetumal, algunas obras en las que est\u00e1n logrando entrar son las remodelaciones en viviendas, que les permiten generar pocas ganancias, de modo que siguen en espera de que mejore el panorama de la industria de la construcci\u00f3n. \u201cHay unos que s\u00ed est\u00e1n trabajando en obra p\u00fablica que se realiza en Chetumal como por ejemplo el de drenaje, pero son mil 200 obreros que hay, no todos pueden ocuparse en esa obra, as\u00ed que se tiene que buscar de d\u00f3nde\u201d, recalc\u00f3 el dirigente local de la CROC.<\/p>\n<p>El l\u00edder de los obreros concluye que derivado de la emergencia por el coronavirus hubo restricciones en la industria de la construcci\u00f3n, sin embargo ya se reactiv\u00f3 siendo una actividad esencial.<\/p>\n<p><a href=\"mailto:montanezaguilar@gmail.com\" target=\"_blank\" rel=\"noopener noreferrer\"><em>montanezaguilar@gmail.com<\/em><\/a><\/p>\n","protected":false},"excerpt":{"rendered":"<p><span style=\"color: #005497;\"><strong>Jos\u00e9 Luis Monta\u00f1ez<\/strong><\/span><br \/>\n<br \/>\nOtro de los sectores que ha sido golpeado por la pandemia del Covid-19 es el educativo, pues muchas escuelas privadas se vieron obligadas a cerrar sus puertas, dejando sin opciones a los j\u00f3venes, que a su vez muchos por la grave situaci\u00f3n econ\u00f3mica que padecen, no pudieron renovar sus inscripciones. En el caso de\u00a0 las escuelas p\u00fablicas, muchas no lograron adaptarse a la educaci\u00f3n a distancia, derivando en la deserci\u00f3n de miles de estudiante en todos los niveles.<\/p>\n","protected":false},"author":3,"featured_media":474951,"comment_status":"open","ping_status":"open","sticky":false,"template":"","format":"standard","meta":{"_monsterinsights_skip_tracking":false,"_monsterinsights_sitenote_active":false,"_monsterinsights_sitenote_note":"","_monsterinsights_sitenote_category":0,"footnotes":""},"categories":[5,25512],"tags":[47840,54579,43674],"class_list":["post-474896","post","type-post","status-publish","format-standard","has-post-thumbnail","hentry","category-estado-de-mexico","category-nacional-nacional","tag-derecho-de-replica","tag-jose-luis-montanez","tag-opinion"],"_links":{"self":[{"href":"https:\/\/www.diarioimagen.net\/index.php?rest_route=\/wp\/v2\/posts\/474896","targetHints":{"allow":["GET"]}}],"collection":[{"href":"https:\/\/www.diarioimagen.net\/index.php?rest_route=\/wp\/v2\/posts"}],"about":[{"href":"https:\/\/www.diarioimagen.net\/index.php?rest_route=\/wp\/v2\/types\/post"}],"author":[{"embeddable":true,"href":"https:\/\/www.diarioimagen.net\/index.php?rest_route=\/wp\/v2\/users\/3"}],"replies":[{"embeddable":true,"href":"https:\/\/www.diarioimagen.net\/index.php?rest_route=%2Fwp%2Fv2%2Fcomments&post=474896"}],"version-history":[{"count":0,"href":"https:\/\/www.diarioimagen.net\/index.php?rest_route=\/wp\/v2\/posts\/474896\/revisions"}],"wp:featuredmedia":[{"embeddable":true,"href":"https:\/\/www.diarioimagen.net\/index.php?rest_route=\/wp\/v2\/media\/474951"}],"wp:attachment":[{"href":"https:\/\/www.diarioimagen.net\/index.php?rest_route=%2Fwp%2Fv2%2Fmedia&parent=474896"}],"wp:term":[{"taxonomy":"category","embeddable":true,"href":"https:\/\/www.diarioimagen.net\/index.php?rest_route=%2Fwp%2Fv2%2Fcategories&post=474896"},{"taxonomy":"post_tag","embeddable":true,"href":"https:\/\/www.diarioimagen.net\/index.php?rest_route=%2Fwp%2Fv2%2Ftags&post=474896"}],"curies":[{"name":"wp","href":"https:\/\/api.w.org\/{rel}","templated":true}]}}