{"id":474911,"date":"2020-07-23T00:02:24","date_gmt":"2020-07-23T05:02:24","guid":{"rendered":"https:\/\/www.diarioimagen.net\/?p=474911"},"modified":"2020-07-23T02:17:15","modified_gmt":"2020-07-23T07:17:15","slug":"sumiso-arturo-herrera-aguanta-que-el-presidente-le-enmiende-la-plana","status":"publish","type":"post","link":"https:\/\/www.diarioimagen.net\/?p=474911","title":{"rendered":"Sumiso, Arturo Herrera aguanta que el Presidente le enmiende la plana"},"content":{"rendered":"<h2>La Retaguardia<\/h2>\n<h5>Adriana Moreno Cordero<\/h5>\n<p>&nbsp;<\/p>\n<p>Con las escenas vistas en la gustad\u00edsima conferencia de prensa ma\u00f1anera que ayer tuvo una gran variedad, como si fuera un show c\u00f3mico, m\u00e1gico y musical, muy austero, eso s\u00ed, buena parte de asistentes y no asistentes se acordaron de la primera fotograf\u00eda que se tom\u00f3 <strong>Arturo Herrera<\/strong>, secretario de Hacienda y Cr\u00e9dito P\u00fablico, cuando fue nombrado por el presidente <strong>Andr\u00e9s Manuel L\u00f3pez Obrador<\/strong> como nuevo responsable de las finanzas p\u00fablicas, a la salida de <strong>Carlos Manuel Urz\u00faa<\/strong>, quien sin duda, realiz\u00f3 uno de los actos m\u00e1s coherentes de su vida, pero eso es otra cuesti\u00f3n.<\/p>\n<p>Fue hace poco m\u00e1s de un a\u00f1o, -en julio de 2019- cuando el Presidente y el entonces nuevo funcionario, fueron captados en Palacio Nacional. Pese a manifestar Herrera que asum\u00eda su nueva encomienda con gran ilusi\u00f3n y responsabilidad, su rostro dec\u00eda otra cosa totalmente distinta. La seriedad y el temor lo domin\u00f3, con todo y que intent\u00f3 una acartonada y sudorosa sonrisa nerviosa.<\/p>\n<p>En ese entonces, empez\u00f3 a correr la versi\u00f3n en los corrillos pol\u00edticos de que no pasar\u00eda mucho tiempo y a m\u00e1s tardar en diciembre del a\u00f1o pasado, Arturo Herrera dejar\u00eda la titularidad de la SHCP, cosa que finalmente no pas\u00f3.<\/p>\n<p>Y puede que el problema es que el responsable de las finanzas p\u00fablicas se dej\u00f3 ningunear y \u00a0en varias ocasiones, el Ejecutivo le ha \u201cenmendado la plana\u201d a Herrera Guti\u00e9rrez, situaci\u00f3n que se recrudeci\u00f3 con la contingencia sanitaria de Covid-19, cuando el titular de la SHCP se tuvo que quedar con un palmo de narices porque programa que present\u00f3 o declaraci\u00f3n que hizo, fue desmentida p\u00fablicamente por el tabasque\u00f1o y a \u00e9l no le qued\u00f3 nada m\u00e1s que aguantar, sumiso.<\/p>\n<p>La m\u00e1s reciente fue en una reuni\u00f3n con industriales, donde habl\u00f3 del uso del cubrebocas como parte fundamental para la reactivaci\u00f3n econ\u00f3mica, tan necesaria y urgente en estos tiempos de crisis.<\/p>\n<p>Pues m\u00e1s tard\u00f3 en decirlo, que el Presidente en descalificarlo ayer en la ma\u00f1anera: \u201ccreo que est\u00e1 muy desproporcionado, (la declaraci\u00f3n de Herrera Guti\u00e9rrez), si el cubrebocas fuese una opci\u00f3n, pues me lo pongo de inmediato, pero no es as\u00ed\u201d, dijo L\u00f3pez Obrador.<\/p>\n<p>Los colores se le subieron al secretario de Hacienda cuando tuvo que aceptar frente a su jefe que s\u00ed hab\u00eda dicho eso; un desmentido m\u00e1s no import\u00f3, no en balde ha tenido un actitud totalmente sumisa, desde que asumi\u00f3 el cargo.<\/p>\n<p>Luego quiso corregir diciendo que eso del uso del cubrebocas lo hab\u00eda utilizado como una analog\u00eda para decir que en la reactivaci\u00f3n econ\u00f3mica se debe tener extremo cuidado, pero el rega\u00f1o ya estaba ah\u00ed.<\/p>\n<p>De cualquier manera, Herrera Guti\u00e9rrez confi\u00f3, ya no frente a su jefe: \u201cno tengo duda de que vamos a salir de esto (de la pandemia del Covid-19) y con el menor costo para la poblaci\u00f3n\u201d.<\/p>\n<p>En este contexto, un dato no sobra. Existen diversas encuestas que reportan, por cierto, que son los hombres los que se resisten y de plano, no utilizan el cubrebocas en esta pandemia porque lo consideran un s\u00edmbolo de debilidad. Eso pensar\u00e1 el tabasque\u00f1o; si ya de por s\u00ed, el desencanto de buen n\u00famero de sus seguidores aumenta d\u00eda a d\u00eda y se ha agudizado con la crisis sanitaria, no usa cubrebocas porque se ver\u00eda a\u00fan m\u00e1s d\u00e9bil y mermado, como cuando fue a visitar en Estados Unidos el monumento a Abraham Lincoln, \u00a1qu\u00e9 chiquito se ve\u00eda!<\/p>\n<p style=\"text-align: center;\"><strong>Municiones<\/strong><\/p>\n<p>*** Por cierto, no dej\u00f3 de llamar la atenci\u00f3n que en la variad\u00edsima ma\u00f1anera, el presidente L\u00f3pez Obrador, p\u00fablicamente les reclamara, -muy fraternalmente, eso s\u00ed, cosa que no hace con el secretario de Hacienda-, a los presidentes de la Junta de Coordinaci\u00f3n Pol\u00edtica, tanto en la C\u00e1mara de Diputados, como al Senado de la Rep\u00fablica, <strong>Mario Mart\u00edn Delgado<\/strong> y <strong>Ricardo Monreal Avila<\/strong>, respectivamente, porque en este periodo extraordinario, s\u00f3lo se haya incluido el tema de la elecci\u00f3n de los consejeros del INE, dejando fuera otros temas que mucho le interesan al tabasque\u00f1o como la desaparici\u00f3n de fideicomisos, y la presunta transparencia en la compra de medicamentos.<\/p>\n<p>*** Demasiado \u201ccantada\u201d por el tabasque\u00f1o la salida de <strong>Javier Jim\u00e9nez Spri\u00fa<\/strong> de la secretar\u00eda de Comunicaciones y Transportes por un conocido conflicto de inter\u00e9s y porque no est\u00e1 de acuerdo el funcionario con que la Secretar\u00eda de Marina, que encabeza <strong>Jos\u00e9 Rafael Ojeda<\/strong>, asuma el control de los puertos.<\/p>\n<p>*** Al momento de cerrar este espacio, luego de muy intensos jaloneos y con cinco horas de retraso, los diputados llegaron a un acuerdo para votar a los nuevos consejeros del INE, que ser\u00edan: <strong>Norma Irene de la Cruz Maga\u00f1a, Carla Astrid Humphrey Jordan, Jos\u00e9 Mart\u00edn Fernando Faz<\/strong> y <strong>Uuc-Kib Espadas Ancona<\/strong>. Morena no acept\u00f3 otras propuestas hechas por la oposici\u00f3n; finalmente tambi\u00e9n, <strong>John Ackerman, Mar\u00eda de los Dolores Padierna, Gerardo Fern\u00e1ndez Noro\u00f1a<\/strong> y <strong>Benjam\u00edn Robles<\/strong> quedaron desactivados en sus pataleos y se supone que todo se llevar\u00eda a cabo sin mayor problema. Sin embargo, de las cosas que llamaron la atenci\u00f3n, por ejemplo, a los guanajuatenses que fueron propuestos, de inmediato los descalificaron\u00a0 nada m\u00e1s por ese hecho, es decir, por el estado donde nacieron. Y eso que se supone que la semana pasada, el gobernador Diego Sinhue Rodr\u00edguez ya hab\u00eda fumado \u201cla pipa de la paz\u201d con el presidente L\u00f3pez Obrador. \u00a1Qu\u00e9 tal que no!<\/p>\n<p>*** En conferencia de prensa, el presidente de la Jucopo en la c\u00e1mara alta, Ricardo Monreal Avila, declar\u00f3 que despu\u00e9s de 23 a\u00f1os, \u201choy se inicia la correcci\u00f3n del rumbo del Sistema de Ahorro para el Retiro\u201d, esto, despu\u00e9s de que L\u00f3pez Obrador presentara una iniciativa en la materia. Agreg\u00f3 el zacatecano que es tiempo de la justicia social para las y los trabajadores, ya que con este acuerdo \u201cse esfuma el fantasma de la nacionalizaci\u00f3n o estatizaci\u00f3n de los fondos de ahorro de los trabajadores\u201d. Destac\u00f3 que el gobierno pudo haber postergado esta reforma, sin embargo, no lo hizo y reconoci\u00f3 la negociaci\u00f3n encabezada por <strong>Arturo Herrera<\/strong> y <strong>Carlos Aceves<\/strong>, de la CTM ha sido destacada. Asimismo, el senador Monreal Avila celebr\u00f3 que el grupo empresarial que coordina <strong>Carlos Salazar Lomel\u00edn<\/strong>, del CCE, haya logrado este acuerdo, el cual tendr\u00e1 que traducirse en ley. A\u00f1adi\u00f3 que con la nueva propuesta, los trabajadores, que son los m\u00e1s lastimados con la reforma anterior, \u201cno aportar\u00e1n nada, no har\u00e1n un esfuerzo adicional, no se les puede pedir un esfuerzo adicional\u201d. Detall\u00f3 que la aportaci\u00f3n de los empresarios se incrementar\u00e1 al 15.88 por ciento en un periodo de ocho a\u00f1os, adem\u00e1s, disminuir\u00e1n las ganancias de las afores. Asimismo, la reforma incluye modificaciones a las comisiones que cobran las afores para armonizarlas con los est\u00e1ndares internacionales.<\/p>\n<p><u><a href=\"mailto:morcora@gmail.com\" target=\"_blank\" rel=\"noopener noreferrer\"><em>morcora@gmail.com<\/em><\/a><\/u><\/p>\n","protected":false},"excerpt":{"rendered":"<p><span style=\"color: #005497;\"><strong>Adriana Moreno Cordero<\/strong><\/span><\/p>\n","protected":false},"author":3,"featured_media":0,"comment_status":"open","ping_status":"open","sticky":false,"template":"","format":"standard","meta":{"_monsterinsights_skip_tracking":false,"_monsterinsights_sitenote_active":false,"_monsterinsights_sitenote_note":"","_monsterinsights_sitenote_category":0,"footnotes":""},"categories":[69370],"tags":[69369,69368,43674],"class_list":["post-474911","post","type-post","status-publish","format-standard","hentry","category-adriana-moreno-cordero","tag-adriana-moreno-cordero","tag-la-retaguardia","tag-opinion"],"_links":{"self":[{"href":"https:\/\/www.diarioimagen.net\/index.php?rest_route=\/wp\/v2\/posts\/474911","targetHints":{"allow":["GET"]}}],"collection":[{"href":"https:\/\/www.diarioimagen.net\/index.php?rest_route=\/wp\/v2\/posts"}],"about":[{"href":"https:\/\/www.diarioimagen.net\/index.php?rest_route=\/wp\/v2\/types\/post"}],"author":[{"embeddable":true,"href":"https:\/\/www.diarioimagen.net\/index.php?rest_route=\/wp\/v2\/users\/3"}],"replies":[{"embeddable":true,"href":"https:\/\/www.diarioimagen.net\/index.php?rest_route=%2Fwp%2Fv2%2Fcomments&post=474911"}],"version-history":[{"count":0,"href":"https:\/\/www.diarioimagen.net\/index.php?rest_route=\/wp\/v2\/posts\/474911\/revisions"}],"wp:attachment":[{"href":"https:\/\/www.diarioimagen.net\/index.php?rest_route=%2Fwp%2Fv2%2Fmedia&parent=474911"}],"wp:term":[{"taxonomy":"category","embeddable":true,"href":"https:\/\/www.diarioimagen.net\/index.php?rest_route=%2Fwp%2Fv2%2Fcategories&post=474911"},{"taxonomy":"post_tag","embeddable":true,"href":"https:\/\/www.diarioimagen.net\/index.php?rest_route=%2Fwp%2Fv2%2Ftags&post=474911"}],"curies":[{"name":"wp","href":"https:\/\/api.w.org\/{rel}","templated":true}]}}