{"id":474912,"date":"2020-07-23T00:01:22","date_gmt":"2020-07-23T05:01:22","guid":{"rendered":"https:\/\/www.diarioimagen.net\/?p=474912"},"modified":"2020-07-23T03:06:59","modified_gmt":"2020-07-23T08:06:59","slug":"474912","status":"publish","type":"post","link":"https:\/\/www.diarioimagen.net\/?p=474912","title":{"rendered":"Delincuentes y paramilitares"},"content":{"rendered":"<h2>De pe a pa<\/h2>\n<h5>Alberto Vieyra G.<\/h5>\n<p>&nbsp;<\/p>\n<p>Despu\u00e9s de la masacre de Aguas Blancas el 28 de junio de 1995, sin duda un crimen de Estado perpetrado por militares y la polic\u00eda de Guerrero en el <em>vado<\/em> de Aguas Blancas, algunos medios de comunicaci\u00f3n como <em>Proceso<\/em> publicaron inquietantes fotograf\u00edas en las que aparec\u00edan todo un ej\u00e9rcito de guerrilleros perfectamente bien armados y uniformados, hecho que fue calificado por el entonces secretario de Gobernaci\u00f3n Emilio Chuayffet como \u201cuna burda pantomima\u201d. Jam\u00e1s se reconoci\u00f3 que en M\u00e9xico hab\u00eda por aquellos a\u00f1os cuando menos una docena de guerrillas en los estados de Guerrero, Hidalgo, Oaxaca, Veracruz, Chiapas, Michoac\u00e1n y las tres huastecas, entre otras entidades. Un a\u00f1o antes hab\u00eda estallado la guerilla zapatista en Chiapas.<\/p>\n<p>Y un cuarto de siglo despu\u00e9s de la matanza de Aguas Blancas, donde fueron masacrados decenas de campesinos guerrerenses, todo M\u00e9xico ha sido testigo, a trav\u00e9s de las redes sociales, de un video que muestra a casi un centenar de guerrilleros o criminales perfectamente uniformados y en poder de un arsenal y se presum\u00eda que se trataba del C\u00e1rtel Jalisco Nueva Generaci\u00f3n (CJNG). El video en cuesti\u00f3n provoc\u00f3 mucho desasosiego en el gobierno, pero con una inaudita irresponsabilidad, el titular de la Secretar\u00eda de Seguridad y Protecci\u00f3n Ciudadana, Alfonso Durazo, saldr\u00eda con la <em>mafufada, mafufa<\/em> de que se trataba de \u201cun montaje esc\u00e9nico\u201d, que m\u00e1s temprano que tarde ser\u00eda desmentido por los altos mandos castrenses y tanto el funcionario como el Presidente de la Rep\u00fablica, Andr\u00e9s Manuel L\u00f3pez Obrador quedar\u00edan en un aut\u00e9ntico rid\u00edculo. \u00a1Caray, en manos de qui\u00e9n estamos!\u00a0 Los expertos le demostraron al gobierno de AMLO que no hab\u00eda tal montaje y que su r\u00e9gimen estaba obligado a informar a los mexicanos sobre el misterioso ej\u00e9rcito, que al ser presentado en sociedad, daba una escalofriante lectura de desaf\u00edo al Estado mexicano y de escalofriante miedo para los simples mortales, que somos rehenes de las bandas criminales y ahora del coronavirus.<\/p>\n<p>Luis Cresencio Sandoval, titular de la Sedena, se ver\u00eda obligado a explicar lo que Alfonso Durazo Mota\u00f1o calificaba como \u201cun vil montaje esc\u00e9nico\u201d y que, de acuerdo al an\u00e1lisis t\u00e9cnico y serio de la Sedena, se trataba de un grupo de \u00e9lite del C\u00e1rtel Jalisco Nueva Generaci\u00f3n comandado hace un a\u00f1o por Juan Carlos Gonz\u00e1lez, alias \u201cEl 03\u201d, al servicio de R\u00faben Oseguera Cervantes \u201cEl Mencho\u201d con \u201cmayor movilidad, protecci\u00f3n blindada, poder, volumen de fuego y adiestramiento militar\u201d.<\/p>\n<p>\u00bfPor qu\u00e9 Durazo trata siempre de <em>tapar el sol con un dedo<\/em> exhibi\u00e9ndose como un vil funcionario est\u00fapido? O \u00bfEse ser\u00e1 su papel real? Le sale bien, pero nadie se la cree.<\/p>\n<p>Ahora bien, si la Sedena sabe de qu\u00e9 grupo delincuencial estamos hablando, \u00bfpor qu\u00e9 no act\u00faa o acaso ser\u00e1 porque los grupos criminales se han convertido en el r\u00e9gimen de AMLO en grupos paramilitares al servicio de su gobierno, a cambio de que \u00e9ste les permita hacer y deshacer? Parece que ese es uno de los ejes fundamentales del Foro de Sao Paulo y del comunismo. Pero usted y yo nos preguntamos: \u00bfY los grupos guerrilleros ya desaparecieron de M\u00e9xico o tambi\u00e9n est\u00e1n bajo la protecci\u00f3n del r\u00e9gimen amlista? \u00bfCu\u00e1ntos grupos paramilitares y de guerrilla hay en M\u00e9xico o se acabar\u00edan con la llegada de AMLO al poder? \u00bfNo que AMLO los calificar\u00eda como viles delincuentes? \u00bfQu\u00e9 significado real tiene el retorico discurso de AMLO de \u201cabrazos y no balazos\u201d? \u00bfQuerr\u00e1 decir?&#8230; Camaradas hagan lo que quieran porque en mi gobierno no habr\u00e1 balazos ni ser\u00e1n combatidos, porque mi gobierno es humanista y no de la ley de tali\u00f3n. \u00bfEl gobierno tiene realmente la capacidad para enfrentar al poder\u00edo de esos grupos criminales como el que se vio en los v\u00eddeos los pasados 17 y 18 de julio? \u00bfDe qu\u00e9 demonios sirve la militarizaci\u00f3n que lleva a cabo en el pa\u00eds AMLO, ser\u00e1 solamente para proteger a esos grupos armados y delincuenciales? \u00bfA M\u00e9xico ya se lo <em>carg\u00f3 patas de cabra<\/em> y por cu\u00e1nto tiempo seremos los mexicanos rehenes de las bandas poderosas y ponzo\u00f1osas bandas criminales?<\/p>\n<p><em><a href=\"mailto:info@agenciamn.com\" target=\"_blank\" rel=\"noopener noreferrer\">info@agenciamn.com<\/a><\/em><\/p>\n","protected":false},"excerpt":{"rendered":"<p><span style=\"color: #005497;\"><strong>Alberto Vieyra G.<\/strong><\/span><\/p>\n","protected":false},"author":3,"featured_media":0,"comment_status":"open","ping_status":"open","sticky":false,"template":"","format":"standard","meta":{"_monsterinsights_skip_tracking":false,"_monsterinsights_sitenote_active":false,"_monsterinsights_sitenote_note":"","_monsterinsights_sitenote_category":0,"footnotes":""},"categories":[4596],"tags":[43697,4597,43674],"class_list":["post-474912","post","type-post","status-publish","format-standard","hentry","category-alberto-vieyra-g","tag-alberto-vieyra-g","tag-de-pe-a-pa","tag-opinion"],"_links":{"self":[{"href":"https:\/\/www.diarioimagen.net\/index.php?rest_route=\/wp\/v2\/posts\/474912","targetHints":{"allow":["GET"]}}],"collection":[{"href":"https:\/\/www.diarioimagen.net\/index.php?rest_route=\/wp\/v2\/posts"}],"about":[{"href":"https:\/\/www.diarioimagen.net\/index.php?rest_route=\/wp\/v2\/types\/post"}],"author":[{"embeddable":true,"href":"https:\/\/www.diarioimagen.net\/index.php?rest_route=\/wp\/v2\/users\/3"}],"replies":[{"embeddable":true,"href":"https:\/\/www.diarioimagen.net\/index.php?rest_route=%2Fwp%2Fv2%2Fcomments&post=474912"}],"version-history":[{"count":0,"href":"https:\/\/www.diarioimagen.net\/index.php?rest_route=\/wp\/v2\/posts\/474912\/revisions"}],"wp:attachment":[{"href":"https:\/\/www.diarioimagen.net\/index.php?rest_route=%2Fwp%2Fv2%2Fmedia&parent=474912"}],"wp:term":[{"taxonomy":"category","embeddable":true,"href":"https:\/\/www.diarioimagen.net\/index.php?rest_route=%2Fwp%2Fv2%2Fcategories&post=474912"},{"taxonomy":"post_tag","embeddable":true,"href":"https:\/\/www.diarioimagen.net\/index.php?rest_route=%2Fwp%2Fv2%2Ftags&post=474912"}],"curies":[{"name":"wp","href":"https:\/\/api.w.org\/{rel}","templated":true}]}}