{"id":475045,"date":"2020-07-24T00:04:09","date_gmt":"2020-07-24T05:04:09","guid":{"rendered":"https:\/\/www.diarioimagen.net\/?p=475045"},"modified":"2020-07-24T03:47:35","modified_gmt":"2020-07-24T08:47:35","slug":"el-avance-del-virus","status":"publish","type":"post","link":"https:\/\/www.diarioimagen.net\/?p=475045","title":{"rendered":"El avance del virus"},"content":{"rendered":"<h2>Punto por punto<\/h2>\n<h5>Augusto Corro<\/h5>\n<p>&nbsp;<\/p>\n<p>De acuerdo con las autoridades sanitarias el coronavirus (Covid-19) ha registrado m\u00e1s de 41 mil decesos y m\u00e1s de 362 mil contagios. Cifras m\u00e1s que preocupantes en un pa\u00eds donde las enfermedades cr\u00f3nicas como diabetes, obesidad y presi\u00f3n alta son campo f\u00e9rtil para el desarrollo del Covid-19. Estamos, pues, sobre la amenaza de la pandemia y mientras no se tenga la vacuna o el tratamiento para detenerla, enfrentarla es cada vez m\u00e1s complejo.<\/p>\n<p>La lucha contra el virus tambi\u00e9n se presenta dif\u00edcil porque algunos no se empe\u00f1an en los cuidados para evitar la\u00a0 propagaci\u00f3n de la enfermedad. Se comprob\u00f3 en otros pa\u00edses que el uso del cubrebocas, lavarse las manos continuamente y guardar la sana distancia son acciones que evitan el contagio. En algunas ciudades ya es obligatorio usar el cubrebocas y los resultados fueron positivos.<\/p>\n<p>El uso del cubrebocas, el continuo aseo de manos y el mantenerse a distancia prudente son tres recomendaciones que funcionan como las principales armas para enfrentar la pandemia. Claro, tambi\u00e9n el aislamiento es necesario, pero para evitar los contagios durante la convivencia social es muy importante la pr\u00e1ctica de las medidas sanitarias se\u00f1aladas.<\/p>\n<p>En M\u00e9xico el coronavirus hace estragos y las autoridades no encuentran el camino para detener la pandemia. Las informaciones de las autoridades sanitarias no orientan, desorientan. Sus conferencias preocupan porque dan la impresi\u00f3n que tratan la pandemia como un juego de ni\u00f1os, pues de que nos sirve saber el n\u00famero de decesos si el problema amenaza con cobrarse m\u00e1s v\u00edctimas.<\/p>\n<p>\u00bfSi ya se comprob\u00f3 que el cubrebocas s\u00ed funcion\u00f3 en otros pa\u00edses que lograron contener la invasi\u00f3n viral, porque esa acci\u00f3n no se hace obligatoria en M\u00e9xico? \u00bfSi ya se sabe que lavarse las manos ayuda a evitar el contagio, porque no invadir de promociones para hacerlo? \u00bfY por qu\u00e9 las autoridades no son m\u00e1s estrictas para que se guarde la sana distancia?<\/p>\n<p>\u00bfPero si el\u00a0 propio presidente Andr\u00e9s Manuel L\u00f3pez Obrador se niega a usar el cubrebocas y miles lo imitan, qu\u00e9 nos espera? A veces se le olvida a las autoridades, de todos los niveles, que su conducta debe ser ejemplar y que es m\u00e1s importante la salud de sus gobernados que las actitudes caprichosas de los hombres en el poder. Ojal\u00e1 y no sea demasiado tarde cuando todos, autoridades y ciudadanos, decidan cumplir al pie de la letra las medidas sanitarias.<\/p>\n<p>En tanto, le recuerdo que no debemos bajar la guardia; pues seg\u00fan los cient\u00edficos, la vacuna contra el Covid-19 podr\u00eda aplicarse con efectos positivos reales hasta los primeros meses del a\u00f1o pr\u00f3ximo.<\/p>\n<p style=\"text-align: center;\"><strong>Una frivolidad<\/strong><\/p>\n<p>La venta del avi\u00f3n presidencial ya dej\u00f3 de ser un distractor. Que si se rifa, que si vende, que si es un s\u00edmbolo de la corrupci\u00f3n, etc., ya no interesa tanto a una poblaci\u00f3n sumida en el temor a ser v\u00edctima del coronavirus. Tocamos el tema, porque la nave ya se encuentra en M\u00e9xico, todav\u00eda en espera de que alguien se anime a comprarla, como si se tratara de un coche o una bicicleta.<\/p>\n<p>Se trata de una inversi\u00f3n de miles de millones de\u00a0 pesos, cuyo mantenimiento es muy caro y el gobierno no puede sostenerlo, en momentos en que nuestra econom\u00eda est\u00e1 peor que nunca. Sin embargo, el\u00a0 presidente L\u00f3pez Obrador habla de la nave como si se tratara de los principales asuntos que preocupan a M\u00e9xico.\u00a0 No es as\u00ed. En el presente, puede olvidarse del destino del avi\u00f3n, que a pocos les interesa.<\/p>\n<p>\u00bfPor qu\u00e9 no utilizar ese tiempo mal gastado en el tema del avi\u00f3n, en asuntos relacionados con la lucha contra la delincuencia que golpea como si se tratara de otra epidemia; o con los casos de\u00a0 desaparecidos, que suman miles: as\u00ed como los feminicidios? La econom\u00eda va en picada, la delincuencia organizada se encuentra en jauja, hasta hace desfiles de sicarios armados hasta los dientes, ante la complacencia de las autoridades; las personas desaparecidas y las fosas clandestinas son noticias cotidianas; y los asesinos de mujeres disfrutan de una escandalosa impunidad, casi en calidad de intocables. Frente a esos grav\u00edsimos problemas est\u00e1 el hecho fr\u00edvolo de la rifa o venta del avi\u00f3n presidencial. \u00bfUsted qu\u00e9 opina amable lector?<\/p>\n<p><span class=\"Apple-converted-space\"><em><u><a href=\"mailto:aco2742@hotmail.com\" target=\"_blank\" rel=\"noopener noreferrer\">aco2742@hotmail.com<\/a><\/u><\/em><\/span><\/p>\n","protected":false},"excerpt":{"rendered":"<p><span style=\"color: #005497;\"><strong>Augusto Corro<\/strong><\/span><\/p>\n","protected":false},"author":3,"featured_media":0,"comment_status":"open","ping_status":"open","sticky":false,"template":"","format":"standard","meta":{"_monsterinsights_skip_tracking":false,"_monsterinsights_sitenote_active":false,"_monsterinsights_sitenote_note":"","_monsterinsights_sitenote_category":0,"footnotes":""},"categories":[157],"tags":[43686,43674,11515],"class_list":["post-475045","post","type-post","status-publish","format-standard","hentry","category-augusto-corro","tag-augusto-corro","tag-opinion","tag-punto-por-punto"],"_links":{"self":[{"href":"https:\/\/www.diarioimagen.net\/index.php?rest_route=\/wp\/v2\/posts\/475045","targetHints":{"allow":["GET"]}}],"collection":[{"href":"https:\/\/www.diarioimagen.net\/index.php?rest_route=\/wp\/v2\/posts"}],"about":[{"href":"https:\/\/www.diarioimagen.net\/index.php?rest_route=\/wp\/v2\/types\/post"}],"author":[{"embeddable":true,"href":"https:\/\/www.diarioimagen.net\/index.php?rest_route=\/wp\/v2\/users\/3"}],"replies":[{"embeddable":true,"href":"https:\/\/www.diarioimagen.net\/index.php?rest_route=%2Fwp%2Fv2%2Fcomments&post=475045"}],"version-history":[{"count":0,"href":"https:\/\/www.diarioimagen.net\/index.php?rest_route=\/wp\/v2\/posts\/475045\/revisions"}],"wp:attachment":[{"href":"https:\/\/www.diarioimagen.net\/index.php?rest_route=%2Fwp%2Fv2%2Fmedia&parent=475045"}],"wp:term":[{"taxonomy":"category","embeddable":true,"href":"https:\/\/www.diarioimagen.net\/index.php?rest_route=%2Fwp%2Fv2%2Fcategories&post=475045"},{"taxonomy":"post_tag","embeddable":true,"href":"https:\/\/www.diarioimagen.net\/index.php?rest_route=%2Fwp%2Fv2%2Ftags&post=475045"}],"curies":[{"name":"wp","href":"https:\/\/api.w.org\/{rel}","templated":true}]}}