{"id":475061,"date":"2020-07-24T00:10:44","date_gmt":"2020-07-24T05:10:44","guid":{"rendered":"https:\/\/www.diarioimagen.net\/?p=475061"},"modified":"2020-07-24T04:38:31","modified_gmt":"2020-07-24T09:38:31","slug":"la-renuncia-de-jimenez-espriu","status":"publish","type":"post","link":"https:\/\/www.diarioimagen.net\/?p=475061","title":{"rendered":"La renuncia de Jim\u00e9nez Espri\u00fa"},"content":{"rendered":"<h2>De frente y de perfil<\/h2>\n<h5>Ram\u00f3n Zurita Sahag\u00fan<\/h5>\n<p>&nbsp;<\/p>\n<div id=\"attachment_475099\" style=\"width: 470px\" class=\"wp-caption aligncenter\"><a href=\"https:\/\/www.diarioimagen.net\/?attachment_id=475099\" rel=\"attachment wp-att-475099\"><img loading=\"lazy\" decoding=\"async\" aria-describedby=\"caption-attachment-475099\" class=\"size-large wp-image-475099\" src=\"https:\/\/www.diarioimagen.net\/wp-content\/uploads\/2020\/07\/pasa-charola-jose-luis-460x406.jpg\" alt=\"\" width=\"460\" height=\"406\" srcset=\"https:\/\/www.diarioimagen.net\/wp-content\/uploads\/2020\/07\/pasa-charola-jose-luis-460x406.jpg 460w, https:\/\/www.diarioimagen.net\/wp-content\/uploads\/2020\/07\/pasa-charola-jose-luis-240x212.jpg 240w, https:\/\/www.diarioimagen.net\/wp-content\/uploads\/2020\/07\/pasa-charola-jose-luis.jpg 700w\" sizes=\"auto, (max-width: 460px) 100vw, 460px\" \/><\/a><p id=\"caption-attachment-475099\" class=\"wp-caption-text\">Pasa \u00a0charola a \u00absus\u00bb trabajadores.. | Jos\u00e9 Luis<\/p><\/div>\n<p>&nbsp;<\/p>\n<p>Esperada y todo, la renuncia del secretario de Comunicaciones y Transportes, Javier Jim\u00e9nez Espri\u00fa, caus\u00f3 conmoci\u00f3n en el \u00e1mbito pol\u00edtico, por ser uno de los pocos personajes que form\u00f3 parte del gabinete de Andr\u00e9s Manuel L\u00f3pez Obrador hasta en tres ocasiones, dos en forma fallida y la real, en la actualidad.<\/p>\n<p>El propio Presidente hab\u00eda adelantado hace un par de d\u00edas que exist\u00edan diferencias con este personaje que se mantuvo cercano al Ejecutivo federal en todos sus intentos electorales por la Presidencia de la Rep\u00fablica y que finalmente decidi\u00f3 abandonar el barco en plena tormenta.<\/p>\n<p>Con la renuncia de Jim\u00e9nez Espri\u00fa se eleva a tres los miembros del gabinete que han renunciado en menos de dos de gobierno: primero fue el titular de Hacienda, Carlos Manuel Urz\u00faa; le sigui\u00f3 Josefa Gonz\u00e1lez (Blanco) Ortiz, encargada de Semarnat y ahora se produce la del secretario de la SCT.<\/p>\n<p>Jim\u00e9nez Espri\u00fa es reconocido profesionalmente, sin embargo tuvo varios conflictos en su desempe\u00f1o como titular de la SCT, siendo el m\u00e1s reciente con el gobernador de Baja California, Jaime Bonilla, por una disputa por el cobro de cuotas en una carretera del mencionado estado.<\/p>\n<p>Pero antes de eso, el entonces titular de la SCT olvid\u00f3 declarar un departamento en Houston y ahora con su renuncia surgen dos versiones: una que habla de la inconformidad del ahora ex secretario por la entrega de la operaci\u00f3n de los puertos a las fuerzas armadas y otra que lleva a la extradici\u00f3n de Emilio Lozoya y la eventual relaci\u00f3n de la familia del secretario con la empresa Odebrecht.<\/p>\n<p>El embrollo de los familiares de Jim\u00e9nez Espri\u00fa puede generar un nuevo drama, por la relaci\u00f3n de la empresa Grupo Idesa, vinculada a\u00a0 los negocios con Pemex, empresa paraestatal de la que fue director Pascual Guti\u00e9rrez Rold\u00e1n, suegro de Jim\u00e9nez Espri\u00fa.<\/p>\n<p>De 83 a\u00f1os de edad, el renunciante titular de la SCT, es ampliamente reconocido en el terreno profesional y en su desempe\u00f1o durante el ejercicio p\u00fablico, aunque en su papel de titular de la SCT dej\u00f3 mucho que desear y algunos lo consideraban como uno de los varios floreros con que cuenta el Ejecutivo federal.<\/p>\n<p>Antes de ser titular de la SCT hab\u00eda ocupado la subsecretar\u00eda de Comunicaciones y Desarrollo Tecnol\u00f3gico en la administraci\u00f3n presidencial de Miguel de la Madrid y trabaj\u00f3 en varias administraciones en el gobierno federal y su relaci\u00f3n se hizo cercana con el actual Presidente al que acompa\u00f1\u00f3 en sus tres campa\u00f1as, la de 2006, 2012 y 2018.<\/p>\n<p>La secretar\u00eda de Comunicaciones, de la que hoy es titular Jorge Arganiz D\u00edaz Leal, ha sido punto de conflicto durante varias d\u00e9cadas y por ella han desfilado personajes sumamente pol\u00e9micos, algunos de ellos denunciados por supuestas corruptelas, como es el caso de Eugenio M\u00e9ndez Docurro, quien con un amplio curr\u00edculum que abarcaba la direcci\u00f3n del Conacyt y del IPN, fue acusado de peculado y fraude, por lo que tuvo que cubrir un desfalco en Correos, para no estar en prisi\u00f3n.<\/p>\n<p>Recientemente Gerardo Ruiz Esparza fue se\u00f1alado como parte de una red supuesta de corrupci\u00f3n en esa dependencia, esc\u00e1ndalo que se apag\u00f3 con la muerte del ex titular de la SCT.<\/p>\n<p>Han pasado tambi\u00e9n por esa dependencia otros personajes que no dejaron buen sabor de boca como son los casos de Juan Andrew Almaz\u00e1n y Maximino \u00c1vila Camacho en el pasado y Emilio Gamboa, m\u00e1s recientemente. Los dos primeros generales y el tercero licenciado en Relaciones Industriales, ajenos totalmente a los temas de la SCT<\/p>\n<p>Y es que en diferentes etapas de la vida del M\u00e9xico moderno, la secretar\u00eda de Comunicaciones y Transportes ha sido en gran parte la encargada de la transformaci\u00f3n del pa\u00eds, construyendo carreteras, caminos rurales, autopistas, adem\u00e1s de normar todo tipo de comunicaciones, las a\u00e9reas, terrestres y hasta las tecnol\u00f3gicas.<\/p>\n<p>El nuevo secretario es un ingeniero civil con amplia experiencia, tanto en el sector p\u00fablico como privado, donde ha destacado como consultor de empresas trasnacionales \u00a0y fue secretario de Obras del gobierno capitalino, bajo la gesti\u00f3n de Marcelo Ebrard, por lo que se le considera una pieza insertada como parte del equipo del secretario de Relaciones Exteriores.<\/p>\n<p><a href=\"mailto:%20zurita_sahagun@hotmail.com\" target=\"_blank\" rel=\"noopener noreferrer\"><em>zurita_sahagun@hotmail.com<\/em><\/a><\/p>\n","protected":false},"excerpt":{"rendered":"<p><span style=\"color: #005497;\"><strong>Ram\u00f3n Zurita Sahag\u00fan<\/strong><\/span><br \/>\n<br \/>\nEsperada y todo, la renuncia del secretario de Comunicaciones y Transportes, Javier Jim\u00e9nez Espri\u00fa, caus\u00f3 conmoci\u00f3n en el \u00e1mbito pol\u00edtico, por ser uno de los pocos personajes que form\u00f3 parte del gabinete de Andr\u00e9s Manuel L\u00f3pez Obrador hasta en tres ocasiones, dos en forma fallida y la real, en la actualidad.<\/p>\n","protected":false},"author":3,"featured_media":475099,"comment_status":"open","ping_status":"open","sticky":false,"template":"","format":"standard","meta":{"_monsterinsights_skip_tracking":false,"_monsterinsights_sitenote_active":false,"_monsterinsights_sitenote_note":"","_monsterinsights_sitenote_category":0,"footnotes":""},"categories":[234],"tags":[304,43674,43687],"class_list":["post-475061","post","type-post","status-publish","format-standard","has-post-thumbnail","hentry","category-ramon-zurita-sahagun","tag-de-frente-y-de-perfil","tag-opinion","tag-ramon-zurita-sahagun"],"_links":{"self":[{"href":"https:\/\/www.diarioimagen.net\/index.php?rest_route=\/wp\/v2\/posts\/475061","targetHints":{"allow":["GET"]}}],"collection":[{"href":"https:\/\/www.diarioimagen.net\/index.php?rest_route=\/wp\/v2\/posts"}],"about":[{"href":"https:\/\/www.diarioimagen.net\/index.php?rest_route=\/wp\/v2\/types\/post"}],"author":[{"embeddable":true,"href":"https:\/\/www.diarioimagen.net\/index.php?rest_route=\/wp\/v2\/users\/3"}],"replies":[{"embeddable":true,"href":"https:\/\/www.diarioimagen.net\/index.php?rest_route=%2Fwp%2Fv2%2Fcomments&post=475061"}],"version-history":[{"count":0,"href":"https:\/\/www.diarioimagen.net\/index.php?rest_route=\/wp\/v2\/posts\/475061\/revisions"}],"wp:featuredmedia":[{"embeddable":true,"href":"https:\/\/www.diarioimagen.net\/index.php?rest_route=\/wp\/v2\/media\/475099"}],"wp:attachment":[{"href":"https:\/\/www.diarioimagen.net\/index.php?rest_route=%2Fwp%2Fv2%2Fmedia&parent=475061"}],"wp:term":[{"taxonomy":"category","embeddable":true,"href":"https:\/\/www.diarioimagen.net\/index.php?rest_route=%2Fwp%2Fv2%2Fcategories&post=475061"},{"taxonomy":"post_tag","embeddable":true,"href":"https:\/\/www.diarioimagen.net\/index.php?rest_route=%2Fwp%2Fv2%2Ftags&post=475061"}],"curies":[{"name":"wp","href":"https:\/\/api.w.org\/{rel}","templated":true}]}}