{"id":475109,"date":"2020-07-27T00:03:39","date_gmt":"2020-07-27T05:03:39","guid":{"rendered":"https:\/\/www.diarioimagen.net\/?p=475109"},"modified":"2020-07-26T21:16:43","modified_gmt":"2020-07-27T02:16:43","slug":"pese-a-la-pandemia-avanzan-trabajos-de-la-universidad-publica-naucalpense","status":"publish","type":"post","link":"https:\/\/www.diarioimagen.net\/?p=475109","title":{"rendered":"Pese a la pandemia, avanzan trabajos de la Universidad P\u00fablica Naucalpense"},"content":{"rendered":"<ul>\n<li><em><b>En el rancho donado \u201cLos Tres Garc\u00eda\u201d<\/b><\/em><\/li>\n<\/ul>\n<p>&nbsp;<\/p>\n<div id=\"attachment_475110\" style=\"width: 470px\" class=\"wp-caption aligncenter\"><a href=\"https:\/\/www.diarioimagen.net\/wp-content\/uploads\/2020\/07\/CAMACHO27-bpor.jpg\"><img loading=\"lazy\" decoding=\"async\" aria-describedby=\"caption-attachment-475110\" class=\"size-large wp-image-475110\" src=\"https:\/\/www.diarioimagen.net\/wp-content\/uploads\/2020\/07\/CAMACHO27-bpor-460x268.jpg\" alt=\"\" width=\"460\" height=\"268\" srcset=\"https:\/\/www.diarioimagen.net\/wp-content\/uploads\/2020\/07\/CAMACHO27-bpor-460x268.jpg 460w, https:\/\/www.diarioimagen.net\/wp-content\/uploads\/2020\/07\/CAMACHO27-bpor-240x140.jpg 240w, https:\/\/www.diarioimagen.net\/wp-content\/uploads\/2020\/07\/CAMACHO27-bpor.jpg 480w\" sizes=\"auto, (max-width: 460px) 100vw, 460px\" \/><\/a><p id=\"caption-attachment-475110\" class=\"wp-caption-text\">Se trabaja en la adecuaci\u00f3n de las instalaciones para recibir, en los pr\u00f3ximos meses, a la primera generaci\u00f3n de estudiantes de la Universidad P\u00fablica Naucalpense.<\/p><\/div>\n<p>&nbsp;<\/p>\n<p><strong>Naucalpan, Estado de M\u00e9xico<\/strong>.- A un a\u00f1o de que la alcaldesa Patricia Dur\u00e1n Reveles recibiera en donaci\u00f3n el rancho de \u201cLos Tres Garc\u00eda\u201d por parte del Presidente de M\u00e9xico, Andr\u00e9s Manuel L\u00f3pez Obrador, para la construcci\u00f3n de la Universidad P\u00fablica Naucalpense, se cuenta ya con el proyecto ejecutivo y se trabaja en la adecuaci\u00f3n de las instalaciones para recibir, en los pr\u00f3ximos meses, a la primera generaci\u00f3n de estudiantes.<\/p>\n<p>Pese a que la emergencia sanitaria por coronavirus ha obligado a la suspensi\u00f3n de actividades en distintas oficinas p\u00fablicas, las gestiones realizadas por la Mun\u00edcipe han permitido avances importantes en la obra que beneficiar\u00e1 a miles de estudiantes de Naucalpan y de demarcaciones aleda\u00f1as que cada a\u00f1o se quedan fuera de las instituciones educativas de nivel superior. La Secretaria de Cultura, Abigail Mart\u00ednez Salas, destac\u00f3 la realizaci\u00f3n de los estudios de pertinencia social y an\u00e1lisis de demanda, con los que se ha podido perfilar la oferta acad\u00e9mica y el modelo educativo.<\/p>\n<p>De acuerdo con la funcionaria, se proyecta una fuerza docente de seis profesoras y profesores para cada una de las cinco carreras, las cuales est\u00e1n por definirse, y ocho m\u00e1s enfocados en el programa Inducci\u00f3n a la Vida Acad\u00e9mica. Hace un a\u00f1o, el Presidente Andr\u00e9s Manuel L\u00f3pez Obrador anunci\u00f3 la donaci\u00f3n del predio de 21 mil 302 metros cuadrados, decomisado al crimen organizado.<span class=\"Apple-converted-space\">\u00a0<\/span><\/p>\n<p>En conferencia matutina en Palacio Nacional, resalt\u00f3 que el terreno tendr\u00eda un buen destino, a diferencia de lo que suced\u00eda en otras \u00e9pocas, cuando se desconoc\u00eda el paradero de los bienes confiscados a la delincuencia.<\/p>\n<p>Tres meses despu\u00e9s, cuando el Servicio de Administraci\u00f3n y Enajenaci\u00f3n de Bienes (SAE) de la Secretar\u00eda de Hacienda y Cr\u00e9dito P\u00fablico oficializ\u00f3 la entrega, la Alcaldesa de Naucalpan calific\u00f3 el hecho como hist\u00f3rico.<\/p>\n<p>El proceso para el donativo comenz\u00f3 el 19 de julio de 2019, cuando el Ayuntamiento solicit\u00f3 el terreno al Gobierno de M\u00e9xico. El d\u00eda 25 del mismo mes, el Presidente L\u00f3pez Obrador anunci\u00f3 la donaci\u00f3n.<\/p>\n<p>Actualmente, el Gobierno de Naucalpan labora en la plataforma de aprendizaje en l\u00ednea, los planes y programas de las licenciaturas, el marco normativo acad\u00e9mico, el programa Inducci\u00f3n a la Vida Acad\u00e9mica y el proyecto Sendero Seguro, que estar\u00e1 a cargo de la Direcci\u00f3n General de Seguridad Ciudadana.<\/p>\n","protected":false},"excerpt":{"rendered":"<p>A un a\u00f1o de que la alcaldesa Patricia Dur\u00e1n Reveles recibiera en donaci\u00f3n el rancho de \u201cLos Tres Garc\u00eda\u201d por parte del Presidente de M\u00e9xico, Andr\u00e9s Manuel L\u00f3pez Obrador, para la construcci\u00f3n de la Universidad P\u00fablica Naucalpense, se cuenta ya con el proyecto ejecutivo y se trabaja en la adecuaci\u00f3n de las instalaciones para recibir, en los pr\u00f3ximos meses, a la primera generaci\u00f3n de estudiantes.<\/p>\n","protected":false},"author":1,"featured_media":475110,"comment_status":"open","ping_status":"open","sticky":false,"template":"","format":"standard","meta":{"_monsterinsights_skip_tracking":false,"_monsterinsights_sitenote_active":false,"_monsterinsights_sitenote_note":"","_monsterinsights_sitenote_category":0,"footnotes":""},"categories":[5],"tags":[43675,970,81467,91359,91360],"class_list":["post-475109","post","type-post","status-publish","format-standard","has-post-thumbnail","hentry","category-estado-de-mexico","tag-estado-de-mexico","tag-naucalpan","tag-patricia-duran-reveles","tag-universidad-publica-naucalpense","tag-los-tres-garcia"],"_links":{"self":[{"href":"https:\/\/www.diarioimagen.net\/index.php?rest_route=\/wp\/v2\/posts\/475109","targetHints":{"allow":["GET"]}}],"collection":[{"href":"https:\/\/www.diarioimagen.net\/index.php?rest_route=\/wp\/v2\/posts"}],"about":[{"href":"https:\/\/www.diarioimagen.net\/index.php?rest_route=\/wp\/v2\/types\/post"}],"author":[{"embeddable":true,"href":"https:\/\/www.diarioimagen.net\/index.php?rest_route=\/wp\/v2\/users\/1"}],"replies":[{"embeddable":true,"href":"https:\/\/www.diarioimagen.net\/index.php?rest_route=%2Fwp%2Fv2%2Fcomments&post=475109"}],"version-history":[{"count":0,"href":"https:\/\/www.diarioimagen.net\/index.php?rest_route=\/wp\/v2\/posts\/475109\/revisions"}],"wp:featuredmedia":[{"embeddable":true,"href":"https:\/\/www.diarioimagen.net\/index.php?rest_route=\/wp\/v2\/media\/475110"}],"wp:attachment":[{"href":"https:\/\/www.diarioimagen.net\/index.php?rest_route=%2Fwp%2Fv2%2Fmedia&parent=475109"}],"wp:term":[{"taxonomy":"category","embeddable":true,"href":"https:\/\/www.diarioimagen.net\/index.php?rest_route=%2Fwp%2Fv2%2Fcategories&post=475109"},{"taxonomy":"post_tag","embeddable":true,"href":"https:\/\/www.diarioimagen.net\/index.php?rest_route=%2Fwp%2Fv2%2Ftags&post=475109"}],"curies":[{"name":"wp","href":"https:\/\/api.w.org\/{rel}","templated":true}]}}