{"id":475168,"date":"2020-07-27T00:02:54","date_gmt":"2020-07-27T05:02:54","guid":{"rendered":"https:\/\/www.diarioimagen.net\/?p=475168"},"modified":"2020-07-26T22:54:11","modified_gmt":"2020-07-27T03:54:11","slug":"lozoya-como-evo-pactos-con-lopez-obrador","status":"publish","type":"post","link":"https:\/\/www.diarioimagen.net\/?p=475168","title":{"rendered":"Lozoya, como Evo: pactos con L\u00f3pez Obrador"},"content":{"rendered":"<h2>La Retaguardia<\/h2>\n<h5>Adriana Moreno Cordero<\/h5>\n<p><em>\u00a0<\/em><\/p>\n<ul>\n<li><strong><em>\u00bfPodr\u00e1 con su nuevo cargo Alfonso Su\u00e1rez del Real?<\/em><\/strong><\/li>\n<\/ul>\n<p>&nbsp;<\/p>\n<p>Luego de haberse cumplido una semana de que el ex director de Pemex, <strong>Emilio Lozoya Austin<\/strong> habr\u00eda pisado suelo mexicano, se comprueba de manera fehaciente que pact\u00f3 con el presidente <strong>Andr\u00e9s Manuel L\u00f3pez Obrador<\/strong> en lo oscurito, \u00bfpor qu\u00e9 no? y lo que destaca es que intercambi\u00f3 gozar de libertad, -con todo y que se diga que permanece en un lujoso Hospital del sur de la Ciudad de M\u00e9xico en calidad de detenido-, por hacer filtraciones que le han servido al mandatario para, una vez m\u00e1s, distraer la atenci\u00f3n de los duros efectos de la pandemia de Covid-19 en M\u00e9xico, donde las curvas aplanadas son inexistentes y el Presidente es el primero en no acatar las medidas preventivas.<\/p>\n<p>El tabasque\u00f1o ha establecido un perverso juego con quien se ha convertido en su carta mayor en esto de justificar los errores y omisiones de la llamada Cuarta Transformaci\u00f3n, as\u00ed que es de esperarse que no tarde mucho en salir la en\u00e9sima contradicci\u00f3n en su gabinete, espec\u00edficamente en la Fiscal\u00eda General de la Rep\u00fablica, a cargo de <strong>Alejandro Gertz Manero,<\/strong> a quien, -seg\u00fan se sabe-,\u00a0 no le han permitido hacer su trabajo; con eso de que el presidente L\u00f3pez Obrador tiene la costumbre de ningunear p\u00fablicamente a sus funcionarios, en este caso, el manejo del expediente Emilio \u201cele\u201d, supone que puede hacerlo el tiempo que quiera y para sus muy particulares intereses.<\/p>\n<p>Lozoya Austin -tomando en cuenta que toda comparaci\u00f3n es odiosa-, se encuentra en nuestro pa\u00eds casi, casi, como estuvo en calidad de \u201ch\u00e9roe\u201d, ni m\u00e1s ni menos que el ex presidente de Bolivia, <strong>Evo Morales<\/strong>, a quien los integrantes de la llamada Cuarta Transformaci\u00f3n, le dispensaron todo tipo de atenciones, privilegios y, como se recordar\u00e1, mandaron por \u00e9l en una aeronave en la que no viaja ni el propio L\u00f3pez Obrador y hasta coperacha organiz\u00f3 el diputado petista <strong>Gerardo Fern\u00e1ndez Noro\u00f1a<\/strong>, de a 500 pesos por legislador, para mantener la estad\u00eda del ex mandatario boliviano. Sin embargo, ante el rechazo de buena parte de la poblaci\u00f3n, el boliviano se fue sin hacer ruido de nuestro pa\u00eds, donde lleg\u00f3 a sentirse inc\u00f3modo, hacia Argentina y actualmente no est\u00e1 en mejor situaci\u00f3n.<\/p>\n<p>En el caso del ex director de Pemex, a ver c\u00f3mo termina.<\/p>\n<p>Por otra parte, y en esto de los acuciosos y calculados movimientos que hacen los de la llamada Cuarta Transformaci\u00f3n, en el gobierno de la Ciudad de M\u00e9xico, a cargo de <strong>Claudia Sheinbaum<\/strong>, se quedaron con un \u201cpalmo de narices\u201d, <strong>C\u00e9sar Cravioto, Tom\u00e1s Pliego <\/strong>y <strong>H\u00e9ctor Ulises Garc\u00eda Nieto<\/strong>, porque cada uno de ellos ya se ve\u00eda como secretario de Gobierno en la capital de la Rep\u00fablica, sustituyendo a <strong>Rosa Icela Rodr\u00edguez<\/strong>, que fue nombrada por el Presidente al frente de la Coordinaci\u00f3n de Puertos y Marina Mercante.<\/p>\n<p>Desde el Parque Ecol\u00f3gico de Xochimilco, en una hermosa ma\u00f1ana dominical, la se\u00f1ora Sheinbaum (\u00bfser\u00eda ella o su jefe?), opt\u00f3 por el perfil menos id\u00f3neo en este cargo, que a partir de ayer ya ocupa quien fuera el secretario de Cultura de la CDMX, <strong>Alfonso Su\u00e1rez del Real<\/strong>.<\/p>\n<p>\u201cSabe todo\u201d, dijo la jefa de Gobierno de la CDMX en su efusivo discurso de bienvenida. \u00bfSer\u00e1?, porque de lo m\u00e1s recordado, est\u00e1 cuando, apenas el pasado 15 de julio, de plano el ex secretario de Cultura \u201cconfundi\u00f3\u201d, (\u00bfo c\u00f3mo puede llam\u00e1rsele?), a Victoriano Huerta con Francisco I. Madero y en un p\u00f3ster ampliamente difundido, aparec\u00eda la imagen del Ap\u00f3stol de la Democracia, recordando que en 1914 y ante el avance de las Fuerzas Constitucionalistas, Huerta renunciaba al cargo de Presidente del pa\u00eds, que obtuvo como resultado de un golpe de Estado.<\/p>\n<p>De mil maneras, el hoy flamante secretario de Gobierno, trat\u00f3 de justificar su error, pero no pudo conseguirlo. Ahora en esta nueva encomienda, la pregunta es, simple y llanamente, si Su\u00e1rez del Real podr\u00e1 con el cargo y no precisamente porque quien lo dej\u00f3, Rosa Icela Rodr\u00edguez, haya sido la m\u00e1s brillante.<\/p>\n<p style=\"text-align: center;\"><strong>Municiones<\/strong><\/p>\n<p>*** Si el presidente L\u00f3pez Obrador, supone que visti\u00e9ndose con sus peores fachas, se disfraza de su \u201cpueblo sabio y bueno\u201d y eso es sin\u00f3nimo de que est\u00e1 en contacto con \u00e9l y atiende sus necesidades, est\u00e1 en un craso error; eso no le sirve ni como candidato para las elecciones de 2021. La imagen que el mandatario a pulso ha forjado en el mundo, es verdaderamente pat\u00e9tica. Por ejemplo, el semanario ingl\u00e9s \u201cThe Economist\u201d, da cuenta que entre los programas que de un tajo acab\u00f3 el tabasque\u00f1o, est\u00e1 el denominando \u201ctres por uno\u201d y que en los \u00faltimos 20 a\u00f1os hab\u00eda logrado resultados muy importantes gracias a las aportaciones de migrantes zacatecanos que viven en Estados Unidos y el gobierno federal a un fondo que se destin\u00f3 a cinco mil 500 obras p\u00fablicas que tuvieron un costo de 3.5 billones de pesos. Pero lleg\u00f3 L\u00f3pez Obrador y de un plumazo lo acab\u00f3, de acuerdo a lo que denunci\u00f3 <strong>Efra\u00edn Jim\u00e9nez<\/strong>, del FEDZAC, un club de inmigrantes.<\/p>\n<p>*** El gobierno de la Ciudad de M\u00e9xico debe cambiar radicalmente su estrategia para hacer frente a la pandemia, declar\u00f3 la dirigente del PRD en la CDMX, <strong>Nora Arias Contreras<\/strong>, quien ageg\u00f3 que la estrategia debe incluir el uso obligatorio de cubrebocas, pruebas masivas principalmente entre la poblaci\u00f3n m\u00e1s vulnerable, como adultos mayores y mujeres embarazadas, as\u00ed como al personal m\u00e9dico, trabajadores de limpia y servicios urbanos. Adem\u00e1s, la dirigente del partido del sol azteca conmin\u00f3 a crear certidumbre en los mensajes para que vayan en una sola l\u00ednea las declaraciones y recomendaciones del gobierno federal y local. Arias Contreras insisti\u00f3 en su demanda de adelantar la campa\u00f1a de vacunaci\u00f3n contra la influenza con el objetivo de evitar que confluya con el coronavirus y se registre un mayor incremento en contagios y decesos en la Ciudad de M\u00e9xico. De manera particular, la dirigente perredista se refiri\u00f3 al Plan por la Ciudad de M\u00e9xico, entregado recientemente a la jefa de Gobierno, y en el cual, especialistas en la materia aportaron una serie de recomendaciones para hacer frente con eficacia a los estragos de la pandemia. Reiter\u00f3 la urgencia de crear una comisi\u00f3n independiente que fiscalice las cifras de contagios, sospechosos y decesos, as\u00ed como la elaboraci\u00f3n de un padr\u00f3n que permita darle seguimiento a todas las personas que tuvieron contacto con un enfermo de coronavirus porque los datos oficiales distan mucho de la realidad.<\/p>\n<p><u><a href=\"mailto:morcora@gmail.com\" target=\"_blank\" rel=\"noopener noreferrer\"><em>morcora@gmail.com<\/em><\/a><\/u><u><\/u><\/p>\n","protected":false},"excerpt":{"rendered":"<p><span style=\"color: #005497;\"><strong>Adriana Moreno Cordero<\/strong><\/span><\/p>\n","protected":false},"author":3,"featured_media":0,"comment_status":"open","ping_status":"open","sticky":false,"template":"","format":"standard","meta":{"_monsterinsights_skip_tracking":false,"_monsterinsights_sitenote_active":false,"_monsterinsights_sitenote_note":"","_monsterinsights_sitenote_category":0,"footnotes":""},"categories":[69370],"tags":[69369,69368,43674],"class_list":["post-475168","post","type-post","status-publish","format-standard","hentry","category-adriana-moreno-cordero","tag-adriana-moreno-cordero","tag-la-retaguardia","tag-opinion"],"_links":{"self":[{"href":"https:\/\/www.diarioimagen.net\/index.php?rest_route=\/wp\/v2\/posts\/475168","targetHints":{"allow":["GET"]}}],"collection":[{"href":"https:\/\/www.diarioimagen.net\/index.php?rest_route=\/wp\/v2\/posts"}],"about":[{"href":"https:\/\/www.diarioimagen.net\/index.php?rest_route=\/wp\/v2\/types\/post"}],"author":[{"embeddable":true,"href":"https:\/\/www.diarioimagen.net\/index.php?rest_route=\/wp\/v2\/users\/3"}],"replies":[{"embeddable":true,"href":"https:\/\/www.diarioimagen.net\/index.php?rest_route=%2Fwp%2Fv2%2Fcomments&post=475168"}],"version-history":[{"count":0,"href":"https:\/\/www.diarioimagen.net\/index.php?rest_route=\/wp\/v2\/posts\/475168\/revisions"}],"wp:attachment":[{"href":"https:\/\/www.diarioimagen.net\/index.php?rest_route=%2Fwp%2Fv2%2Fmedia&parent=475168"}],"wp:term":[{"taxonomy":"category","embeddable":true,"href":"https:\/\/www.diarioimagen.net\/index.php?rest_route=%2Fwp%2Fv2%2Fcategories&post=475168"},{"taxonomy":"post_tag","embeddable":true,"href":"https:\/\/www.diarioimagen.net\/index.php?rest_route=%2Fwp%2Fv2%2Ftags&post=475168"}],"curies":[{"name":"wp","href":"https:\/\/api.w.org\/{rel}","templated":true}]}}