{"id":475179,"date":"2020-07-27T00:03:43","date_gmt":"2020-07-27T05:03:43","guid":{"rendered":"https:\/\/www.diarioimagen.net\/?p=475179"},"modified":"2020-07-26T23:03:53","modified_gmt":"2020-07-27T04:03:53","slug":"ine-semi-renovado","status":"publish","type":"post","link":"https:\/\/www.diarioimagen.net\/?p=475179","title":{"rendered":"INE, semi-renovado"},"content":{"rendered":"<h2>Espacio Electoral<\/h2>\n<h5>Eleazar Flores<\/h5>\n<p>&nbsp;<\/p>\n<p><strong>RENOVACI\u00d3N<\/strong>-. Con cuatro nuevos de los once que son, el Instituto Nacional Electoral inicia preparativos para los comicios intermedios de 2021 y los locales de casi una veintena de entidades, catorce de las cuales incluyen elecci\u00f3n de gobernador, lo que pol\u00edticamente interesa.<\/p>\n<p>Pero tambi\u00e9n viene algo que hasta ahora pasa casi desapercibido por los medios, renovar o elegir a los nuevos integrantes de los Institutos Electorales Locales, soporte operativo del INE.<\/p>\n<p><strong>INTEGRANTES<\/strong>-. Los nuevos integrantes del Instituto Nacional Electoral son la guerrerense Norma Irene de la Cruz y Carla Astrrid Humprey. La primera, con ligas laborales al PRD y luego Morena, pero de gran experiencia internacional. La segunda es chilanguense, ligada a la Unidad de Inteligencia Financiera de Santiago Nieto. Cubren la cuota de g\u00e9nero adem\u00e1s, m\u00e9ritos acad\u00e9micos.<\/p>\n<p>Otros consejeros son Jos\u00e9 Mart\u00edn Fernando Faz y Uuc-Kib Espadas. El primero, es originario de San Luis Potos\u00ed y como buen \u201cvecino de diez estados\u201d sabe de todas todas en comicios y Derechos Humanos. El segundo, es yucateco, abiertamente militante de cuando menos cuatro partidos de izquierda, por lo que se define como \u201cpartid\u00f3crata\u201d. Como ver\u00e1, las filias de los cuatro son abiertas, por lo que eso de que el INE se ha ciudadanizado est\u00e1 por verse, recu\u00e9rdelo.<\/p>\n<p>Qu\u00e9 pasar\u00eda si alguno de los cuatro se dijera abiertamente derechista, Dios me libre, no pasar\u00eda.<\/p>\n<p><strong>PRIMERA PRUEBA<\/strong>-. Ser\u00eda injusto descalificar de antemano a uno o a los cuatro, ser\u00e1 mejor esperar su desempe\u00f1o y por fortuna, falta poco para comprobarlo. Esto ser\u00e1 en septiembre cuando inician\u00a0 trabajos preparatorios para los las elecciones federales intermedias del primer domingo de junio de 2021, que son las que depender\u00e1n directamente del INE.<\/p>\n<p>Como supervisores o coordinadores, ir\u00e1n en auxilio de las elecciones locales en 14 entidades del pa\u00eds, principalmente en aquellas donde adem\u00e1s de diputados locales, -que interesan poco- as\u00ed como de casi un millar de nuevos ayuntamientos en igual n\u00famero de municipios, -que interesan mucho-, sobresalen las de gobernador. Veremos cu\u00e1ntas gana Morena y pierden PAN y PRI.<\/p>\n<p><strong>PRUEBA DE FUEGO<\/strong>-. La prueba de fuego para los viejos y nuevos integrantes del INE ser\u00e1 sin embargo, cuando por ley y calendario, los consejeros tomen la decisi\u00f3n de ordenar al padre de la Cuarta Transformaci\u00f3n limitar sus ma\u00f1aneras, giras, dec\u00e1logos y dem\u00e1s pronunciamientos finsemaneros, sean desde el p\u00falpito matutino o cualquier otro lugar.<\/p>\n<p>Ser\u00e1 oportunidad para que los viejos consejeros, -cuya postura se conoce-, coincida o discrepe con la de los nuevos, de filias y hasta militancia izquierdista confesa. Seguramente, unos dar\u00e1n libertad al tabasque\u00f1o para seguir con sus ma\u00f1aneras, giras y dec\u00e1logos, los otros qui\u00e9n sabe.<\/p>\n<p>Estas posturas se dirimir\u00e1n entre diciembre y enero, a esperar.<\/p>\n<p><em><a href=\"mailto:elefa44@gmail.com\" target=\"_blank\" rel=\"noopener noreferrer\">elefa44@gmail.com<\/a><\/em><\/p>\n","protected":false},"excerpt":{"rendered":"<p><span style=\"color: #005497;\"><strong>Eleazar Flores<\/strong><\/span><\/p>\n","protected":false},"author":3,"featured_media":0,"comment_status":"open","ping_status":"open","sticky":false,"template":"","format":"standard","meta":{"_monsterinsights_skip_tracking":false,"_monsterinsights_sitenote_active":false,"_monsterinsights_sitenote_note":"","_monsterinsights_sitenote_category":0,"footnotes":""},"categories":[81743],"tags":[81744,81776,43674],"class_list":["post-475179","post","type-post","status-publish","format-standard","hentry","category-eleazar-flores","tag-eleazar-flores","tag-espacio-electoral","tag-opinion"],"_links":{"self":[{"href":"https:\/\/www.diarioimagen.net\/index.php?rest_route=\/wp\/v2\/posts\/475179","targetHints":{"allow":["GET"]}}],"collection":[{"href":"https:\/\/www.diarioimagen.net\/index.php?rest_route=\/wp\/v2\/posts"}],"about":[{"href":"https:\/\/www.diarioimagen.net\/index.php?rest_route=\/wp\/v2\/types\/post"}],"author":[{"embeddable":true,"href":"https:\/\/www.diarioimagen.net\/index.php?rest_route=\/wp\/v2\/users\/3"}],"replies":[{"embeddable":true,"href":"https:\/\/www.diarioimagen.net\/index.php?rest_route=%2Fwp%2Fv2%2Fcomments&post=475179"}],"version-history":[{"count":0,"href":"https:\/\/www.diarioimagen.net\/index.php?rest_route=\/wp\/v2\/posts\/475179\/revisions"}],"wp:attachment":[{"href":"https:\/\/www.diarioimagen.net\/index.php?rest_route=%2Fwp%2Fv2%2Fmedia&parent=475179"}],"wp:term":[{"taxonomy":"category","embeddable":true,"href":"https:\/\/www.diarioimagen.net\/index.php?rest_route=%2Fwp%2Fv2%2Fcategories&post=475179"},{"taxonomy":"post_tag","embeddable":true,"href":"https:\/\/www.diarioimagen.net\/index.php?rest_route=%2Fwp%2Fv2%2Ftags&post=475179"}],"curies":[{"name":"wp","href":"https:\/\/api.w.org\/{rel}","templated":true}]}}