{"id":475231,"date":"2020-07-28T00:03:08","date_gmt":"2020-07-28T05:03:08","guid":{"rendered":"https:\/\/www.diarioimagen.net\/?p=475231"},"modified":"2020-07-27T23:58:34","modified_gmt":"2020-07-28T04:58:34","slug":"reinventando-el-verano-curso-recreativo-digital-para-ninas-y-ninos-en-naucalpan","status":"publish","type":"post","link":"https:\/\/www.diarioimagen.net\/?p=475231","title":{"rendered":"Reinventando el verano, curso recreativo digital para ni\u00f1as y ni\u00f1os, en Naucalpan"},"content":{"rendered":"<ul>\n<li><em><b>Fomentan actividades art\u00edsticas y deportivas<\/b><\/em><\/li>\n<\/ul>\n<p>&nbsp;<\/p>\n<div id=\"attachment_475232\" style=\"width: 470px\" class=\"wp-caption aligncenter\"><a href=\"https:\/\/www.diarioimagen.net\/wp-content\/uploads\/2020\/07\/CAMACHO28-c-por.jpg\"><img loading=\"lazy\" decoding=\"async\" aria-describedby=\"caption-attachment-475232\" class=\"size-large wp-image-475232\" src=\"https:\/\/www.diarioimagen.net\/wp-content\/uploads\/2020\/07\/CAMACHO28-c-por-460x268.jpg\" alt=\"\" width=\"460\" height=\"268\" srcset=\"https:\/\/www.diarioimagen.net\/wp-content\/uploads\/2020\/07\/CAMACHO28-c-por-460x268.jpg 460w, https:\/\/www.diarioimagen.net\/wp-content\/uploads\/2020\/07\/CAMACHO28-c-por-240x140.jpg 240w, https:\/\/www.diarioimagen.net\/wp-content\/uploads\/2020\/07\/CAMACHO28-c-por.jpg 480w\" sizes=\"auto, (max-width: 460px) 100vw, 460px\" \/><\/a><p id=\"caption-attachment-475232\" class=\"wp-caption-text\">El gobierno de Naucalpan ofrece una alternativa recreativa a ni\u00f1as y ni\u00f1os del municipio con el curso virtual \u201cReinventando el verano\u201d.<\/p><\/div>\n<p>&nbsp;<\/p>\n<p><strong>Naucalpan, Estado de M\u00e9xico<\/strong>.- Con el curso virtual \u201cReinventando el verano\u201d, el gobierno local ofrece una alternativa recreativa a ni\u00f1as y ni\u00f1os del municipio que permanecen en casa para evitar el contagio de coronavirus, en fechas en las que com\u00fanmente disfrutan de las vacaciones escolares.<\/p>\n<p>La Secretar\u00eda de Cultura, a trav\u00e9s de la Direcci\u00f3n de Educaci\u00f3n y del Instituto Municipal de Cultura F\u00edsica y Deporte (Imcufiden), convoc\u00f3 a la poblaci\u00f3n infantil, de 4 a 12 a\u00f1os, a participar de este curso y disfrutar de actividades art\u00edsticas y deportivas. Como parte del programa, la Secretaria de Cultura, Abigail Mart\u00ednez Salas, particip\u00f3 como cuentacuentos en la sesi\u00f3n \u00a1Sorpresa \u201cEl Principito\u201d!, que se llev\u00f3 a cabo el viernes 24 de julio.<\/p>\n<p>Un total de 113 participantes, en tres grupos, escucharon la lectura de algunos fragmentos del famoso libro El Principito, de Antoine de Saint-Exup\u00e9ry, en la voz de Mart\u00ednez Salas. Tras describir f\u00edsicamente a este personaje de cabello naranja y capa azul, Mart\u00ednez Salas los invit\u00f3 a adoptar la lectura y de esta forma darle vuelo a su imaginaci\u00f3n. \u201cEs un libro muy importante en la literatura. Todos van a ser adultos, pero nos podemos llevar un pedacito nuestro de ni\u00f1os para siempre\u201d, les dijo.<\/p>\n<p>A pesar de que las actividades se efect\u00faan desde casa, con \u201cReinventando el Verano\u201d se motiva a los peque\u00f1os a realizar actividad f\u00edsica, adem\u00e1s de aprender y divertirse.<\/p>\n<p>\u201cLas actividades son netamente pedag\u00f3gicas, pero con un toque l\u00fadico para que el ni\u00f1o sienta que es un espacio de esparcimiento y no lo vea como una extensi\u00f3n de la escuela.<\/p>\n<p>\u201cLa sociedad est\u00e1 acostumbrada a que en las vacaciones de verano siempre hay cursos, entonces, la creaci\u00f3n de esto fue adaptarnos a la situaci\u00f3n que estamos viviendo y demostrar que s\u00ed podemos reinventar las cosas que son cotidianas\u201d, coment\u00f3 Sarec Guianella Jim\u00e9nez, Directora de Educaci\u00f3n.<\/p>\n<p>A\u00f1adi\u00f3 que se ha puesto mucha atenci\u00f3n en la seguridad digital, con reglas de acceso para que ninguna persona externa pueda entrar a estas actividades que se realizan v\u00eda Zoom.<\/p>\n<p>Baile, manualidades, pintura, gimnasia cerebral, huerto, talleres de ciencia, risa o reciclaje, son algunas de las sesiones que los peque\u00f1os disfrutan de manera totalmente gratuita. El curso de verano se lleva a cabo del 20 al 31 de julio, de 10:00 a 14:30 horas.<\/p>\n","protected":false},"excerpt":{"rendered":"<p>Con el curso virtual \u201cReinventando el verano\u201d, el gobierno local ofrece una alternativa recreativa a ni\u00f1as y ni\u00f1os del municipio que permanecen en casa para evitar el contagio de coronavirus, en fechas en las que com\u00fanmente disfrutan de las vacaciones escolares.<\/p>\n","protected":false},"author":1,"featured_media":475232,"comment_status":"open","ping_status":"open","sticky":false,"template":"","format":"standard","meta":{"_monsterinsights_skip_tracking":false,"_monsterinsights_sitenote_active":false,"_monsterinsights_sitenote_note":"","_monsterinsights_sitenote_category":0,"footnotes":""},"categories":[5],"tags":[91367,43675,970,91366,47401],"class_list":["post-475231","post","type-post","status-publish","format-standard","has-post-thumbnail","hentry","category-estado-de-mexico","tag-curso-recreativo-digital","tag-estado-de-mexico","tag-naucalpan","tag-reinventando-el-verano","tag-secretaria-de-cultura"],"_links":{"self":[{"href":"https:\/\/www.diarioimagen.net\/index.php?rest_route=\/wp\/v2\/posts\/475231","targetHints":{"allow":["GET"]}}],"collection":[{"href":"https:\/\/www.diarioimagen.net\/index.php?rest_route=\/wp\/v2\/posts"}],"about":[{"href":"https:\/\/www.diarioimagen.net\/index.php?rest_route=\/wp\/v2\/types\/post"}],"author":[{"embeddable":true,"href":"https:\/\/www.diarioimagen.net\/index.php?rest_route=\/wp\/v2\/users\/1"}],"replies":[{"embeddable":true,"href":"https:\/\/www.diarioimagen.net\/index.php?rest_route=%2Fwp%2Fv2%2Fcomments&post=475231"}],"version-history":[{"count":0,"href":"https:\/\/www.diarioimagen.net\/index.php?rest_route=\/wp\/v2\/posts\/475231\/revisions"}],"wp:featuredmedia":[{"embeddable":true,"href":"https:\/\/www.diarioimagen.net\/index.php?rest_route=\/wp\/v2\/media\/475232"}],"wp:attachment":[{"href":"https:\/\/www.diarioimagen.net\/index.php?rest_route=%2Fwp%2Fv2%2Fmedia&parent=475231"}],"wp:term":[{"taxonomy":"category","embeddable":true,"href":"https:\/\/www.diarioimagen.net\/index.php?rest_route=%2Fwp%2Fv2%2Fcategories&post=475231"},{"taxonomy":"post_tag","embeddable":true,"href":"https:\/\/www.diarioimagen.net\/index.php?rest_route=%2Fwp%2Fv2%2Ftags&post=475231"}],"curies":[{"name":"wp","href":"https:\/\/api.w.org\/{rel}","templated":true}]}}