{"id":475266,"date":"2020-07-28T00:04:48","date_gmt":"2020-07-28T05:04:48","guid":{"rendered":"https:\/\/www.diarioimagen.net\/?p=475266"},"modified":"2020-07-29T00:14:43","modified_gmt":"2020-07-29T05:14:43","slug":"estudiantes-de-posgrado-de-uaem-continuan-con-trabajo-academico","status":"publish","type":"post","link":"https:\/\/www.diarioimagen.net\/?p=475266","title":{"rendered":"Estudiantes de posgrado de UAEM contin\u00faan con trabajo acad\u00e9mico"},"content":{"rendered":"<p>&nbsp;<\/p>\n<div id=\"attachment_475322\" style=\"width: 470px\" class=\"wp-caption aligncenter\"><a href=\"https:\/\/www.diarioimagen.net\/?attachment_id=475322\" rel=\"attachment wp-att-475322\"><img loading=\"lazy\" decoding=\"async\" aria-describedby=\"caption-attachment-475322\" class=\"size-large wp-image-475322\" src=\"https:\/\/www.diarioimagen.net\/wp-content\/uploads\/2020\/07\/UAEM27-460x259.jpg\" alt=\"\" width=\"460\" height=\"259\" srcset=\"https:\/\/www.diarioimagen.net\/wp-content\/uploads\/2020\/07\/UAEM27-460x259.jpg 460w, https:\/\/www.diarioimagen.net\/wp-content\/uploads\/2020\/07\/UAEM27-240x135.jpg 240w, https:\/\/www.diarioimagen.net\/wp-content\/uploads\/2020\/07\/UAEM27-235x132.jpg 235w, https:\/\/www.diarioimagen.net\/wp-content\/uploads\/2020\/07\/UAEM27-202x114.jpg 202w, https:\/\/www.diarioimagen.net\/wp-content\/uploads\/2020\/07\/UAEM27-350x196.jpg 350w, https:\/\/www.diarioimagen.net\/wp-content\/uploads\/2020\/07\/UAEM27-220x123.jpg 220w, https:\/\/www.diarioimagen.net\/wp-content\/uploads\/2020\/07\/UAEM27-237x132.jpg 237w, https:\/\/www.diarioimagen.net\/wp-content\/uploads\/2020\/07\/UAEM27.jpg 480w\" sizes=\"auto, (max-width: 460px) 100vw, 460px\" \/><\/a><p id=\"caption-attachment-475322\" class=\"wp-caption-text\">Tesistas de posgrado de la UAEM presentaron, en l\u00ednea, avances de sus trabajos de investigaci\u00f3n para incentivar la movilidad urbana sustentable en Toluca.<\/p><\/div>\n<p>&nbsp;<\/p>\n<p><strong>Toluca, Estado de M\u00e9xico.\u2013<\/strong> Incentivar la movilidad urbana sustentable en Toluca a trav\u00e9s de ciclov\u00edas y el desarrollo de una aplicaci\u00f3n m\u00f3vil para la gesti\u00f3n de residuos urbanos son algunas de las propuestas de tesistas de posgrado de la Universidad Aut\u00f3noma del Estado de M\u00e9xico que presentaron, en l\u00ednea, los avances de sus trabajos de investigaci\u00f3n.<\/p>\n<p>Durante la inauguraci\u00f3n del Seminario Virtual de Avances de Investigaci\u00f3n de Tesistas Dirigidos por Integrantes del Cuerpo Acad\u00e9mico Planeaci\u00f3n, Urbanismo y Medio Ambiente de la Facultad de Planeaci\u00f3n Urbana y Regional (FaPUR) de la UAEM, el director de Investigaci\u00f3n de la Aut\u00f3noma mexiquense, Luis D\u00edaz S\u00e1nchez, reconoci\u00f3 el esfuerzo de dicho grupo de acad\u00e9micos para mantenerse en constante actualizaci\u00f3n durante la pandemia.<\/p>\n<p>En presencia del encargado del despacho de la direcci\u00f3n de la FaPUR, Benigno Gonz\u00e1lez Garc\u00eda, el coordinador de investigaci\u00f3n, Carlos Alberto P\u00e9rez Ram\u00edrez, se\u00f1al\u00f3 que este ejercicio virtual tiene por objeto presentar y retroalimentar los avances de tesis del semestre 2020-A.<\/p>\n","protected":false},"excerpt":{"rendered":"<p>Incentivar la movilidad urbana sustentable en Toluca a trav\u00e9s de ciclov\u00edas y el desarrollo de una aplicaci\u00f3n m\u00f3vil para la gesti\u00f3n de residuos urbanos son algunas de las propuestas de tesistas de posgrado de la Universidad Aut\u00f3noma del Estado de M\u00e9xico que presentaron, en l\u00ednea, los avances de sus trabajos de investigaci\u00f3n.\u00a0<\/p>\n","protected":false},"author":3,"featured_media":475322,"comment_status":"open","ping_status":"open","sticky":false,"template":"","format":"standard","meta":{"_monsterinsights_skip_tracking":false,"_monsterinsights_sitenote_active":false,"_monsterinsights_sitenote_note":"","_monsterinsights_sitenote_category":0,"footnotes":""},"categories":[5],"tags":[80148,43675,452,8961,1490],"class_list":["post-475266","post","type-post","status-publish","format-standard","has-post-thumbnail","hentry","category-estado-de-mexico","tag-academico","tag-estado-de-mexico","tag-toluca","tag-trabajo","tag-universidad-autonoma-del-estado-de-mexico"],"_links":{"self":[{"href":"https:\/\/www.diarioimagen.net\/index.php?rest_route=\/wp\/v2\/posts\/475266","targetHints":{"allow":["GET"]}}],"collection":[{"href":"https:\/\/www.diarioimagen.net\/index.php?rest_route=\/wp\/v2\/posts"}],"about":[{"href":"https:\/\/www.diarioimagen.net\/index.php?rest_route=\/wp\/v2\/types\/post"}],"author":[{"embeddable":true,"href":"https:\/\/www.diarioimagen.net\/index.php?rest_route=\/wp\/v2\/users\/3"}],"replies":[{"embeddable":true,"href":"https:\/\/www.diarioimagen.net\/index.php?rest_route=%2Fwp%2Fv2%2Fcomments&post=475266"}],"version-history":[{"count":0,"href":"https:\/\/www.diarioimagen.net\/index.php?rest_route=\/wp\/v2\/posts\/475266\/revisions"}],"wp:featuredmedia":[{"embeddable":true,"href":"https:\/\/www.diarioimagen.net\/index.php?rest_route=\/wp\/v2\/media\/475322"}],"wp:attachment":[{"href":"https:\/\/www.diarioimagen.net\/index.php?rest_route=%2Fwp%2Fv2%2Fmedia&parent=475266"}],"wp:term":[{"taxonomy":"category","embeddable":true,"href":"https:\/\/www.diarioimagen.net\/index.php?rest_route=%2Fwp%2Fv2%2Fcategories&post=475266"},{"taxonomy":"post_tag","embeddable":true,"href":"https:\/\/www.diarioimagen.net\/index.php?rest_route=%2Fwp%2Fv2%2Ftags&post=475266"}],"curies":[{"name":"wp","href":"https:\/\/api.w.org\/{rel}","templated":true}]}}