{"id":475278,"date":"2020-07-28T00:05:40","date_gmt":"2020-07-28T05:05:40","guid":{"rendered":"https:\/\/www.diarioimagen.net\/?p=475278"},"modified":"2020-07-28T01:03:20","modified_gmt":"2020-07-28T06:03:20","slug":"la-fuerza-de-claudia-sheinbaum","status":"publish","type":"post","link":"https:\/\/www.diarioimagen.net\/?p=475278","title":{"rendered":"La fuerza de Claudia Sheinbaum"},"content":{"rendered":"<h2>Desde el portal<\/h2>\n<h5>\u00c1ngel Soriano<\/h5>\n<p>&nbsp;<\/p>\n<p>El modelo de rastreo de casos asintom\u00e1ticos y cr\u00edticos en la Ciudad de M\u00e9xico implementado en la Ciudad de M\u00e9xico fue trasladado ya a Chiapas y Tabasco para aplicarlo en comunidades marginadas y, aunque el subsecretario Hugo L\u00f3pez-Gatell subraya que es un modelo que aplican organismos internacionales, lo cierto es que es novedoso y efectivo en el mundo.<\/p>\n<p>De esa manera, Sheinbaum ha demostrado la eficacia en la conducci\u00f3n de la epidemia en la capital del pa\u00eds, una de las primeras afectadas en M\u00e9xico por su densidad demogr\u00e1fica e intensa movilidad y, a\u00fan cuando las medidas de prevenci\u00f3n fueron tard\u00edas, la jefa de Gobierno adopt\u00f3 de inmediato un programa de rastreo y seguimiento que se extender\u00e1 por el pa\u00eds.<\/p>\n<p>Y cuando el 18 de julio en la ceremonia luctuosa a don Benito Ju\u00e1rez en el recinto parlamentario de Palacio Nacional presidida por el presidente L\u00f3pez Obrador y en donde su esposa Beatriz Guti\u00e9rrez M\u00fcller fue tambi\u00e9n oradora, Sheinbaum ubic\u00f3 a Alfonso Su\u00e1rez del Real en el discurso oficial, como una presentaci\u00f3n previa a lo que vendr\u00eda: su designaci\u00f3n como secretario de Gobierno en la CDMX.<\/p>\n<p>Se sab\u00eda de las diferencias entre Sheinbaum y la ahora titular de Puertos y Marina Mercante, Rosa Icela Rodr\u00edguez y aunque la secretar\u00eda de Gobierno era una posici\u00f3n clave manejada por el presidente AMLO, Sheinbaum la respetaba pero se sent\u00eda inc\u00f3moda. Los ajustes se realizaron como ella lo plante\u00f3, de la misma manera como se impuso ante L\u00f3pez-Gatell. Sheinbaum demuestra que tiene manejo pol\u00edtico.<\/p>\n<p style=\"text-align: center;\"><strong>TURBULENCIAS<br \/>\nOtro mundo de Calder\u00f3n y Pe\u00f1a Nieto<\/strong><\/p>\n<p>\u00a0Al presentar el fara\u00f3nico avi\u00f3n presidencial, el presidente Andr\u00e9s Manuel L\u00f3pez Obrador record\u00f3 la frase de Jos\u00e9 Mar\u00eda Morelos y Pav\u00f3n: Que se modere la indigencia y la opulencia, que se eleve el salario del pe\u00f3n, que se eduque al hijo del campesino, igual que al hijo del m\u00e1s rico hacendado, que haya tribunales que defiendan al d\u00e9bil de los abusos que comete el fuerte. Morelos, que encarnaba la lucha por la igualdad, imag\u00ednense. A lo mejor si le hubiesen puesto de nombre Agust\u00edn de Iturbide, Antonio L\u00f3pez de Santa Anna, Porfirio D\u00edaz, Carlos Salinas de Gortari, tendr\u00eda m\u00e1s apego a la realidad. \u00a1C\u00f3mo hacer todas estas cosas! Era otro mundo, indic\u00f3\u2026Durante su gira por Oaxaca, que algunos observadores ven como un mensaje al ex gobernador de Oaxaca, Jos\u00e9 Murat, creador del Pacto por M\u00e9xico, el general secretario Luis Cresencio Sandoval agreg\u00f3 una regi\u00f3n m\u00e1s al estado: La Monta\u00f1a, que es de Guerrero, en tanto que el presidente L\u00f3pez Obrador con un excelente conocimiento del estado se ubic\u00f3 exactamente en el lugar donde se encontraba: Santa Luc\u00eda del Camino, municipio conurbado de la ciudad de Oaxaca. Dif\u00edcil conocer los 570 municipios, las 8 regiones de la entidad, grupos \u00e9tnicos y diversidad de lenguas y usos y costumbres, incluso ni los mismos epidemi\u00f3logos como Jos\u00e9 Luis Alom\u00eda le atinan a ubicar los lugares geogr\u00e1ficos. Alom\u00eda dijo del municipio de Santa Cruz Xoxocotl\u00e1n \u2013donde est\u00e1 ubicado el aeropuerto Internacional \u201cBenito Ju\u00e1rez\u201d-, municipio de Santa Cruz; nadie lo conoce as\u00ed, se le conoce popularmente como Xoxo. La noche del domingo, Hugo L\u00f3pez-Gatell confundi\u00f3 \u2013o desconoce- Culiac\u00e1n como un estado con sus municipios, dijo, cuando es la capital de Sinaloa. Hace falta impartir un curso de geograf\u00eda e historia en los miembros del gabinete para que no confundan m\u00e1s a la ciudadan\u00eda\u2026El gobernador de Oaxaca, Alejandro Murat, present\u00f3 ante el presidente de la Junta de Coordinaci\u00f3n Pol\u00edtica del Senado, Ricardo Monreal, una propuesta que reforma, adiciona y deroga diversas disposiciones del C\u00f3digo Nacional de Procedimientos Penales (CNPP), con el objetivo de construir un nuevo paradigma que le restituya al Estado Mexicano su condici\u00f3n constitucional de garante de la paz y el bienestar desde la legalidad y el acceso efectivo a la justicia, estuvieron tambi\u00e9n los gobernadores de Tlaxcala, Marco Antonio Mena Rodr\u00edguez; de Hidalgo, Omar Fayad Meneses, y de Veracruz, Cuitl\u00e1huac Garc\u00eda Jim\u00e9nez., el senador Ra\u00fal Bola\u00f1os-Cacho Cu\u00e9; la presidenta del Colectivo 50 + 1, Mar\u00eda Elena Orantes y el presidente de la Concamin, Francisco Cervantes.<\/p>\n<p><a href=\"mailto:asorianocarrasco@yahoo.com\" target=\"_blank\" rel=\"noopener noreferrer\"><em>asorianocarrasco@yahoo.com<\/em><\/a><br \/>\n<em><a href=\"https:\/\/twitter.com\/brecharevista\" target=\"_blank\" rel=\"noopener noreferrer\">@BrechaRevista<\/a><a href=\"mailto:asorianocarrasco@yahoo.com\" target=\"_blank\" rel=\"noopener noreferrer\"><br \/>\n<\/a><a href=\"https:\/\/revistabrecha.com\" target=\"_blank\" rel=\"noopener noreferrer\">www.revistabrecha.com<\/a><\/em><\/p>\n","protected":false},"excerpt":{"rendered":"<p><span style=\"color: #005497;\"><strong>\u00c1ngel Soriano<\/strong><\/span><\/p>\n","protected":false},"author":3,"featured_media":0,"comment_status":"open","ping_status":"open","sticky":false,"template":"","format":"standard","meta":{"_monsterinsights_skip_tracking":false,"_monsterinsights_sitenote_active":false,"_monsterinsights_sitenote_note":"","_monsterinsights_sitenote_category":0,"footnotes":""},"categories":[135],"tags":[85,86,43674],"class_list":["post-475278","post","type-post","status-publish","format-standard","hentry","category-angel-soriano-opinion","tag-angel-soriano","tag-desde-el-portal","tag-opinion"],"_links":{"self":[{"href":"https:\/\/www.diarioimagen.net\/index.php?rest_route=\/wp\/v2\/posts\/475278","targetHints":{"allow":["GET"]}}],"collection":[{"href":"https:\/\/www.diarioimagen.net\/index.php?rest_route=\/wp\/v2\/posts"}],"about":[{"href":"https:\/\/www.diarioimagen.net\/index.php?rest_route=\/wp\/v2\/types\/post"}],"author":[{"embeddable":true,"href":"https:\/\/www.diarioimagen.net\/index.php?rest_route=\/wp\/v2\/users\/3"}],"replies":[{"embeddable":true,"href":"https:\/\/www.diarioimagen.net\/index.php?rest_route=%2Fwp%2Fv2%2Fcomments&post=475278"}],"version-history":[{"count":0,"href":"https:\/\/www.diarioimagen.net\/index.php?rest_route=\/wp\/v2\/posts\/475278\/revisions"}],"wp:attachment":[{"href":"https:\/\/www.diarioimagen.net\/index.php?rest_route=%2Fwp%2Fv2%2Fmedia&parent=475278"}],"wp:term":[{"taxonomy":"category","embeddable":true,"href":"https:\/\/www.diarioimagen.net\/index.php?rest_route=%2Fwp%2Fv2%2Fcategories&post=475278"},{"taxonomy":"post_tag","embeddable":true,"href":"https:\/\/www.diarioimagen.net\/index.php?rest_route=%2Fwp%2Fv2%2Ftags&post=475278"}],"curies":[{"name":"wp","href":"https:\/\/api.w.org\/{rel}","templated":true}]}}