{"id":475290,"date":"2020-07-28T00:08:54","date_gmt":"2020-07-28T05:08:54","guid":{"rendered":"https:\/\/www.diarioimagen.net\/?p=475290"},"modified":"2020-07-28T01:18:18","modified_gmt":"2020-07-28T06:18:18","slug":"visitmexico-com-apuntes-al-subdesarrollo","status":"publish","type":"post","link":"https:\/\/www.diarioimagen.net\/?p=475290","title":{"rendered":"<em>visitmexico.com<\/em>, apuntes al subdesarrollo"},"content":{"rendered":"<h2>Detr\u00e1s del Poder<\/h2>\n<h5>Jos\u00e9 Antonio L\u00f3pez Sosa<\/h5>\n<p>&nbsp;<\/p>\n<p>Es una historia compleja con muchas aristas, como se conoce p\u00fablicamente, todo comenz\u00f3 la semana pasada cuando el sitio m\u00e1s importante de promoci\u00f3n tur\u00edstica del pa\u00eds (con m\u00e1s de 600 mil visitas mensuales), despleg\u00f3 una imagen que dec\u00eda, se encontraba en mantenimiento. El viernes por la tarde la imagen se cambi\u00f3 por otra que dec\u00eda, suspendida por falta de pago.<\/p>\n<p>Cientos se fueron con la finta, publicaciones personales y de medios especializados aseguraban que el gobierno federal no hab\u00eda pagado el dominio o el <em>hosting<\/em> de la p\u00e1gina, las filias y las fobias se desataron perdiendo la perspectiva de lo que realmente ocurr\u00eda.<\/p>\n<p>El sitio fue redireccionado hacia una imagen, luego se supo con precisi\u00f3n la historia de un lado y del otro.<\/p>\n<p>Entrevist\u00e9 el domingo a Juan Carlos Gonz\u00e1lez, director de Visit M\u00e9xico, quien argument\u00f3 que quien les quit\u00f3 el control de la p\u00e1gina, sin existir adeudo alguno fue la empresa Tecnocen, un prestador de servicios.<\/p>\n<p>En contraste Tecnocen envi\u00f3 una carta al presidente L\u00f3pez Obrador asegurando que se trata de adeudos que ten\u00edan con ellos, el motivo para que hayan redireccionado de esa forma el sitio.<\/p>\n<p>La conclusi\u00f3n es que la Secretar\u00eda de Turismo concesion\u00f3, al parecer, mediante adjudicaci\u00f3n directa, la p\u00e1gina Visit M\u00e9xico a la empresa Braintivity a cambio de \u00abactivaciones\u00bb por 40 millones de pesos anuales, sin contraprestaci\u00f3n alguna. Esa misma empresa tiene un problema con un proveedor y quien resulta afectado es M\u00e9xico como pa\u00eds, cuando la p\u00e1gina m\u00e1s importante de promoci\u00f3n tur\u00edstica queda fuera de circulaci\u00f3n ante los ojos de la industria tur\u00edstica internacional.<\/p>\n<p>Ahora hay dos historias, la que me cont\u00f3 Juan Carlos Gonz\u00e1lez y la que expone en cartas Juan Sergio Loredo -que hasta ahora no nos ha concedido entrevista alguna-, mientras tanto la Secretar\u00eda de Turismo y su titular Miguel Torruco se deslindan con comunicados cuando, como cabeza de sector, son responsables de la promoci\u00f3n tur\u00edstica del pa\u00eds a trav\u00e9s de ese portal, a\u00fan cuando est\u00e9 concesionado.<\/p>\n<p>Esta novela apenas empieza, apuntes al subdesarrollo.<\/p>\n<p><em><a href=\"http:\/\/www.lopezsosa.com\" target=\"_blank\" rel=\"noopener noreferrer\">www.lopezsosa.com<\/a><\/em><br \/>\n<em><a href=\"mailto:joseantonio@lopezsosa.com\" target=\"_blank\" rel=\"noopener noreferrer\">joseantonio@lopezsosa.com<\/a><\/em><br \/>\n<a href=\"http:\/\/twitter.com\/joseantonio1977\" target=\"_blank\" rel=\"noopener noreferrer\">@joseantonio1977<\/a><\/p>\n","protected":false},"excerpt":{"rendered":"<p><span style=\"color: #005497;\"><strong>Jos\u00e9 Antonio L\u00f3pez Sosa<\/strong><\/span><\/p>\n","protected":false},"author":3,"featured_media":0,"comment_status":"open","ping_status":"open","sticky":false,"template":"","format":"standard","meta":{"_monsterinsights_skip_tracking":false,"_monsterinsights_sitenote_active":false,"_monsterinsights_sitenote_note":"","_monsterinsights_sitenote_category":0,"footnotes":""},"categories":[637],"tags":[638,43690,43674],"class_list":["post-475290","post","type-post","status-publish","format-standard","hentry","category-jose-antonio-lopez-sosa","tag-detras-del-poder","tag-jose-antonio-lopez-sosa","tag-opinion"],"_links":{"self":[{"href":"https:\/\/www.diarioimagen.net\/index.php?rest_route=\/wp\/v2\/posts\/475290","targetHints":{"allow":["GET"]}}],"collection":[{"href":"https:\/\/www.diarioimagen.net\/index.php?rest_route=\/wp\/v2\/posts"}],"about":[{"href":"https:\/\/www.diarioimagen.net\/index.php?rest_route=\/wp\/v2\/types\/post"}],"author":[{"embeddable":true,"href":"https:\/\/www.diarioimagen.net\/index.php?rest_route=\/wp\/v2\/users\/3"}],"replies":[{"embeddable":true,"href":"https:\/\/www.diarioimagen.net\/index.php?rest_route=%2Fwp%2Fv2%2Fcomments&post=475290"}],"version-history":[{"count":0,"href":"https:\/\/www.diarioimagen.net\/index.php?rest_route=\/wp\/v2\/posts\/475290\/revisions"}],"wp:attachment":[{"href":"https:\/\/www.diarioimagen.net\/index.php?rest_route=%2Fwp%2Fv2%2Fmedia&parent=475290"}],"wp:term":[{"taxonomy":"category","embeddable":true,"href":"https:\/\/www.diarioimagen.net\/index.php?rest_route=%2Fwp%2Fv2%2Fcategories&post=475290"},{"taxonomy":"post_tag","embeddable":true,"href":"https:\/\/www.diarioimagen.net\/index.php?rest_route=%2Fwp%2Fv2%2Ftags&post=475290"}],"curies":[{"name":"wp","href":"https:\/\/api.w.org\/{rel}","templated":true}]}}