{"id":475298,"date":"2020-07-28T00:12:42","date_gmt":"2020-07-28T05:12:42","guid":{"rendered":"https:\/\/www.diarioimagen.net\/?p=475298"},"modified":"2020-07-28T04:20:30","modified_gmt":"2020-07-28T09:20:30","slug":"senado-gobernadores-scjn-ip-y-sociedad-civil-van-por-abolir-puerta-giratoria-del-sistema-penal","status":"publish","type":"post","link":"https:\/\/www.diarioimagen.net\/?p=475298","title":{"rendered":"Senado, gobernadores, SCJN, IP y sociedad civil van por abolir puerta giratoria del sistema penal"},"content":{"rendered":"<h2>Tras la puerta del poder<\/h2>\n<h5>Roberto Vizca\u00edno<\/h5>\n<p>&nbsp;<\/p>\n<div id=\"attachment_475332\" style=\"width: 470px\" class=\"wp-caption aligncenter\"><a href=\"https:\/\/www.diarioimagen.net\/?attachment_id=475332\" rel=\"attachment wp-att-475332\"><img loading=\"lazy\" decoding=\"async\" aria-describedby=\"caption-attachment-475332\" class=\"size-large wp-image-475332\" src=\"https:\/\/www.diarioimagen.net\/wp-content\/uploads\/2020\/07\/URGE-UNA-LIMPIA-jose-luis-460x386.jpg\" alt=\"\" width=\"460\" height=\"386\" srcset=\"https:\/\/www.diarioimagen.net\/wp-content\/uploads\/2020\/07\/URGE-UNA-LIMPIA-jose-luis-460x386.jpg 460w, https:\/\/www.diarioimagen.net\/wp-content\/uploads\/2020\/07\/URGE-UNA-LIMPIA-jose-luis-240x201.jpg 240w, https:\/\/www.diarioimagen.net\/wp-content\/uploads\/2020\/07\/URGE-UNA-LIMPIA-jose-luis.jpg 700w\" sizes=\"auto, (max-width: 460px) 100vw, 460px\" \/><\/a><p id=\"caption-attachment-475332\" class=\"wp-caption-text\">Urge una limpia&#8230; | Jos\u00e9 Luis<\/p><\/div>\n<p>&nbsp;<\/p>\n<p>El diagn\u00f3stico de los mexicanos a la m\u00e1s reciente reforma penal, es de que \u00e9sta se hizo pensando en la realidad de Finlandia y Noruega y no en la de M\u00e9xico, afirm\u00f3 ayer <strong>Omar Fayad<\/strong> a nombre de la Conago al participar en un encuentro con el cual el Senado inicia una nueva reforma para abatir la llamada <strong><em>puerta giratoria<\/em><\/strong> que ha anulado la lucha contra la impunidad en M\u00e9xico.<\/p>\n<p>El gobernador de Hidalgo y vicepresidente de la Comisi\u00f3n de Seguridad de la Conago afirm\u00f3 que no se trata de revertir la reforma penal, sino readecuarla para evitar que los delincuentes tarden m\u00e1s en entrar a la c\u00e1rcel que en salir de ella, gracias a lo establecido en el C\u00f3digo Penal.<\/p>\n<p>Ello, indic\u00f3 Fayad, crea una enorme desesperanza y frustraci\u00f3n entre los mexicanos quienes atribuyen ese procedimiento a corrupci\u00f3n de jueces y magistrados y no a una estricta aplicaci\u00f3n de las normas.<\/p>\n<p>Al abrir el debate como promotor del encuentro plural y amplio hacia una readecuaci\u00f3n de las leyes penales, <strong>Ricardo Monreal<\/strong>, presidente de la Junta de Coordinaci\u00f3n Pol\u00edtica del Senado, pidi\u00f3 a gobernadores, empresarios, representantes de organizaciones ciudadanas y en especial de las mujeres, a miembros de la Suprema Corte, ir a un an\u00e1lisis a fondo del problema y ponderar una propuesta de reformas que terminen con la impunidad que genera el actual marco penal.<\/p>\n<p>\u201cLa intenci\u00f3n es clara: buscar unidos erradicar la llamada <strong><em>puerta giratoria<\/em><\/strong> o los huecos legales del actual marco de justicia penal\u201d, subray\u00f3.<\/p>\n<p>Durante un encuentro presencial realizado bajo estrictas medidas sanitarias de sana distancia y cubrebocas, con separadores de pl\u00e1stico entre unos y otros, los gobernadores de Oaxaca, <strong>Alejandro Murat<\/strong>; de Tlaxcala, <strong>Marco Antonio Mena<\/strong>; de Hidalgo, <strong>Omar Fayad<\/strong>, y de Veracruz, <strong>Cuitl\u00e1huac Garc\u00eda <\/strong>y con la asistencia de la presidenta del Colectivo 50+1, <strong>Mar\u00eda Elena Orantes,<\/strong> y el presidente de la Confederaci\u00f3n de C\u00e1maras Industriales, Concamin, <strong>Francisco Cervantes<\/strong>, se present\u00f3 una primera propuesta de reforma:<\/p>\n<p>Una que adiciona y deroga diversas disposiciones del C\u00f3digo Nacional de Procedimientos Penales, con 5 ejes gu\u00eda: 1) El fortalecimiento del sistema procesal penal; 2) el respeto y defensa de los derechos humanos; 3) el enfrentamiento contundente de la impunidad; 4) el fortalecimiento de los derechos de las v\u00edctimas y 5) la protecci\u00f3n a las instituciones de procuraci\u00f3n, administraci\u00f3n y aplicaci\u00f3n de la justicia de M\u00e9xico.<\/p>\n<p>\u00c9sta fue del grupo de gobernadores asistente y a nombre de la Conago.<\/p>\n<p>Se trata de ir, se dijo: \u201cHacia una reforma penal de todos y para todos\u201d, que estar\u00e1 impulsada por <strong>Monreal<\/strong>, dentro del Senado, como c\u00e1mara de origen.<\/p>\n<p>El zacatecano se comprometi\u00f3 a reunirse con los otros coordinadores parlamentarios para instalar la comisi\u00f3n mixta que se requiere para trabajar todos los temas presentados a fin de obtener el consenso y mejorar la seguridad en los estados.<\/p>\n<p>Sin embargo, reconoci\u00f3 que son los gobernadores, quienes tienen mayor dificultad porque son quienes enfrentan a diario la inseguridad y el crimen organizado.<\/p>\n<p>Algunos de los objetivos espec\u00edficos de la propuesta son:<\/p>\n<ol>\n<li>Rescatar la instituci\u00f3n del Ministerio P\u00fablico, redimensionar el peso de la denuncia an\u00f3nima, ampliar el tiempo de las medidas de protecci\u00f3n a v\u00edctimas, clarificar el control judicial para detenciones en flagrancia, precisar y desagregar los supuestos de flagrancia;<\/li>\n<li>Concretar una enunciaci\u00f3n expresa en la ley de los delitos que ameritan prisi\u00f3n preventiva oficiosa que bajo ninguna circunstancia debe ser revisable y ampliar los supuestos de peligro de sustracci\u00f3n del imputado.<\/li>\n<li>Igualmente, se busca ampliar la procedencia de los acuerdos reparatorios, permitir el aseguramiento de los veh\u00edculos que utiliza la delincuencia sin necesidad de control judicial, robustecer el criterio de oportunidad para el Ministerio P\u00fablico, redimensionar el ingreso a domicilios en persecuciones en flagrancia y permitir la efectiva obtenci\u00f3n de informaci\u00f3n protegida por el secreto bancario, entre otros objetivos.<\/li>\n<\/ol>\n<p>En su intervenci\u00f3n, <strong>Fayad<\/strong> consider\u00f3 que los diputados y senadores que aprobaron la m\u00e1s reciente reforma penal, idealizaron a M\u00e9xico y dejaron de lado la realidad del pa\u00eds que requer\u00eda de otro marco penal.<\/p>\n<p><strong>Marco Antonio Mena<\/strong>, de Tlaxcala, indic\u00f3 que los delincuentes y sus abogados han encontrado que la ley les abre todo un abanico de posibilidades para evadir la justicia, lo cual crea mayor impunidad.<\/p>\n<p><strong>Cuitl\u00e1huac Garc\u00eda<\/strong>, de Veracruz, relat\u00f3 el caso de una banda que fue detenidas para salir casi de inmediato, a matar a 10 personas que los hab\u00edan se\u00f1alado y a continuar delinquiendo.<\/p>\n<p><strong>Francisco Cervantes<\/strong>, dirigente de Concamin, agradeci\u00f3 la oportunidad que se da a la iniciativa privada para participar en estas reformas y consider\u00f3 que frente al aumento de la inseguridad y la incertidumbre, de la desconfianza en todos los niveles y perspectivas generadas por la reducci\u00f3n del presupuesto en pol\u00edticas p\u00fablicas se requiere de un esfuerzo de todos los sectores para fortalecer el sistema penal, combatir la impunidad, la corrupci\u00f3n y evitar que los delincuentes usen la famosa puerta giratoria, que lesiona los derechos de los mexicanos. Los industriales est\u00e1n convencidos en contar con un estado de derecho s\u00f3lido, que genera un estado de bienestar para la poblaci\u00f3n, precis\u00f3.<\/p>\n<p>Finalmente, <strong>Mar\u00eda Elena Orantes<\/strong> se comprometi\u00f3 a generar propuestas desde la sociedad civil, en especial desde las asociaciones de mujeres, para intentar perfeccionar los instrumentos penales existentes.<\/p>\n<p style=\"text-align: center;\"><strong>A 4 a\u00f1os de terminar, ya se rindi\u00f3\u2026<\/strong><\/p>\n<p>Ayer, por primera vez, <strong>Andr\u00e9s Manuel L\u00f3pez Obrador<\/strong> acept\u00f3 que quiz\u00e1 no pueda cumplir una de sus promesas: terminar la carretera iniciada hace 18 a\u00f1os por el gobernador <strong>Jos\u00e9 Murat Casab<\/strong>, padre del actual gobernador de Oaxaca, <strong>Alejandro Murat<\/strong>, destinada a unir la capital del estado con la costa y que no excede los 300 kil\u00f3metros.<\/p>\n<p>Con un 70 por ciento de avance, esta construcci\u00f3n ha sido una de las m\u00e1s sinuosas desde sus aspectos social, geogr\u00e1fico y presupuestal, al grado de que han pasado tres presidentes y cuatro gobernadores sin que se pueda concluir.<\/p>\n<p>Durante su campa\u00f1a electoral, AMLO comprometi\u00f3 a ser quien finalmente la inaugurara, pero el domingo, en un acto en Oaxaca, dijo que posiblemente la tenga que dejar inconclusa al terminar su mandato en 2024.<\/p>\n<p>Podr\u00eda, dijo, no haber condiciones para concluir en este sexenio dos obras carreteras en este estado y corresponder\u00e1 impulsarlas a otros gobiernos, se\u00f1al\u00f3.<\/p>\n<p>El caso es que a AMLO le faltan 4 a\u00f1os para terminar su sexenio y no son m\u00e1s de 70 kil\u00f3metros los que faltan por construir en la que va de la capital a la costa.<\/p>\n<p>Durante un recorrido por la Autopista Barranca Larga-Ventanilla reconoci\u00f3 que podr\u00eda no tener ya tiempo para hacer la carretera Oaxaca-Tuxtepec y la construcci\u00f3n de un ramal que conecte Juquila con la nueva autopista que va de la capital oaxaque\u00f1a a la costa del estado.<\/p>\n<p>\u201cEn el caso de Oaxaca, pensando hacia adelante, nada m\u00e1s que ya les va a corresponder a otros gobiernos, ya no nos va a alcanzar el tiempo a nosotros porque es sufragio efectivo no reelecci\u00f3n.<\/p>\n<p>\u201cNo descartemos esa posibilidad (de las dos obras) todav\u00eda para este sexenio, siempre y cuando podamos terminarlo, porque no queremos dejar ninguna obra inconclusa; si no se termina, mejor no iniciarla, se le deja el proyecto a los gobiernos que tendr\u00e1n que llegar, que tendr\u00e1n que ocupar los cargos y hacerse responsables de la funci\u00f3n p\u00fablica\u201d, coment\u00f3.<\/p>\n<p>Consider\u00f3 que la nueva autopista, que se prev\u00e9 inaugurar en marzo de 2022, permitir\u00e1 detonar el desarrollo tur\u00edstico.<\/p>\n<p>\u201cBaste decir que de seis horas y media que se hac\u00edan o se hacen por el camino de Pochutla o por el camino antiguo a Puerto Escondido, seis horas y media, ahora dos horas y media de Oaxaca a la costa\u201d, indic\u00f3.<\/p>\n<p><em><a href=\"mailto:rvizcainoa@gmail.com\" target=\"_blank\" rel=\"noopener noreferrer\">rvizcainoa@gmail.com<\/a><br \/>\n<u><a href=\"http:\/\/endirecto.mx\" target=\"_blank\" rel=\"noopener noreferrer\">www.endirecto.mx<\/a><br \/>\n<a href=\"https:\/\/twitter.com\/_rvizcaino\" target=\"_blank\" rel=\"noopener noreferrer\">@_RVizcaino<\/a><br \/>\n<a href=\"https:\/\/www.facebook.com\/rvizcainoa\" target=\"_blank\" rel=\"noopener noreferrer\">facebook.com\/rvizcainoa<\/a><\/u><\/em><\/p>\n","protected":false},"excerpt":{"rendered":"<p><span style=\"color: #005497;\"><strong>Roberto Vizca\u00edno<\/strong><\/span><br \/>\n<br \/>\nEl diagn\u00f3stico de los mexicanos a la m\u00e1s reciente reforma penal, es de que \u00e9sta se hizo pensando en la realidad de Finlandia y Noruega y no en la de M\u00e9xico, afirm\u00f3 ayer <strong>Omar Fayad<\/strong> a nombre de la Conago al participar en un encuentro con el cual el Senado inicia una nueva reforma para abatir la llamada <strong><em>puerta giratoria<\/em><\/strong> que ha anulado la lucha contra la impunidad en M\u00e9xico.<\/p>\n","protected":false},"author":3,"featured_media":475332,"comment_status":"open","ping_status":"open","sticky":false,"template":"","format":"standard","meta":{"_monsterinsights_skip_tracking":false,"_monsterinsights_sitenote_active":false,"_monsterinsights_sitenote_note":"","_monsterinsights_sitenote_category":0,"footnotes":""},"categories":[136],"tags":[43674,93,94],"class_list":["post-475298","post","type-post","status-publish","format-standard","has-post-thumbnail","hentry","category-roberto-vizcaino-opinion","tag-opinion","tag-roberto-vizcaino","tag-tras-la-puerta-del-poder"],"_links":{"self":[{"href":"https:\/\/www.diarioimagen.net\/index.php?rest_route=\/wp\/v2\/posts\/475298","targetHints":{"allow":["GET"]}}],"collection":[{"href":"https:\/\/www.diarioimagen.net\/index.php?rest_route=\/wp\/v2\/posts"}],"about":[{"href":"https:\/\/www.diarioimagen.net\/index.php?rest_route=\/wp\/v2\/types\/post"}],"author":[{"embeddable":true,"href":"https:\/\/www.diarioimagen.net\/index.php?rest_route=\/wp\/v2\/users\/3"}],"replies":[{"embeddable":true,"href":"https:\/\/www.diarioimagen.net\/index.php?rest_route=%2Fwp%2Fv2%2Fcomments&post=475298"}],"version-history":[{"count":0,"href":"https:\/\/www.diarioimagen.net\/index.php?rest_route=\/wp\/v2\/posts\/475298\/revisions"}],"wp:featuredmedia":[{"embeddable":true,"href":"https:\/\/www.diarioimagen.net\/index.php?rest_route=\/wp\/v2\/media\/475332"}],"wp:attachment":[{"href":"https:\/\/www.diarioimagen.net\/index.php?rest_route=%2Fwp%2Fv2%2Fmedia&parent=475298"}],"wp:term":[{"taxonomy":"category","embeddable":true,"href":"https:\/\/www.diarioimagen.net\/index.php?rest_route=%2Fwp%2Fv2%2Fcategories&post=475298"},{"taxonomy":"post_tag","embeddable":true,"href":"https:\/\/www.diarioimagen.net\/index.php?rest_route=%2Fwp%2Fv2%2Ftags&post=475298"}],"curies":[{"name":"wp","href":"https:\/\/api.w.org\/{rel}","templated":true}]}}