{"id":475338,"date":"2020-07-29T00:01:49","date_gmt":"2020-07-29T05:01:49","guid":{"rendered":"https:\/\/www.diarioimagen.net\/?p=475338"},"modified":"2020-07-29T00:09:57","modified_gmt":"2020-07-29T05:09:57","slug":"huixquilucan-sin-incrementos-en-casos-de-covid-19","status":"publish","type":"post","link":"https:\/\/www.diarioimagen.net\/?p=475338","title":{"rendered":"Huixquilucan, sin incrementos en\u00a0 casos de Covid-19"},"content":{"rendered":"<p>&nbsp;<\/p>\n<p><a href=\"https:\/\/www.diarioimagen.net\/wp-content\/uploads\/2020\/07\/CAMACHO29-dpor.jpg\"><img loading=\"lazy\" decoding=\"async\" class=\"aligncenter size-large wp-image-475339\" src=\"https:\/\/www.diarioimagen.net\/wp-content\/uploads\/2020\/07\/CAMACHO29-dpor-460x268.jpg\" alt=\"\" width=\"460\" height=\"268\" srcset=\"https:\/\/www.diarioimagen.net\/wp-content\/uploads\/2020\/07\/CAMACHO29-dpor-460x268.jpg 460w, https:\/\/www.diarioimagen.net\/wp-content\/uploads\/2020\/07\/CAMACHO29-dpor-240x140.jpg 240w, https:\/\/www.diarioimagen.net\/wp-content\/uploads\/2020\/07\/CAMACHO29-dpor.jpg 480w\" sizes=\"auto, (max-width: 460px) 100vw, 460px\" \/><\/a><\/p>\n<p>&nbsp;<\/p>\n<p><strong>Huixquilucan, Estado de M\u00e9xico<\/strong>.- El presidente municipal, Enrique Vargas del Villar reforz\u00f3 las medidas de prevenci\u00f3n en contra del Covid-19 toda vez que se ha registrado un incremento de contagios en colonias de la alcald\u00eda de Cuajimalpa, colindantes con Huixquilucan.<\/p>\n<p>Precis\u00f3, que ante el aumento de casos en las colonias Navidad y El \u00c9bano, en Cuajimalpa, el gobierno municipal de Huixquilucan vigilar\u00e1 el cumplimiento de las medidas preventivas en comercios, v\u00eda p\u00fablica y transporte.<span class=\"Apple-converted-space\">\u00a0<\/span><\/p>\n","protected":false},"excerpt":{"rendered":"<p>El presidente municipal, Enrique Vargas del Villar reforz\u00f3 las medidas de prevenci\u00f3n en contra del Covid-19 toda vez que se ha registrado un incremento de contagios en colonias de la alcald\u00eda de Cuajimalpa, colindantes con Huixquilucan.<\/p>\n","protected":false},"author":1,"featured_media":475339,"comment_status":"open","ping_status":"open","sticky":false,"template":"","format":"standard","meta":{"_monsterinsights_skip_tracking":false,"_monsterinsights_sitenote_active":false,"_monsterinsights_sitenote_note":"","_monsterinsights_sitenote_category":0,"footnotes":""},"categories":[5],"tags":[90021,47218,43675,1097],"class_list":["post-475338","post","type-post","status-publish","format-standard","has-post-thumbnail","hentry","category-estado-de-mexico","tag-covid-19","tag-enrique-vargas-del-villar","tag-estado-de-mexico","tag-huixquilucan"],"_links":{"self":[{"href":"https:\/\/www.diarioimagen.net\/index.php?rest_route=\/wp\/v2\/posts\/475338","targetHints":{"allow":["GET"]}}],"collection":[{"href":"https:\/\/www.diarioimagen.net\/index.php?rest_route=\/wp\/v2\/posts"}],"about":[{"href":"https:\/\/www.diarioimagen.net\/index.php?rest_route=\/wp\/v2\/types\/post"}],"author":[{"embeddable":true,"href":"https:\/\/www.diarioimagen.net\/index.php?rest_route=\/wp\/v2\/users\/1"}],"replies":[{"embeddable":true,"href":"https:\/\/www.diarioimagen.net\/index.php?rest_route=%2Fwp%2Fv2%2Fcomments&post=475338"}],"version-history":[{"count":0,"href":"https:\/\/www.diarioimagen.net\/index.php?rest_route=\/wp\/v2\/posts\/475338\/revisions"}],"wp:featuredmedia":[{"embeddable":true,"href":"https:\/\/www.diarioimagen.net\/index.php?rest_route=\/wp\/v2\/media\/475339"}],"wp:attachment":[{"href":"https:\/\/www.diarioimagen.net\/index.php?rest_route=%2Fwp%2Fv2%2Fmedia&parent=475338"}],"wp:term":[{"taxonomy":"category","embeddable":true,"href":"https:\/\/www.diarioimagen.net\/index.php?rest_route=%2Fwp%2Fv2%2Fcategories&post=475338"},{"taxonomy":"post_tag","embeddable":true,"href":"https:\/\/www.diarioimagen.net\/index.php?rest_route=%2Fwp%2Fv2%2Ftags&post=475338"}],"curies":[{"name":"wp","href":"https:\/\/api.w.org\/{rel}","templated":true}]}}