{"id":475345,"date":"2020-07-29T00:02:08","date_gmt":"2020-07-29T05:02:08","guid":{"rendered":"https:\/\/www.diarioimagen.net\/?p=475345"},"modified":"2020-07-29T00:11:27","modified_gmt":"2020-07-29T05:11:27","slug":"en-naucalpan-se-esta-cumpliendo-a-suteymistas-con-prestaciones-laborales","status":"publish","type":"post","link":"https:\/\/www.diarioimagen.net\/?p=475345","title":{"rendered":"En Naucalpan, se est\u00e1 cumpliendo a\u00a0suteymistas con prestaciones laborales"},"content":{"rendered":"<ul>\n<li><em><b>Pese a crisis econ\u00f3mica por pandemia<\/b><\/em><\/li>\n<\/ul>\n<p>&nbsp;<\/p>\n<div id=\"attachment_475346\" style=\"width: 470px\" class=\"wp-caption aligncenter\"><a href=\"https:\/\/www.diarioimagen.net\/wp-content\/uploads\/2020\/07\/CAMACHO29-bpor.jpg\"><img loading=\"lazy\" decoding=\"async\" aria-describedby=\"caption-attachment-475346\" class=\"size-large wp-image-475346\" src=\"https:\/\/www.diarioimagen.net\/wp-content\/uploads\/2020\/07\/CAMACHO29-bpor-460x268.jpg\" alt=\"\" width=\"460\" height=\"268\" srcset=\"https:\/\/www.diarioimagen.net\/wp-content\/uploads\/2020\/07\/CAMACHO29-bpor-460x268.jpg 460w, https:\/\/www.diarioimagen.net\/wp-content\/uploads\/2020\/07\/CAMACHO29-bpor-240x140.jpg 240w, https:\/\/www.diarioimagen.net\/wp-content\/uploads\/2020\/07\/CAMACHO29-bpor.jpg 480w\" sizes=\"auto, (max-width: 460px) 100vw, 460px\" \/><\/a><p id=\"caption-attachment-475346\" class=\"wp-caption-text\">El l\u00edder Tom\u00e1s Palomares Parra reconoci\u00f3 el esfuerzo del sindicato para cumplirle a sus agremiados, en Naucalpan.<\/p><\/div>\n<p>&nbsp;<\/p>\n<p><strong>Naucalpan, Estado de M\u00e9xico<\/strong>.- No obstante las complicaciones econ\u00f3micas derivadas de la pandemia mundial del coronavirus, el SUTEyM siempre ha cumplido a sus agremiados, por lo que estamos entregando los uniformes correspondientes al 1 de mayo, que aunque llegaron en tiempo y forma, no pudimos entregarlos por el confinamiento de la contingencia sanitaria; pero que ahora con el sem\u00e1foro naranja estamos haciendo la entrega a nuestros compa\u00f1eros que de manera gradual est\u00e1n regresando a sus actividades.<\/p>\n<p>As\u00ed lo inform\u00f3 en entrevista el Secretario General de la Secci\u00f3n Naucalpan de Sindicato \u00danico de Trabajadores del Estado y sus Municipios (SUTEyM,) Tom\u00e1s Palomares Parra, quien reconoci\u00f3 el esfuerzo del sindicato, porque a pesar de la grave recesi\u00f3n financiera que se vive a nivel mundial por la pandemia, de la que nuestro pa\u00eds, el Estado de M\u00e9xico y Naucalpan, no est\u00e1n exentos de los estragos; \u201csin embargo nuestro sindicato siempre se ha destacado por ponderar los intereses de los trabajadores y es por ello que se est\u00e1 cumpliendo con esta y otras prestaciones\u201d; enfatiz\u00f3.<\/p>\n<p>Respecto a las prestaciones de las celebraciones del D\u00eda del Ni\u00f1o y el de las Madres, el dirigente sindical naucalpense, asever\u00f3 que est\u00e1n analizando el mecanismo adecuado para entregar estas conquistas colaterales; sobre todo cuidando y preservando la salud de sus agremiados, por lo que en breve se dar\u00e1n a conocer los detalles de las respectivas entregas.<\/p>\n<p>\u201cEn este momento, por las condiciones sanitarias, estamos evidentemente impedidos a realizar ning\u00fan acto masivo y no caeremos en irresponsabilidades, por lo que esperaremos a que estemos en sem\u00e1foro verde, para poder llevarlo a cabo\u201d; enfatiz\u00f3. En ese sentido, Tom\u00e1s Palomares hizo p\u00fablico su gratitud y reconocimiento a la solidaridad mostrada por todos sus compa\u00f1eros suteymistas; felicit\u00e1ndolos por ser muy consientes y responsables de esta circunstancia; \u201cactitud que reafirma que contamos con su confianza en esta gesti\u00f3n sindical<\/p>\n<p>Con la certeza y compromiso de todos quienes integramos la dirigencia seccional de que no los vamos a defraudar y que vamos a seguir cumpliendo cabalmente con nuestra responsabilidad hasta que ellos nos permitan representarlos\u201d.<\/p>\n<p>Finalmente Tom\u00e1s Palomares agradeci\u00f3 todos los comentarios y demostraciones de aprobaci\u00f3n y apoyo por parte de los mismos suteymistas como de funcionarios p\u00fablicos e incluso de la ciudadan\u00eda naucalpense en general a la gesti\u00f3n que encabeza como Secretario General de la Secci\u00f3n Naucalpan del SUTEyM.<\/p>\n<p>\u201cEn lo particular esto representa una gran responsabilidad y aliciente, pero tambi\u00e9n nos sirve para darnos cuenta que vamos por el camino correcto y que despu\u00e9s de muchos a\u00f1os hemos encontrado la manera de sumar con la Administraci\u00f3n en el trabajo y que a los sindicalistas no nos vean como adversarios, sino al contrario como el brazo que fortalece el servicio p\u00fablico, encaminados en unidad a brindar a las y los naucalpenses m\u00e1s y mejores resultados\u201d, concluy\u00f3.<\/p>\n","protected":false},"excerpt":{"rendered":"<p>No obstante las complicaciones econ\u00f3micas derivadas de la pandemia mundial del coronavirus, el SUTEyM siempre ha cumplido a sus agremiados, por lo que estamos entregando los uniformes correspondientes al 1 de mayo, que aunque llegaron en tiempo y forma, no pudimos entregarlos por el confinamiento de la contingencia sanitaria; pero que ahora con el sem\u00e1foro naranja estamos haciendo la entrega a nuestros compa\u00f1eros que de manera gradual est\u00e1n regresando a sus actividades.<\/p>\n","protected":false},"author":1,"featured_media":475346,"comment_status":"open","ping_status":"open","sticky":false,"template":"","format":"standard","meta":{"_monsterinsights_skip_tracking":false,"_monsterinsights_sitenote_active":false,"_monsterinsights_sitenote_note":"","_monsterinsights_sitenote_category":0,"footnotes":""},"categories":[5],"tags":[43675,970,2572,56429],"class_list":["post-475345","post","type-post","status-publish","format-standard","has-post-thumbnail","hentry","category-estado-de-mexico","tag-estado-de-mexico","tag-naucalpan","tag-suteym","tag-tomas-palomares-parra"],"_links":{"self":[{"href":"https:\/\/www.diarioimagen.net\/index.php?rest_route=\/wp\/v2\/posts\/475345","targetHints":{"allow":["GET"]}}],"collection":[{"href":"https:\/\/www.diarioimagen.net\/index.php?rest_route=\/wp\/v2\/posts"}],"about":[{"href":"https:\/\/www.diarioimagen.net\/index.php?rest_route=\/wp\/v2\/types\/post"}],"author":[{"embeddable":true,"href":"https:\/\/www.diarioimagen.net\/index.php?rest_route=\/wp\/v2\/users\/1"}],"replies":[{"embeddable":true,"href":"https:\/\/www.diarioimagen.net\/index.php?rest_route=%2Fwp%2Fv2%2Fcomments&post=475345"}],"version-history":[{"count":0,"href":"https:\/\/www.diarioimagen.net\/index.php?rest_route=\/wp\/v2\/posts\/475345\/revisions"}],"wp:featuredmedia":[{"embeddable":true,"href":"https:\/\/www.diarioimagen.net\/index.php?rest_route=\/wp\/v2\/media\/475346"}],"wp:attachment":[{"href":"https:\/\/www.diarioimagen.net\/index.php?rest_route=%2Fwp%2Fv2%2Fmedia&parent=475345"}],"wp:term":[{"taxonomy":"category","embeddable":true,"href":"https:\/\/www.diarioimagen.net\/index.php?rest_route=%2Fwp%2Fv2%2Fcategories&post=475345"},{"taxonomy":"post_tag","embeddable":true,"href":"https:\/\/www.diarioimagen.net\/index.php?rest_route=%2Fwp%2Fv2%2Ftags&post=475345"}],"curies":[{"name":"wp","href":"https:\/\/api.w.org\/{rel}","templated":true}]}}