{"id":475397,"date":"2020-07-29T00:02:02","date_gmt":"2020-07-29T05:02:02","guid":{"rendered":"https:\/\/www.diarioimagen.net\/?p=475397"},"modified":"2020-07-30T01:23:07","modified_gmt":"2020-07-30T06:23:07","slug":"sigue-el-pan-y-circo-ahora-con-caso-lozoya","status":"publish","type":"post","link":"https:\/\/www.diarioimagen.net\/?p=475397","title":{"rendered":"Sigue el \u201cpan y circo\u201d, ahora con caso Lozoya"},"content":{"rendered":"<h2>La Retaguardia<\/h2>\n<h5>Adriana Moreno Cordero<\/h5>\n<p>&nbsp;<\/p>\n<ul>\n<li><strong><em>Adjudicaci\u00f3n directa o invitaci\u00f3n restringida, s\u00f3lo para los cuates<\/em><\/strong><\/li>\n<\/ul>\n<p>&nbsp;<\/p>\n<p>Como diversos analistas han coincidido, en esta llamada Cuarta Transformaci\u00f3n, sigue el \u201cpan y circo\u201d y fue el propio presidente <strong>Andr\u00e9s Manuel L\u00f3pez Obrador<\/strong> el que en su gustad\u00edsima conferencia ma\u00f1anera, recomend\u00f3 seguir el caso <strong>Emilio Lozoya<\/strong>, quien ayer tuvo su primera audiencia por l\u00ednea, desde un Hospital en el sur de la Ciudad de M\u00e9xico donde permanece el ex director de Pemex, muy a gusto por cierto y con la tranquilidad de saber que no pisar\u00e1 la c\u00e1rcel. \u00bfSer\u00e1?<\/p>\n<p>Obvio es que al Presidente no le funcion\u00f3 el primer recurso utilizado para evadir abordar temas\u00a0 importantes que est\u00e1 incapacitado para resolver, como los damnificados por la tormenta \u201cHanna\u201d en Tamaulipas, Coahuila y Nuevo Le\u00f3n, por eso le result\u00f3 m\u00e1s f\u00e1cil \u00fanicamente lamentar la tragedia que sacudi\u00f3 a esos estados, pero de apoyar a los damnificados, ni hablar; a ellos s\u00f3lo una palmadita virtual \u201cde dientes para afuera\u201d<\/p>\n<p>Por eso ayer, L\u00f3pez Obrador utiliz\u00f3 su carta distractora m\u00e1s fuerte, al percatarse que el tema del avi\u00f3n presidencial nada m\u00e1s fue objeto de memes en su contra, esto es, el caso <strong>Emilio Lozoya Austin<\/strong>, quien asever\u00f3 que demostrar\u00e1 su inocencia al tiempo que denunci\u00f3, \u201cfui sistem\u00e1ticamente intimidado, presionado, instrumentalizado\u00bb y est\u00e1 dispuesto a dar los nombres de los autores de estos hechos. O sea, \u00bfotra vez se pondr\u00e1n a temblar otros personajes\u00a0 no s\u00f3lo pe\u00f1istas?<\/p>\n<p>A\u00f1adi\u00f3 adem\u00e1s que colaborar\u00e1 con el Estado mexicano, por lo que en los corrillos pol\u00edticos se habla de que el ex director de Pemex ya es un declarado aliado de la llamada Cuarta Transformaci\u00f3n. \u00a1Qu\u00e9 tal!<\/p>\n<p>En otro tema, y en lo que sin duda no tiene desperdicio, est\u00e1 contemplada la realizaci\u00f3n de un per\u00edodo extraordinario de sesiones para hoy en la C\u00e1mara de Diputados, con el objetivo de aprobar principalmente, la Ley de Adquisiciones, que le permitir\u00eda al gobierno l\u00f3pezobradorista comprar directamente y sin licitaci\u00f3n alguna de por medio, medicamentos en el extranjero y el pretexto del que se han valido, es precisamente, la pandemia del Covid-19 y la posibilidad de que de un momento a otro, haya finalmente, una vacuna.<\/p>\n<p>Hay que recordar que la divisa de la actual administraci\u00f3n ha sido eso: la compra directa, cuesti\u00f3n que definitivamente no rima con la tan llevada y tra\u00edda transparencia que un d\u00eda s\u00ed y al otro tambi\u00e9n, repite el Presidente.<\/p>\n<p>Como lo apunt\u00f3 <strong>Gustavo de Hoyos Walther<\/strong>, l\u00edder de la Confederaci\u00f3n Patronal de la Rep\u00fablica Mexicana, (Coparmex), el 90 por ciento de las compras en esta denominada Cuarta Transformaci\u00f3n, se realizan de esa manera o bien, por invitaci\u00f3n restringida y esto \u00faltimo podr\u00eda traducirse en la actual administraci\u00f3n como,\u00a0 s\u00f3lo para los cuates; si no, que le pregunten a la flamante secretaria de Energ\u00eda, <strong>Roc\u00edo Nahle<\/strong> y a su compadre, <strong>Arturo Quintanilla Hayek<\/strong>, o al ex superdelegado de L\u00f3pez Obrador en Jalisco, <strong>Carlos Lomel\u00ed Bola\u00f1os<\/strong> o a otro famoso compadre, \u00e9ste del tabasque\u00f1o, <strong>Miguel Rinc\u00f3n<\/strong>.<\/p>\n<p>Tambi\u00e9n est\u00e1 el ejemplo que puso el propio Gustavo de Hoyos con la construcci\u00f3n del oxidado Tren Maya o la Refiner\u00eda de Dos Bocas; en estos dos proyectos s\u00f3lo se ha invitado a los cuates de la Cuarta Transformaci\u00f3n y quien la encabeza y que se hace como que no est\u00e1 enterado que a los trabajadores del aeropuerto de Santa Luc\u00eda ya les redujeron el sueldo.<\/p>\n<p>De aprobarse la Ley de Adquisiciones, eso ser\u00eda \u201csobre las rodillas\u201d, adem\u00e1s de resultar anticonstitucional, por ello, el dirigente de la Coparmex subray\u00f3: \u201clas contrataciones p\u00fablicas de un pa\u00eds democr\u00e1tico pueden ser una gran palanca del desarrollo. Con la salud no se juega y menos a costa de nuestras familias\u201d.<\/p>\n<p>Y es que resulta curioso, -por decirlo de alguna manera-, que la actual administraci\u00f3n haya manejado tan, pero tan mal\u00a0 la pandemia de Covid-19 por medio de su \u201crock-star\u201d en declive, <strong>Hugo L\u00f3pez-Gatell,<\/strong> y ahora se muestre tan interesado en, supuestamente, estar en condiciones de adquirir la vacuna que pudiera surgir, contra el coronavirus. No cabe duda que en este asunto, hay \u201cgato encerrado\u201d.<\/p>\n<p style=\"text-align: center;\"><strong>Municiones<\/strong><\/p>\n<p>*** En el marco del D\u00eda Mundial de la Hepatitis, la doctora <strong>Irma Luisa Ceja Mart\u00ednez<\/strong>, Gerente M\u00e9dico de Endocrinolog\u00eda y Nutrici\u00f3n de <strong>Grupo PiSA<\/strong>, explic\u00f3 que existen diferentes tipos de hepatitis y subray\u00f3 la importancia de llevar un tratamiento adecuado. <em>\u201c<\/em>Dependiendo del tipo de hepatitis, \u00e9sta se puede remitir en forma espont\u00e1nea sin dejar secuela, pero en el caso de la hepatitis B y C, si no es identificada a tiempo puede evolucionar hacia una cirrosis o un c\u00e1ncer de h\u00edgado. De ah\u00ed la importancia de la detecci\u00f3n oportuna identificando s\u00edntomas como la ictericia: coloraci\u00f3n amarillenta en la piel y los ojos, orina oscura, falta de apetito, v\u00f3mitos, n\u00e1useas y dolor abdominal\u201d, asegur\u00f3 la m\u00e9dico especialista en Medicina Interna. Ceja Mart\u00ednez tambi\u00e9n explic\u00f3 que existen personas que pueden desarrollar hepatitis sin presentar s\u00edntomas y en esos casos el diagn\u00f3stico se hace como un hallazgo cuando se realizan estudios de la funci\u00f3n hep\u00e1tica o la enfermedad ya est\u00e1 presente y se encuentra en un estado muy avanzado. Por otra parte, la hepatitis B, al igual que el Virus de Inmunodeficiencia Humana (VIH), se puede transmitir por entrar en contacto con fluidos corporales o sangre de una persona que ya tiene esta enfermedad. El virus de la Hepatitis B es de 50 a 100 veces m\u00e1s infeccioso que el VIH y por lo tanto m\u00e1s contagioso.<\/p>\n<p>*** Seg\u00fan se sabe, el gobierno de Quintana Roo, de <strong>Carlos Joaqu\u00edn Gonz\u00e1lez<\/strong>, lanzar\u00e1 el primer proyecto de infraestructura por asociaci\u00f3n p\u00fablica-privada-estatal en su historia para la construcci\u00f3n del Puente Vehicular Nichupt\u00e9. La v\u00eda de casi 8.6 kil\u00f3metros de longitud conectar\u00e1 la ciudad de Canc\u00fan con la zona hotelera para terminar con los problemas de vialidad que existen en la regi\u00f3n; adem\u00e1s, ha trascendido que desde la Agencia de Proyectos Estrat\u00e9gicos de la entidad, de <strong>Eduardo Ortiz Jasso<\/strong>, permitir\u00e1 recuperar hasta el 55 por ciento de los empleos perdidos en el sector de la construcci\u00f3n por la pandemia de Covid-19.<\/p>\n<p>*** Quien ya retom\u00f3 sus actividades, luego de sufrir un atentado, fue el secretario de Seguridad Ciudadana en la Ciudad de M\u00e9xico, <strong>Omar Garc\u00eda Harfuch<\/strong>, quien reiter\u00f3 que el responsable de ese ataque es el C\u00e1rtel Jalisco Nueva Generaci\u00f3n. El se\u00f1alamiento del secretario se bas\u00f3 en investigaciones previas en torno a este grupo delictivo que se vinieron haciendo de agosto del a\u00f1o pasado y ya se tienen identificadas con certeza a las personas que participaron en dicho atentado. \u201cSe equivocan quienes piensan quienes podr\u00e1n debilitar la lucha contra el narcotr\u00e1fico en la Ciudad de M\u00e9xico\u201d, dijo Garc\u00eda Harfuch. Enhorabuena<\/p>\n<p><u><a href=\"mailto:morcora@gmail.com\" target=\"_blank\" rel=\"noopener noreferrer\"><em>morcora@gmail.com<\/em><\/a><\/u><\/p>\n","protected":false},"excerpt":{"rendered":"<p><span style=\"color: #005497;\"><strong>Adriana Moreno Cordero<\/strong><\/span><\/p>\n","protected":false},"author":3,"featured_media":0,"comment_status":"open","ping_status":"open","sticky":false,"template":"","format":"standard","meta":{"_monsterinsights_skip_tracking":false,"_monsterinsights_sitenote_active":false,"_monsterinsights_sitenote_note":"","_monsterinsights_sitenote_category":0,"footnotes":""},"categories":[69370],"tags":[69369,69368,43674],"class_list":["post-475397","post","type-post","status-publish","format-standard","hentry","category-adriana-moreno-cordero","tag-adriana-moreno-cordero","tag-la-retaguardia","tag-opinion"],"_links":{"self":[{"href":"https:\/\/www.diarioimagen.net\/index.php?rest_route=\/wp\/v2\/posts\/475397","targetHints":{"allow":["GET"]}}],"collection":[{"href":"https:\/\/www.diarioimagen.net\/index.php?rest_route=\/wp\/v2\/posts"}],"about":[{"href":"https:\/\/www.diarioimagen.net\/index.php?rest_route=\/wp\/v2\/types\/post"}],"author":[{"embeddable":true,"href":"https:\/\/www.diarioimagen.net\/index.php?rest_route=\/wp\/v2\/users\/3"}],"replies":[{"embeddable":true,"href":"https:\/\/www.diarioimagen.net\/index.php?rest_route=%2Fwp%2Fv2%2Fcomments&post=475397"}],"version-history":[{"count":0,"href":"https:\/\/www.diarioimagen.net\/index.php?rest_route=\/wp\/v2\/posts\/475397\/revisions"}],"wp:attachment":[{"href":"https:\/\/www.diarioimagen.net\/index.php?rest_route=%2Fwp%2Fv2%2Fmedia&parent=475397"}],"wp:term":[{"taxonomy":"category","embeddable":true,"href":"https:\/\/www.diarioimagen.net\/index.php?rest_route=%2Fwp%2Fv2%2Fcategories&post=475397"},{"taxonomy":"post_tag","embeddable":true,"href":"https:\/\/www.diarioimagen.net\/index.php?rest_route=%2Fwp%2Fv2%2Ftags&post=475397"}],"curies":[{"name":"wp","href":"https:\/\/api.w.org\/{rel}","templated":true}]}}