{"id":475420,"date":"2020-07-29T00:12:43","date_gmt":"2020-07-29T05:12:43","guid":{"rendered":"https:\/\/www.diarioimagen.net\/?p=475420"},"modified":"2020-07-30T01:52:20","modified_gmt":"2020-07-30T06:52:20","slug":"casi-seis-de-cada-10-mexicanos-ya-no-ganan-para-comer-inegi-coneval","status":"publish","type":"post","link":"https:\/\/www.diarioimagen.net\/?p=475420","title":{"rendered":"Casi seis de cada 10 mexicanos ya no ganan para comer: Inegi-Coneval"},"content":{"rendered":"<h2>Tras la puerta del poder<\/h2>\n<h5>Roberto Vizca\u00edno<\/h5>\n<p>&nbsp;<\/p>\n<ul>\n<li><strong><em>Senadores y diputados, a extraordinario para aportarle recursos a AMLO para enfrentar esta crisis<\/em><\/strong><strong><br \/>\n<\/strong><\/li>\n<\/ul>\n<p>&nbsp;<\/p>\n<div id=\"attachment_475467\" style=\"width: 470px\" class=\"wp-caption aligncenter\"><a href=\"https:\/\/www.diarioimagen.net\/?attachment_id=475467\" rel=\"attachment wp-att-475467\"><img loading=\"lazy\" decoding=\"async\" aria-describedby=\"caption-attachment-475467\" class=\"size-large wp-image-475467\" src=\"https:\/\/www.diarioimagen.net\/wp-content\/uploads\/2020\/07\/para-morenos-vip-MARAL-460x282.jpg\" alt=\"\" width=\"460\" height=\"282\" srcset=\"https:\/\/www.diarioimagen.net\/wp-content\/uploads\/2020\/07\/para-morenos-vip-MARAL-460x282.jpg 460w, https:\/\/www.diarioimagen.net\/wp-content\/uploads\/2020\/07\/para-morenos-vip-MARAL-240x147.jpg 240w, https:\/\/www.diarioimagen.net\/wp-content\/uploads\/2020\/07\/para-morenos-vip-MARAL.jpg 700w\" sizes=\"auto, (max-width: 460px) 100vw, 460px\" \/><\/a><p id=\"caption-attachment-475467\" class=\"wp-caption-text\">Para \u00abmorenos\u00bb VIP&#8230; | Maral<\/p><\/div>\n<p>&nbsp;<\/p>\n<p>Senadores y diputados avanzaron ayer ir a un extraordinario que permita al presidente <strong>Andr\u00e9s Manuel L\u00f3pez Obrador<\/strong> obtener recursos no s\u00f3lo para adquirir medicinas fuera del pa\u00eds, sino para enfrentar la grave crisis econ\u00f3mica y social post-pandemia.<\/p>\n<p>Al indicar lo anterior, <strong>Ricardo Monreal<\/strong> y <strong>Mario Delgado<\/strong>, ambos presidentes de sus respectivas Juntas de Coordinaci\u00f3n Pol\u00edtica anunciaron que en este extraordinario se buscar\u00e1 reformar la Ley de Adquisiciones e ir a la extinci\u00f3n de fideicomisos, lo cual le aportar\u00eda al gobierno federal unos 100 mil millones de pesos adicionales.<\/p>\n<p>Adem\u00e1s de la <strong>Ley de Adquisiciones<\/strong>, y lo de fideicomisos, en el extraordinario que se realizar\u00e1 a partir de hoy, se abordar\u00e1n otros cinco temas.<\/p>\n<p>En este proceso, adem\u00e1s se deber\u00e1 iniciar la recomposici\u00f3n de las mesas directivas en cada c\u00e1mara.<\/p>\n<p>En lo que corresponde al Senado, indic\u00f3 Monreal, existen unos cinco aspirantes dentro de Morena.<\/p>\n<p>Este proceso deber\u00e1 resolverse durante la tercera semana de agosto y en \u00e9l no participan m\u00e1s que senadores de Morena,\u00a0ya que los otros partidos no alcanzan el porcentaje para aspirar a dirigir la c\u00e1mara alta.<\/p>\n<p>\u201cEl PAN sabe que legalmente no tiene derecho y que ser\u00e1 un hombre quien presida ahora al Senado, donde <em>la caballada<\/em> esta fuerte y gorda y hay cinco posibles sucesores de la tabasque\u00f1a M\u00f3nica Fern\u00e1ndez\u201d.<\/p>\n<p style=\"text-align: center;\"><strong>La pobreza crece sin freno<\/strong><\/p>\n<p>Por lo dem\u00e1s, el tema central del Congreso, el gobierno y todos en M\u00e9xico, es el acelerado crecimiento de la pobreza principalmente a causa de los efectos del par\u00f3n de las actividades por la pandemia.<\/p>\n<p>Tan s\u00f3lo en el segundo trimestre y de acuerdo a Inegi y Coneval, la llamada <em>pobreza laboral<\/em>, que se establece cuando el ingreso no alcanza para cubrir la canasta b\u00e1sica, lleg\u00f3 a 54.9%.<\/p>\n<p>Eso significa que a partir de mayo, 69.6 millones de mexicanos ya no tuvieron un ingreso laboral suficiente para adquirir la canasta b\u00e1sica alimentaria<strong>.<\/strong><\/p>\n<p>Esta es la conclusi\u00f3n que saca el Coneval a partir de los resultados de la m\u00e1s reciente Encuesta Telef\u00f3nica de Ocupaci\u00f3n y Empleo realizada por Inegi.<\/p>\n<p>Eso significa adem\u00e1s que la pandemia ocasion\u00f3 que el n\u00famero de mexicanos en pobreza laboral creciera en 24.4 millones de personas, en comparaci\u00f3n con los 45.2 millones registrados en el primer trimestre del a\u00f1o<strong>.<\/strong><\/p>\n<p>Los datos del Coneval indican que en dos meses de confinamiento, y por el <em>impasse<\/em> impuesto a la mayor\u00eda de actividades econ\u00f3micas, se rompi\u00f3 el descenso paulatino de la pobreza laboral observado durante 2019 y que se hab\u00eda extendido a 2020.<\/p>\n<p>As\u00ed el porcentaje de la poblaci\u00f3n que se encontraba en pobreza laboral pas\u00f3 de 35.7% en el primer trimestre de 2020 a 54.9% en mayo pasado.<\/p>\n<p>El paro de la econom\u00eda impacto en una reducci\u00f3n del empleo y en la ca\u00edda en la actividad econ\u00f3mica para afectar sin precedentes a las fuentes del ingreso laboral de los hogares, indic\u00f3 el Consejo Nacional de Evaluaci\u00f3n de la Pol\u00edtica de Desarrollo Social, el Coneval.<\/p>\n<p>La pobreza laboral es el porcentaje de la poblaci\u00f3n con un ingreso inferior al costo de la canasta alimentaria.<\/p>\n<p>La canasta alimentaria rural tuvo un costo de mil 179.75 pesos en mayo pasado, mientras que la urbana fue de mil 649.65 pesos, seg\u00fan el organismo.<\/p>\n<p>Aun cuando ya ve\u00eda una ca\u00edda en la econom\u00eda, la pandemia aceler\u00f3 la crisis que ha provocado una fuerte disminuci\u00f3n en el n\u00famero de ocupados como del ingreso laboral, lo cual afecta negativamente la masa salarial, entendida como la suma total de las percepciones salariales de las personas ocupadas, la cual report\u00f3 una contracci\u00f3n en t\u00e9rminos reales de 7.6% entre el cuarto y quinto mes del a\u00f1o.<\/p>\n<p>As\u00ed el Inegi adelant\u00f3 la semana anterior que 15.7 millones de personas adultas estaban sin empleo y que 15.2 millones de habitantes de 18 a\u00f1os o m\u00e1s vieron reducidos sus ingresos por el Covid-19.<\/p>\n<p>Y el Coneval indic\u00f3 que 11.7 % de las personas pas\u00f3 de no estar en pobreza laboral a estarlo.<\/p>\n<p>Ello implica un porcentaje mayor de personas en pobreza laboral que el de aquellas que salieron de esa condici\u00f3n, lo cual aument\u00f3 el saldo final de mayo.<\/p>\n<p>Al analizar el n\u00famero de ocupados en los hogares que pasaron de no estar en pobreza en abril a estarlo en mayo, se observa que en el hogar hay en promedio un ocupado menos, lo cual se traduce en un dependiente m\u00e1s y una ca\u00edda del ingreso laboral por persona.<\/p>\n<p>Debido a la incertidumbre del periodo necesario para la recuperaci\u00f3n del mercado laboral, el Coneval pidi\u00f3 focalizar la atenci\u00f3n en los grupos m\u00e1s vulnerables.<\/p>\n<p>Entre \u00e9stos est\u00e1n los hogares ,cuyos miembros dependen del trabajo informal o de los sectores m\u00e1s afectados por la crisis sanitaria, por ejemplo, servicios y comercio.<\/p>\n<p>En este contexto, y luego de un encuentro virtual, los coordinadores parlamentarios avalaron presentar la solicitud de un nuevo periodo extraordinario para tramitar las reformas antes se\u00f1aladas.<\/p>\n<p>Adem\u00e1s, la C\u00e1mara baja recibir\u00eda la minuta que el Senado tiene previsto aprobar en materia de prisi\u00f3n preventiva oficiosa.<\/p>\n<p style=\"text-align: center;\"><strong>Los gobernadores van por lo fiscal<\/strong><\/p>\n<p>Y mientras en el Senado y la C\u00e1mara de Diputados avanzan a darle instrumentos que le aporten mayores recursos al presidente L\u00f3pez Obrador, la Conferencia Nacional de Gobernadores, la Conago, exige revisar y actualizar el sistema de coordinaci\u00f3n fiscal.<\/p>\n<p>El gobernador pri\u00edsta de San Luis Potos\u00ed, <strong>Juan Manuel Carreras<\/strong>, quien acaba de recibir la presidencia de este club de mandatarios estatales, confirm\u00f3 que esta conferencia va por cambios para que le garanticen ingresos m\u00e1s equitativos a los gobiernos de los estados.<\/p>\n<p>Hoy, dijo, los gobernadores enfrentan necesidades urgentes para hacer frente a la contingencia sanitaria y para solucionar las adversidades de la naturaleza.<\/p>\n<p>Es necesario compensar la crisis econ\u00f3mica y robustecer las finanzas p\u00fablicas de cada entidad, dijo.<\/p>\n<p>Coment\u00f3 que hay un di\u00e1logo avanzado con el presidente L\u00f3pez Obrador a fin de ir a la reforma del Pacto Fiscal porque hoy la recaudaci\u00f3n y el reparto fiscal es inequitativo para muchas entidades.<\/p>\n<p>El gobernador potosino confirm\u00f3 que en los pr\u00f3ximos d\u00edas habr\u00e1 un di\u00e1logo con la Secretar\u00eda de Hacienda para definir \u201cun camino\u201d y revisar las opciones de esa revisi\u00f3n del Pacto Fiscal.<\/p>\n<p>Reconoci\u00f3 que es apenas un primer encuentro que podr\u00eda luego no ser tan r\u00e1pido como los gobernadores quisieran.<\/p>\n<p>\u201cLo que estamos buscando primero es el procedimiento, tratar de establecer un camino y a partir de ah\u00ed comenzar a trabajar de manera seria, formal, las propuestas, y en su caso, ver cu\u00e1les ser\u00edan las opciones.<\/p>\n<p>\u201cEl tema fundamentalmente obedece a una preocupaci\u00f3n de que en un momento de crisis los estados, y tambi\u00e9n los municipios, cuenten con los recursos necesarios\u201d, precis\u00f3.<\/p>\n<p><em><a href=\"mailto:rvizcainoa@gmail.com\" target=\"_blank\" rel=\"noopener noreferrer\">rvizcainoa@gmail.com<\/a><br \/>\n<u><a href=\"http:\/\/endirecto.mx\" target=\"_blank\" rel=\"noopener noreferrer\">www.endirecto.mx<\/a><br \/>\n<a href=\"https:\/\/twitter.com\/_rvizcaino\" target=\"_blank\" rel=\"noopener noreferrer\">@_RVizcaino<\/a><br \/>\n<a href=\"https:\/\/www.facebook.com\/rvizcainoa\" target=\"_blank\" rel=\"noopener noreferrer\">facebook.com\/rvizcainoa<\/a><\/u><\/em><\/p>\n","protected":false},"excerpt":{"rendered":"<p><span style=\"color: #005497;\"><strong>Roberto Vizca\u00edno<\/strong><\/span><br \/>\n<br \/>\nSenadores y diputados avanzaron ayer ir a un extraordinario que permita al presidente <strong>Andr\u00e9s Manuel L\u00f3pez Obrador<\/strong> obtener recursos no s\u00f3lo para adquirir medicinas fuera del pa\u00eds, sino para enfrentar la grave crisis econ\u00f3mica y social post-pandemia.<\/p>\n","protected":false},"author":3,"featured_media":475467,"comment_status":"open","ping_status":"open","sticky":false,"template":"","format":"standard","meta":{"_monsterinsights_skip_tracking":false,"_monsterinsights_sitenote_active":false,"_monsterinsights_sitenote_note":"","_monsterinsights_sitenote_category":0,"footnotes":""},"categories":[136],"tags":[43674,93,94],"class_list":["post-475420","post","type-post","status-publish","format-standard","has-post-thumbnail","hentry","category-roberto-vizcaino-opinion","tag-opinion","tag-roberto-vizcaino","tag-tras-la-puerta-del-poder"],"_links":{"self":[{"href":"https:\/\/www.diarioimagen.net\/index.php?rest_route=\/wp\/v2\/posts\/475420","targetHints":{"allow":["GET"]}}],"collection":[{"href":"https:\/\/www.diarioimagen.net\/index.php?rest_route=\/wp\/v2\/posts"}],"about":[{"href":"https:\/\/www.diarioimagen.net\/index.php?rest_route=\/wp\/v2\/types\/post"}],"author":[{"embeddable":true,"href":"https:\/\/www.diarioimagen.net\/index.php?rest_route=\/wp\/v2\/users\/3"}],"replies":[{"embeddable":true,"href":"https:\/\/www.diarioimagen.net\/index.php?rest_route=%2Fwp%2Fv2%2Fcomments&post=475420"}],"version-history":[{"count":0,"href":"https:\/\/www.diarioimagen.net\/index.php?rest_route=\/wp\/v2\/posts\/475420\/revisions"}],"wp:featuredmedia":[{"embeddable":true,"href":"https:\/\/www.diarioimagen.net\/index.php?rest_route=\/wp\/v2\/media\/475467"}],"wp:attachment":[{"href":"https:\/\/www.diarioimagen.net\/index.php?rest_route=%2Fwp%2Fv2%2Fmedia&parent=475420"}],"wp:term":[{"taxonomy":"category","embeddable":true,"href":"https:\/\/www.diarioimagen.net\/index.php?rest_route=%2Fwp%2Fv2%2Fcategories&post=475420"},{"taxonomy":"post_tag","embeddable":true,"href":"https:\/\/www.diarioimagen.net\/index.php?rest_route=%2Fwp%2Fv2%2Ftags&post=475420"}],"curies":[{"name":"wp","href":"https:\/\/api.w.org\/{rel}","templated":true}]}}