{"id":475532,"date":"2020-07-30T00:03:14","date_gmt":"2020-07-30T05:03:14","guid":{"rendered":"https:\/\/www.diarioimagen.net\/?p=475532"},"modified":"2020-07-30T01:32:17","modified_gmt":"2020-07-30T06:32:17","slug":"tere-vale-se-te-extrana","status":"publish","type":"post","link":"https:\/\/www.diarioimagen.net\/?p=475532","title":{"rendered":"Tere Vale, se te extra\u00f1a"},"content":{"rendered":"<h2>Espacio Electoral<\/h2>\n<h5>Eleazar Flores<\/h5>\n<p>&nbsp;<\/p>\n<p><strong>GENTE DE MEDIOS<\/strong>.- M\u00e1s que como psic\u00f3loga, escritora y conferencista, a Tere Vale se le recuerda, al menos por este escribiente, -a\u00fan sin participaciones en programa alguno de la radio-, como una mujer preparada, amena, sencilla y de cultura inmensa, tanta como la de su hijo Nicol\u00e1s Alvarado.<\/p>\n<p>En su participaci\u00f3n en el programa de radio de 15.30 a 17 horas en Radio F\u00f3rmula, Tere Vale era el equilibrio inteligente no obstante sus cortas participaciones frecuentemente interrumpidas por&#8230;<\/p>\n<p>Volteo p\u00e1gina para evitar rega\u00f1o del conductor quien con alto volumen se impone. Mejor recordar a Tere Vale en otras radiodifusoras como ABC radio y sobre todo en Ondas de Lago, donde abri\u00f3 con mayor libertad el periodismo radiof\u00f3nico civil, como el que en los inolvidables setentas y ochentas tuvo con \u00e9xito, tambi\u00e9n en Radio F\u00f3rmula don Francisco Huerta, el inolvidable Don Paco.<\/p>\n<p>Y tambi\u00e9n recordar con envidia las amen\u00edsimas charlas entre Tere Vale y el escritor inmenso Juan Jos\u00e9 Arreola, otro jalisciense adelantado a la literatura. Tan adelantado como el bagaje cultural de Nicol\u00e1s Alvarado, hijo de Tere y con quien muchos tuvieron como \u00fanica discrepancia sus cr\u00edticas literarias al estilo del compositor de Juan Gabriel, de ah\u00ed en fuera pura envidia de la buena.<\/p>\n<p>Tere seguramente encontrar\u00e1 algunos espacios de participaci\u00f3n en los medios electr\u00f3nicos pues gente preparada siempre ser\u00e1 bienvenida. De sus ex compa\u00f1eros-as mejor a otra cosa.<\/p>\n<p>AUN HAY M\u00c1S.- Los motivos de su ausencia s\u00f3lo ella y la empresa los conocen pero aprovecho el momento para recordar voces femeninas de y en otras radiodifusoras que tambi\u00e9n han dejado huella o quiz\u00e1 merezcan espacios mayores para desarrollar sus contenidos con m\u00e1s amplitud, para deleite de los radi\u00f3filos que somos m\u00e1s de los que los due\u00f1os de la televisi\u00f3n creen.<\/p>\n<p>Esas voces son por ejemplo, Roc\u00edo Brawer, una de las diez mejores voces de la locuci\u00f3n en este pa\u00eds, que de buenas a primeras dej\u00f3 su programa \u201ccon aroma de mujer\u201d en la frecuencia 93.7 de radio centro conocida mejor como Estero Joya, que se transmit\u00eda de 20 a 24 horas todas las noches. Miles \u00bfo millones? De radioescuchas la extra\u00f1an y la seguimos extra\u00f1ando.<\/p>\n<p>Otras mujeres valiosas en los medios son Adriana P\u00e1ramo, la del \u201cabrazo al coraz\u00f3n\u201d y desde luego la escritora Gaby Vargas, cuyos t\u00edtulos de libros son de lo m\u00e1s vendidos por gente amante de este g\u00e9nero literario ameno y de fondo.<\/p>\n<p>Mujeres de medios hay muchas y a lo mejor hasta ya son mayor\u00eda en relaci\u00f3n a los hombres y que bueno que as\u00ed sea, pero particularizar con las de radio no limita a quienes laboran en la televisi\u00f3n.<\/p>\n<p><em><a href=\"mailto:elefa44@gmail.com\" target=\"_blank\" rel=\"noopener noreferrer\">elefa44@gmail.com<\/a><\/em><\/p>\n","protected":false},"excerpt":{"rendered":"<p><span style=\"color: #005497;\"><strong>Eleazar Flores<\/strong><\/span><\/p>\n","protected":false},"author":3,"featured_media":0,"comment_status":"open","ping_status":"open","sticky":false,"template":"","format":"standard","meta":{"_monsterinsights_skip_tracking":false,"_monsterinsights_sitenote_active":false,"_monsterinsights_sitenote_note":"","_monsterinsights_sitenote_category":0,"footnotes":""},"categories":[81743],"tags":[81744,81776,43674],"class_list":["post-475532","post","type-post","status-publish","format-standard","hentry","category-eleazar-flores","tag-eleazar-flores","tag-espacio-electoral","tag-opinion"],"_links":{"self":[{"href":"https:\/\/www.diarioimagen.net\/index.php?rest_route=\/wp\/v2\/posts\/475532","targetHints":{"allow":["GET"]}}],"collection":[{"href":"https:\/\/www.diarioimagen.net\/index.php?rest_route=\/wp\/v2\/posts"}],"about":[{"href":"https:\/\/www.diarioimagen.net\/index.php?rest_route=\/wp\/v2\/types\/post"}],"author":[{"embeddable":true,"href":"https:\/\/www.diarioimagen.net\/index.php?rest_route=\/wp\/v2\/users\/3"}],"replies":[{"embeddable":true,"href":"https:\/\/www.diarioimagen.net\/index.php?rest_route=%2Fwp%2Fv2%2Fcomments&post=475532"}],"version-history":[{"count":0,"href":"https:\/\/www.diarioimagen.net\/index.php?rest_route=\/wp\/v2\/posts\/475532\/revisions"}],"wp:attachment":[{"href":"https:\/\/www.diarioimagen.net\/index.php?rest_route=%2Fwp%2Fv2%2Fmedia&parent=475532"}],"wp:term":[{"taxonomy":"category","embeddable":true,"href":"https:\/\/www.diarioimagen.net\/index.php?rest_route=%2Fwp%2Fv2%2Fcategories&post=475532"},{"taxonomy":"post_tag","embeddable":true,"href":"https:\/\/www.diarioimagen.net\/index.php?rest_route=%2Fwp%2Fv2%2Ftags&post=475532"}],"curies":[{"name":"wp","href":"https:\/\/api.w.org\/{rel}","templated":true}]}}