{"id":475592,"date":"2020-07-31T00:01:08","date_gmt":"2020-07-31T05:01:08","guid":{"rendered":"https:\/\/www.diarioimagen.net\/?p=475592"},"modified":"2020-07-31T00:28:19","modified_gmt":"2020-07-31T05:28:19","slug":"eleva-tlalnepantla-numero-de-apoyos-del-programa-de-becas-para-proximo-ciclo-escolar","status":"publish","type":"post","link":"https:\/\/www.diarioimagen.net\/?p=475592","title":{"rendered":"Eleva Tlalnepantla n\u00famero de apoyos del  programa de becas para pr\u00f3ximo ciclo escolar"},"content":{"rendered":"<ul>\n<li><em><b>De primaria, secundaria, educaci\u00f3n media y superior<\/b><\/em><\/li>\n<\/ul>\n<p>&nbsp;<\/p>\n<div id=\"attachment_475593\" style=\"width: 470px\" class=\"wp-caption aligncenter\"><a href=\"https:\/\/www.diarioimagen.net\/wp-content\/uploads\/2020\/07\/CAMACHO31-a-por.jpg\"><img loading=\"lazy\" decoding=\"async\" aria-describedby=\"caption-attachment-475593\" class=\"size-large wp-image-475593\" src=\"https:\/\/www.diarioimagen.net\/wp-content\/uploads\/2020\/07\/CAMACHO31-a-por-460x268.jpg\" alt=\"\" width=\"460\" height=\"268\" srcset=\"https:\/\/www.diarioimagen.net\/wp-content\/uploads\/2020\/07\/CAMACHO31-a-por-460x268.jpg 460w, https:\/\/www.diarioimagen.net\/wp-content\/uploads\/2020\/07\/CAMACHO31-a-por-240x140.jpg 240w, https:\/\/www.diarioimagen.net\/wp-content\/uploads\/2020\/07\/CAMACHO31-a-por.jpg 480w\" sizes=\"auto, (max-width: 460px) 100vw, 460px\" \/><\/a><p id=\"caption-attachment-475593\" class=\"wp-caption-text\">En Sesi\u00f3n Ordinaria de Cabildo se aprobaron por unanimidad las convocatorias de las distintas categor\u00edas del programa para el ciclo escolar 2020-2021.<\/p><\/div>\n<p>&nbsp;<\/p>\n<p><strong>Tlalnepantla, Estado de M\u00e9xico<\/strong>.-Durante la Quincuag\u00e9sima Primera Sesi\u00f3n Ordinaria de Cabildo se aprobaron por unanimidad las convocatorias de las distintas categor\u00edas del programa para el ciclo escolar 2020-2021, que benefician a 10 mil 422 estudiantes, 2 mil 395 m\u00e1s que el a\u00f1o anterior.<\/p>\n<p>Las becas se otorgan en las modalidades de \u2018Apoyo escolar\u2019 para niveles primaria y secundaria, \u2018Discapacidad\u2019, \u2018Excelencia escolar\u2019 para niveles primaria y secundaria y \u2018Especial\u2019 para los niveles primaria, secundaria, media superior y superior.<\/p>\n<p>Las becas especiales apoyan a hijas e hijos de elementos en activo de la Comisar\u00eda General de Seguridad P\u00fablica y de la Coordinaci\u00f3n Municipal de Protecci\u00f3n Civil que est\u00e1n estudiando. Se otorgar\u00e1n cinco pagos bimestrales que van de los 600 a los mil 600 pesos, de acuerdo con cada modalidad.<\/p>\n<p>Daniel Cuellar Mart\u00ednez, titular del Instituto Municipal de Educaci\u00f3n, explic\u00f3 que a partir del 1 de agosto se publicar\u00e1n las convocatorias en el portal y redes sociales oficiales del Gobierno Municipal, donde se podr\u00e1n consultar las bases.<\/p>\n<p>Del 7 al 9 de septiembre se recibir\u00e1 la documentaci\u00f3n para el proceso de registro en la Plaza C\u00edvica Dr. Gustavo Baz Prada y los d\u00edas 10 y 11 en la Casa del Adulto Mayor del Deportivo Cri-Cri en Tlalnepantla Oriente.<\/p>\n","protected":false},"excerpt":{"rendered":"<p>El gobierno que encabeza Raciel P\u00e9rez Cruz, Presidente Municipal, incrementa para el pr\u00f3ximo ciclo escolar el n\u00famero de apoyos del Programa de Becas Municipales para beneficiar a m\u00e1s estudiantes de primaria, secundaria, educaci\u00f3n media y superior.<\/p>\n","protected":false},"author":1,"featured_media":475593,"comment_status":"open","ping_status":"open","sticky":false,"template":"","format":"standard","meta":{"_monsterinsights_skip_tracking":false,"_monsterinsights_sitenote_active":false,"_monsterinsights_sitenote_note":"","_monsterinsights_sitenote_category":0,"footnotes":""},"categories":[5],"tags":[11642,43675,169],"class_list":["post-475592","post","type-post","status-publish","format-standard","has-post-thumbnail","hentry","category-estado-de-mexico","tag-becas","tag-estado-de-mexico","tag-tlalnepantla"],"_links":{"self":[{"href":"https:\/\/www.diarioimagen.net\/index.php?rest_route=\/wp\/v2\/posts\/475592","targetHints":{"allow":["GET"]}}],"collection":[{"href":"https:\/\/www.diarioimagen.net\/index.php?rest_route=\/wp\/v2\/posts"}],"about":[{"href":"https:\/\/www.diarioimagen.net\/index.php?rest_route=\/wp\/v2\/types\/post"}],"author":[{"embeddable":true,"href":"https:\/\/www.diarioimagen.net\/index.php?rest_route=\/wp\/v2\/users\/1"}],"replies":[{"embeddable":true,"href":"https:\/\/www.diarioimagen.net\/index.php?rest_route=%2Fwp%2Fv2%2Fcomments&post=475592"}],"version-history":[{"count":0,"href":"https:\/\/www.diarioimagen.net\/index.php?rest_route=\/wp\/v2\/posts\/475592\/revisions"}],"wp:featuredmedia":[{"embeddable":true,"href":"https:\/\/www.diarioimagen.net\/index.php?rest_route=\/wp\/v2\/media\/475593"}],"wp:attachment":[{"href":"https:\/\/www.diarioimagen.net\/index.php?rest_route=%2Fwp%2Fv2%2Fmedia&parent=475592"}],"wp:term":[{"taxonomy":"category","embeddable":true,"href":"https:\/\/www.diarioimagen.net\/index.php?rest_route=%2Fwp%2Fv2%2Fcategories&post=475592"},{"taxonomy":"post_tag","embeddable":true,"href":"https:\/\/www.diarioimagen.net\/index.php?rest_route=%2Fwp%2Fv2%2Ftags&post=475592"}],"curies":[{"name":"wp","href":"https:\/\/api.w.org\/{rel}","templated":true}]}}