{"id":476088,"date":"2020-08-05T00:01:21","date_gmt":"2020-08-05T05:01:21","guid":{"rendered":"https:\/\/www.diarioimagen.net\/?p=476088"},"modified":"2020-08-05T00:52:02","modified_gmt":"2020-08-05T05:52:02","slug":"educadora-maleducada","status":"publish","type":"post","link":"https:\/\/www.diarioimagen.net\/?p=476088","title":{"rendered":"Educadora maleducada"},"content":{"rendered":"<h2>De pe a pa<\/h2>\n<h5>Alberto Vieyra G.<\/h5>\n<p>&nbsp;<\/p>\n<p>\u201cLa televisi\u00f3n destruye por las tardes lo que el gobierno construye por las ma\u00f1anas\u201d era la frase del tuxpe\u00f1o don Jes\u00fas Reyes Heroles y \u00e9l sab\u00eda por qu\u00e9 se lo dec\u00eda.<\/p>\n<p>\u00a1Cu\u00e1nta raz\u00f3n ten\u00eda el ide\u00f3logo del sistema pol\u00edtico priista y ex titular de la SEP!, porque la televisi\u00f3n ha violado, desde su creaci\u00f3n en la d\u00e9cada de los 50, el art\u00edculo 5\u00b0 de la Ley Federal de Radio y Televisi\u00f3n que consagra que: \u201cLa radio y la televisi\u00f3n tienen la funci\u00f3n social de contribuir al fortalecimiento de la integraci\u00f3n nacional y el mejoramiento de las formas de convivencia humana. Al efecto, a trav\u00e9s de sus transmisiones, procurar\u00e1n: Afirmar el respeto a los principios de la moral social, la dignidad humana y los v\u00ednculos familiares\u2026\u201d.<\/p>\n<p>Desde entonces, la televisi\u00f3n se convirti\u00f3 en la gran destructora de los valores nacionales y universales. Una educadora maleducada que ha contribuido con los distintos reg\u00edmenes en turno a la desintegraci\u00f3n nacional mediante la difusi\u00f3n de opios como el futbol, el oficialismo period\u00edstico que enaltece a los gobiernos y las telenovelas, hoy llamadas pomposamente series de televisi\u00f3n en las cuales se hace apolog\u00eda de la cultura \u201cnarco\u201d y los cr\u00edmenes s\u00e1dicos, haciendo que la sociedad se vuelva indiferente ante el paisaje cotidiano de la muerte.<\/p>\n<p>La TV ha contribuido a la conformaci\u00f3n de una sociedad morbosa, a la que ya nada le impresiona, como no sean cr\u00edmenes cada vez con mayor sadismo. Y quiz\u00e1 por ello, los concesionarios de esa educadora maleducada sostengan la peregrina tesis de que \u201c<strong>al p\u00fablico hay que darle lo que pida<\/strong>\u201d.<\/p>\n<p>\u00bfPor qu\u00e9 hago historia de la educadora maleducada?<\/p>\n<p>Pues con la novedosa novedad de que esa educadora maleducada es la que en la era del coronavirus educar\u00e1 o maleducar\u00e1 a 30 millones de ni\u00f1os y adolescentes, toda vez que a partir del 24 de agosto se iniciar\u00e1 el ciclo escolar 2020-2021 a trav\u00e9s de 4 empresas televisoras: Televisa, TV Azteca, Imagen y Milenio.<\/p>\n<p>\u00bfCu\u00e1nto cobraran esos empresarios televisivos por convertirse en una mal educadora de la educaci\u00f3n? \u00bfLo har\u00e1n acaso de <em>a gorri\u00f3n<\/em>, por amor al arte o con nobles fines altruistas en favor de la educaci\u00f3n de los chiquillos y de los grandulones pap\u00e1s? \u00bfNo cree usted que tambi\u00e9n los pap\u00e1s deber\u00edan tener su pupitre frente a la llamada <em>caja idiota<\/em>?<\/p>\n<p>Solidarios con este programa educativo las llamadas <em>lacras sociales<\/em>, esto es los partidos pol\u00edticos han decidido quitar de la programaci\u00f3n educativa todos sus nauseabundos promocionales en los que no falta la agresi\u00f3n a los contrarios y la divisi\u00f3n entre los mexicanos.<\/p>\n<p>\u00bfY las ma\u00f1aneras de AMLO tambi\u00e9n ser\u00e1n solidarias o esperar\u00e1 el Presidente a que sea el \u00e1rbitro electoral de M\u00e9xico el que le aplique la tarjeta roja y lo mande a las regaderas a partir de que el 4 de noviembre pr\u00f3ximo comience por ley el proceso electoral para 2021? \u00bfLas dirigencias magisteriales del SNTE y la CNTE se salieron con la suya o al Presidente de la Rep\u00fablica le doli\u00f3 el codo para practicar m\u00e1s de un mill\u00f3n de pruebas r\u00e1pidas del Covid-19 a los profesores?<\/p>\n<p>Por la salud de la rep\u00fablica, AMLO deber\u00eda de guardar silencio a partir de entonces y dejar de dividir y confrontar a los mexicanos usando todo el poder del Estado o de estarlos distray\u00e9ndonos con su <em>pan y circo<\/em> del avi\u00f3n presidencial, sus amuletos contra el coronavirus o su defensa de risa loca en favor de su corifeo, Hugo L\u00f3pez-Gatell, por llevar a cabo magistralmente su trabajo de esconder los muertos del coronavirus.<\/p>\n<p>En fin, que a partir del 24 de agosto la educadora maleducada educar\u00e1 a los chiquillos y m\u00e1s de un mill\u00f3n de maestros que tendr\u00e1n que sentarse para que tambi\u00e9n sean maleducados, incluyendo en algunas aulas particulares. Hay que ver como educa la educadora maleducada, pues si lo hace bien el gobierno tendr\u00e1 que cantarle las golondrinas al muy desprestigiado gremio magisterial.<\/p>\n<p><em><a href=\"mailto:info@agenciamn.com\" target=\"_blank\" rel=\"noopener noreferrer\">info@agenciamn.com<\/a><\/em><\/p>\n","protected":false},"excerpt":{"rendered":"<p><span style=\"color: #005497;\"><strong>Alberto Vieyra G.<\/strong><\/span><\/p>\n","protected":false},"author":3,"featured_media":0,"comment_status":"open","ping_status":"open","sticky":false,"template":"","format":"standard","meta":{"_monsterinsights_skip_tracking":false,"_monsterinsights_sitenote_active":false,"_monsterinsights_sitenote_note":"","_monsterinsights_sitenote_category":0,"footnotes":""},"categories":[4596],"tags":[43697,4597,43674],"class_list":["post-476088","post","type-post","status-publish","format-standard","hentry","category-alberto-vieyra-g","tag-alberto-vieyra-g","tag-de-pe-a-pa","tag-opinion"],"_links":{"self":[{"href":"https:\/\/www.diarioimagen.net\/index.php?rest_route=\/wp\/v2\/posts\/476088","targetHints":{"allow":["GET"]}}],"collection":[{"href":"https:\/\/www.diarioimagen.net\/index.php?rest_route=\/wp\/v2\/posts"}],"about":[{"href":"https:\/\/www.diarioimagen.net\/index.php?rest_route=\/wp\/v2\/types\/post"}],"author":[{"embeddable":true,"href":"https:\/\/www.diarioimagen.net\/index.php?rest_route=\/wp\/v2\/users\/3"}],"replies":[{"embeddable":true,"href":"https:\/\/www.diarioimagen.net\/index.php?rest_route=%2Fwp%2Fv2%2Fcomments&post=476088"}],"version-history":[{"count":0,"href":"https:\/\/www.diarioimagen.net\/index.php?rest_route=\/wp\/v2\/posts\/476088\/revisions"}],"wp:attachment":[{"href":"https:\/\/www.diarioimagen.net\/index.php?rest_route=%2Fwp%2Fv2%2Fmedia&parent=476088"}],"wp:term":[{"taxonomy":"category","embeddable":true,"href":"https:\/\/www.diarioimagen.net\/index.php?rest_route=%2Fwp%2Fv2%2Fcategories&post=476088"},{"taxonomy":"post_tag","embeddable":true,"href":"https:\/\/www.diarioimagen.net\/index.php?rest_route=%2Fwp%2Fv2%2Ftags&post=476088"}],"curies":[{"name":"wp","href":"https:\/\/api.w.org\/{rel}","templated":true}]}}