{"id":476520,"date":"2020-08-10T00:04:53","date_gmt":"2020-08-10T05:04:53","guid":{"rendered":"https:\/\/www.diarioimagen.net\/?p=476520"},"modified":"2020-08-10T03:30:49","modified_gmt":"2020-08-10T08:30:49","slug":"un-pais-de-enfermos","status":"publish","type":"post","link":"https:\/\/www.diarioimagen.net\/?p=476520","title":{"rendered":"Un pa\u00eds de enfermos"},"content":{"rendered":"<h2>Punto por punto<\/h2>\n<h5>Augusto Corro<\/h5>\n<p>&nbsp;<\/p>\n<p>El s\u00e1bado, las autoridades sanitarias reportaron 52 mil muertes por la Covid-19, adem\u00e1s de 475 mil casos positivos acumulados. Las cifras nos llevan a pensar que la estrategia contra el virus debe revisarse lo m\u00e1s r\u00e1pido posible. Los encargados de la salud y todas las autoridades deben buscar las medidas que frenen el avance de la pandemia. Urge que lo hagan, pues los\u00a0 pron\u00f3sticos sobre el n\u00famero de decesos fueron superados.<\/p>\n<p>La pandemia desde que lleg\u00f3 a nuestro pa\u00eds empez\u00f3 a cobrar victimas porque encontr\u00f3 el campo propicio para multiplicarse. Diab\u00e9ticos, obesos y enfermos del coraz\u00f3n le dieron un buen recibimiento al coronavirus. Tambi\u00e9n colaboraron los miles de personas irresponsables que no respetaron las medidas antivirus, como el confinamiento, el lavado de manos, el uso del cubre bocas y la sana distancia.<\/p>\n<p>Algo que tambi\u00e9n ayud\u00f3 al fortalecimiento del virus fue el uso incongruente del llamado sem\u00e1foro sanitario que permiti\u00f3 la apertura de establecimientos comerciales, cuando la pandemia se encontraba en d\u00edas de alto riesgo de contagio. Se llenaron las calles de transe\u00fantes y el trasporte p\u00fablico se abarrot\u00f3 de pasajeros. Como si la amenaza de la pandemia no existiera.<\/p>\n<p>El mal manejo del coronavirus se agudiz\u00f3 porque las autoridades aceptaron el retorno a la normalidad en diferentes actividades con tal de que la cuarentena no afectar\u00e1 m\u00e1s a la deteriorada econom\u00eda. Total, seguimos con la recesi\u00f3n econ\u00f3mica y el contagio del coronavirus con \u00edndices muy altos de afectados. Y para colmo de los males, no se cuenta con alguna soluci\u00f3n cercana para ambas situaciones.<\/p>\n<p>Al contrario, todo parece indicar que las cosas empeorar\u00e1n con el paso de los d\u00edas. A\u00fan se recuerda la estimaci\u00f3n del n\u00famero de decesos por la pandemia, que se aceptaba con un poco de l\u00f3gica, pero conforme pas\u00f3 el tiempo, las cifras rebasaron los pron\u00f3sticos. Nunca ser\u00e1 tarde para que las autoridades multipliquen sus esfuerzos, que no se ven reflejados en la lucha contra la pandemia y el problema econ\u00f3mico.<\/p>\n<p>En materia de coronavirus, el gobierno tendr\u00e1 que analizar nuevas estrategias para enfrentarlo. No ser\u00e1 f\u00e1cil si los pol\u00edticos anteponen sus intereses personales al de la mayor\u00eda de los mexicanos que quieren poner fin a la pandemia, pero se dan cuenta que son los\u00a0 propios gobernantes quienes no apoyan en la aplicaci\u00f3n de las medidas sanitarias. El propio presidente L\u00f3pez Obrador no usa el cubrebocas, los funcionarios del gabinete tampoco lo hacen.<\/p>\n<p>Los gobiernos invitan a la sociedad a volver a sus actividades\u00a0 cuando el riesgo de contagiarse contin\u00faa por todos lados. \u00bfRealmente calcularon las dimensiones del da\u00f1o al hacer a un lado el aislamiento? \u00bfLas autoridades entender\u00e1n que la estrategia actual contra el virus no funcion\u00f3? As\u00ed lo muestran 52 mil decesos y alrededor de medio mill\u00f3n de contagiados por el virus. Los planes no fueron lo eficaces que se necesitaba.<\/p>\n<p>En fin, los diferentes factores de salud y econom\u00eda coincidieron en juntarse para da\u00f1ar a la sociedad mexicana, que en parte ayud\u00f3 a la Covid-19 a invadirnos, con lista de enfermedades que padec\u00eda debido al consumo exagerado de az\u00facar, sal y harinas. \u00bfQu\u00e9 futuro nos espera? Es la pregunta que deben responder los gobiernos de los tres niveles: municipal, estatal y federal. Para empezar, quienes nos gobiernan se encuentran obligados a preocuparse, ahora s\u00ed en serio, de la pesadilla del coronavirus.<\/p>\n<p>Es importante que las autoridades sepan que la sociedad est\u00e1 harta de pron\u00f3sticos falsos, de achatamiento de curvas, de sem\u00e1foros sanitarios que desorientan, de malos ejemplos a sus seguidores\u00a0 con el uso a capricho del cubrebocas. La poblaci\u00f3n no tiene m\u00e1s opciones que continuar con las medidas sanitarias, que nos sabemos de memoria, pero principalmente no salir a la calle. Es vital cumplir con la cuarentena, mientras se encuentra la vacuna que venza a la Covid-19.<\/p>\n<p>Por cierto, vamos a empe\u00f1arnos en una lucha para evitar que M\u00e9xico contin\u00fae como un pa\u00eds de enfermos. Erradicar las enfermedades que nos agobian, entre otras la diabetes, la obesidad y los males cardiacos. \u00bfUsted qu\u00e9 sugiere amable lector?<\/p>\n<p><em><a href=\"mailto:elefa44@gmail.com\" target=\"_blank\" rel=\"noopener noreferrer\">elefa44@gmail.com<\/a><\/em><\/p>\n","protected":false},"excerpt":{"rendered":"<p><span style=\"color: #005497;\"><strong>Augusto Corro<\/strong><\/span><\/p>\n","protected":false},"author":3,"featured_media":0,"comment_status":"open","ping_status":"open","sticky":false,"template":"","format":"standard","meta":{"_monsterinsights_skip_tracking":false,"_monsterinsights_sitenote_active":false,"_monsterinsights_sitenote_note":"","_monsterinsights_sitenote_category":0,"footnotes":""},"categories":[157],"tags":[43686,43674,11515],"class_list":["post-476520","post","type-post","status-publish","format-standard","hentry","category-augusto-corro","tag-augusto-corro","tag-opinion","tag-punto-por-punto"],"_links":{"self":[{"href":"https:\/\/www.diarioimagen.net\/index.php?rest_route=\/wp\/v2\/posts\/476520","targetHints":{"allow":["GET"]}}],"collection":[{"href":"https:\/\/www.diarioimagen.net\/index.php?rest_route=\/wp\/v2\/posts"}],"about":[{"href":"https:\/\/www.diarioimagen.net\/index.php?rest_route=\/wp\/v2\/types\/post"}],"author":[{"embeddable":true,"href":"https:\/\/www.diarioimagen.net\/index.php?rest_route=\/wp\/v2\/users\/3"}],"replies":[{"embeddable":true,"href":"https:\/\/www.diarioimagen.net\/index.php?rest_route=%2Fwp%2Fv2%2Fcomments&post=476520"}],"version-history":[{"count":0,"href":"https:\/\/www.diarioimagen.net\/index.php?rest_route=\/wp\/v2\/posts\/476520\/revisions"}],"wp:attachment":[{"href":"https:\/\/www.diarioimagen.net\/index.php?rest_route=%2Fwp%2Fv2%2Fmedia&parent=476520"}],"wp:term":[{"taxonomy":"category","embeddable":true,"href":"https:\/\/www.diarioimagen.net\/index.php?rest_route=%2Fwp%2Fv2%2Fcategories&post=476520"},{"taxonomy":"post_tag","embeddable":true,"href":"https:\/\/www.diarioimagen.net\/index.php?rest_route=%2Fwp%2Fv2%2Ftags&post=476520"}],"curies":[{"name":"wp","href":"https:\/\/api.w.org\/{rel}","templated":true}]}}