{"id":477416,"date":"2020-08-19T00:01:55","date_gmt":"2020-08-19T05:01:55","guid":{"rendered":"https:\/\/www.diarioimagen.net\/?p=477416"},"modified":"2020-08-18T21:42:17","modified_gmt":"2020-08-19T02:42:17","slug":"reunion-de-lideres-sindicales-en-naucalpan","status":"publish","type":"post","link":"https:\/\/www.diarioimagen.net\/?p=477416","title":{"rendered":"Reuni\u00f3n de l\u00edderes sindicales en Naucalpan"},"content":{"rendered":"<p>&nbsp;<\/p>\n<p><a href=\"https:\/\/www.diarioimagen.net\/wp-content\/uploads\/2020\/08\/CAMACHO19-dpor.jpg\"><img loading=\"lazy\" decoding=\"async\" class=\"aligncenter size-large wp-image-477417\" src=\"https:\/\/www.diarioimagen.net\/wp-content\/uploads\/2020\/08\/CAMACHO19-dpor-460x268.jpg\" alt=\"\" width=\"460\" height=\"268\" srcset=\"https:\/\/www.diarioimagen.net\/wp-content\/uploads\/2020\/08\/CAMACHO19-dpor-460x268.jpg 460w, https:\/\/www.diarioimagen.net\/wp-content\/uploads\/2020\/08\/CAMACHO19-dpor-240x140.jpg 240w, https:\/\/www.diarioimagen.net\/wp-content\/uploads\/2020\/08\/CAMACHO19-dpor.jpg 480w\" sizes=\"auto, (max-width: 460px) 100vw, 460px\" \/><\/a><\/p>\n<p>&nbsp;<\/p>\n<p><strong>Naucalpan, Estado de M\u00e9xico<\/strong><b>.-<\/b> Durante una amena reuni\u00f3n, se ve departiendo el pan y la sal a los l\u00edderes Herminio Cahue Calder\u00f3n, secretario general del Sindicato \u00danico de Trabajadores del Estado y sus Municipios (SUTEyM) en el Estado de M\u00e9xico; a David Parra S\u00e1nchez, asesor general de esta organizaci\u00f3n; a Ren\u00e9 Palomares Parra, Presidente del Comit\u00e9 de Vigilancia e Investigaci\u00f3n y al secretario general de la secci\u00f3n Naucalpan, Tom\u00e1s Alberto Palomares Parra, en la cual trataron temas de relevancia para ese importante gremio sindical en la entidad mexiquense.<\/p>\n<p>Durante la reuni\u00f3n , los sindicalistas, reiteraron su compromiso de salvaguardar los intereses de la clase trabajadora y dejaron en claro su respaldo total hacia todos y cada uno de sus agremiados.<\/p>\n","protected":false},"excerpt":{"rendered":"<p>Durante una amena reuni\u00f3n, se ve departiendo el pan y la sal a los l\u00edderes Herminio Cahue Calder\u00f3n, secretario general del Sindicato \u00danico de Trabajadores del Estado y sus Municipios (SUTEyM) en el Estado de M\u00e9xico; a David Parra S\u00e1nchez, asesor general de esta organizaci\u00f3n; a Ren\u00e9 Palomares Parra, Presidente del Comit\u00e9 de Vigilancia e Investigaci\u00f3n y al secretario general de la secci\u00f3n Naucalpan, Tom\u00e1s Alberto Palomares Parra, en la cual trataron temas de relevancia para ese importante gremio sindical en la entidad mexiquense.<\/p>\n","protected":false},"author":1,"featured_media":477417,"comment_status":"open","ping_status":"open","sticky":false,"template":"","format":"standard","meta":{"_monsterinsights_skip_tracking":false,"_monsterinsights_sitenote_active":false,"_monsterinsights_sitenote_note":"","_monsterinsights_sitenote_category":0,"footnotes":""},"categories":[5],"tags":[43675,970,2572],"class_list":["post-477416","post","type-post","status-publish","format-standard","has-post-thumbnail","hentry","category-estado-de-mexico","tag-estado-de-mexico","tag-naucalpan","tag-suteym"],"_links":{"self":[{"href":"https:\/\/www.diarioimagen.net\/index.php?rest_route=\/wp\/v2\/posts\/477416","targetHints":{"allow":["GET"]}}],"collection":[{"href":"https:\/\/www.diarioimagen.net\/index.php?rest_route=\/wp\/v2\/posts"}],"about":[{"href":"https:\/\/www.diarioimagen.net\/index.php?rest_route=\/wp\/v2\/types\/post"}],"author":[{"embeddable":true,"href":"https:\/\/www.diarioimagen.net\/index.php?rest_route=\/wp\/v2\/users\/1"}],"replies":[{"embeddable":true,"href":"https:\/\/www.diarioimagen.net\/index.php?rest_route=%2Fwp%2Fv2%2Fcomments&post=477416"}],"version-history":[{"count":0,"href":"https:\/\/www.diarioimagen.net\/index.php?rest_route=\/wp\/v2\/posts\/477416\/revisions"}],"wp:featuredmedia":[{"embeddable":true,"href":"https:\/\/www.diarioimagen.net\/index.php?rest_route=\/wp\/v2\/media\/477417"}],"wp:attachment":[{"href":"https:\/\/www.diarioimagen.net\/index.php?rest_route=%2Fwp%2Fv2%2Fmedia&parent=477416"}],"wp:term":[{"taxonomy":"category","embeddable":true,"href":"https:\/\/www.diarioimagen.net\/index.php?rest_route=%2Fwp%2Fv2%2Fcategories&post=477416"},{"taxonomy":"post_tag","embeddable":true,"href":"https:\/\/www.diarioimagen.net\/index.php?rest_route=%2Fwp%2Fv2%2Ftags&post=477416"}],"curies":[{"name":"wp","href":"https:\/\/api.w.org\/{rel}","templated":true}]}}