{"id":477419,"date":"2020-08-19T00:02:42","date_gmt":"2020-08-19T05:02:42","guid":{"rendered":"https:\/\/www.diarioimagen.net\/?p=477419"},"modified":"2020-08-18T21:43:31","modified_gmt":"2020-08-19T02:43:31","slug":"aun-hay-camino-y-horizonte-muestra-plastica-virtual-y-presencial-en-tultepec","status":"publish","type":"post","link":"https:\/\/www.diarioimagen.net\/?p=477419","title":{"rendered":"<i>A\u00fan Hay Camino y Horizonte<\/i>, muestra\u00a0pl\u00e1stica virtual y presencial en Tultepec"},"content":{"rendered":"<ul>\n<li><em><b>Impulso a la cultura y las artes: alcalde<\/b><\/em><\/li>\n<\/ul>\n<p>&nbsp;<\/p>\n<div id=\"attachment_477420\" style=\"width: 470px\" class=\"wp-caption aligncenter\"><a href=\"https:\/\/www.diarioimagen.net\/wp-content\/uploads\/2020\/08\/CAMACHO19-cpor.jpg\"><img loading=\"lazy\" decoding=\"async\" aria-describedby=\"caption-attachment-477420\" class=\"size-large wp-image-477420\" src=\"https:\/\/www.diarioimagen.net\/wp-content\/uploads\/2020\/08\/CAMACHO19-cpor-460x268.jpg\" alt=\"\" width=\"460\" height=\"268\" srcset=\"https:\/\/www.diarioimagen.net\/wp-content\/uploads\/2020\/08\/CAMACHO19-cpor-460x268.jpg 460w, https:\/\/www.diarioimagen.net\/wp-content\/uploads\/2020\/08\/CAMACHO19-cpor-240x140.jpg 240w, https:\/\/www.diarioimagen.net\/wp-content\/uploads\/2020\/08\/CAMACHO19-cpor.jpg 480w\" sizes=\"auto, (max-width: 460px) 100vw, 460px\" \/><\/a><p id=\"caption-attachment-477420\" class=\"wp-caption-text\">El alcalde de Tultepec, Marco Antonio Cruz Cruz, inaugur\u00f3 la muestra pl\u00e1stica\u00a0A\u00fan Hay Camino y Horizonte.<\/p><\/div>\n<p>&nbsp;<\/p>\n<p><strong>Tultepec, Estado de M\u00e9xico<\/strong>.- Al inaugurar la muestra pl\u00e1stica\u00a0<i>A\u00fan Hay Camino y Horizonte<\/i>, el alcalde Marco Antonio Cruz Cruz, reiter\u00f3 el compromiso del gobierno municipal que encabeza para seguir impulsando la cultura y las artes en todas sus disciplinas, \u201csobre todo de la mano de quienes dan renombre a este municipio m\u00e1s all\u00e1 de nuestras fronteras haciendo honor al mote de\u00a0Tultepec Cuna de Artistas\u201d.<\/p>\n<p>Precis\u00f3 que a\u00fan en los tiempos de pandemia que vivimos, \u201cel arte y la cultura no deben quedar de lado, por el contrario, debemos seguirlos cultivando porque junto con la m\u00fasica son alimento para el alma, y es a trav\u00e9s de estas manifestaciones que el ser humano refleja lo m\u00e1s profundo de su sentir en torno al mundo que le rodea y su forma de expresarlo a los dem\u00e1s\u201d.<\/p>\n<p>Acompa\u00f1ado de integrantes del cabildo, el presidente municipal reconoci\u00f3 y agradeci\u00f3 a los virtuosos tultepequenses que compartan su sensible y particular forma de ver y plasmar la realidad que los rodea, dando con sus obras realce a las tradiciones que dan identidad a Tultepec y a M\u00e9xico dentro y fuera de nuestras fronteras.<\/p>\n<p>Reiter\u00f3 el compromiso del gobierno municipal de respaldar los proyectos contemplados con antelaci\u00f3n a que asumiera el cargo, as\u00ed como de aprovechar las plataformas y posibilidades de la tecnolog\u00eda para seguir induciendo el arte de acuerdo a la \u201cnueva normalidad\u201d, en estos momentos dif\u00edciles y de incertidumbre.<\/p>\n<p>Marco Antonio Cruz Cruz, asegur\u00f3 que esta situaci\u00f3n m\u00e1s all\u00e1 de anularnos o limitarnos, nos abre nuevos caminos y horizontes para salir adelante y llevar sus obras, hoy m\u00e1s que nunca, hasta los hogares y a cualquier lugar, inclusive m\u00e1s all\u00e1 de nuestras fronteras\u201d.<\/p>\n<p>El pintor Agust\u00edn Cervantes describe al\u00a0Grupo Pl\u00e1stica de Tultepec, como \u201cuna sinergia que no decae, que se mantiene activa en su din\u00e1mica de trabajo, ofreciendo fragmentos de vida que evocan fracciones de alegr\u00eda y remembranzas de nuestra gente, de lo que amamos y hasta de lo que nos es adverso\u201d.<\/p>\n<p>Por su parte, Albino Luna S\u00e1nchez, a nombre de los artistas agradeci\u00f3 la presencia del edil en esta inauguraci\u00f3n, \u201cporque da mayor realce a la muestra, pero, sobre todo, le agradecemos por dar seguimiento a los proyectos que ya estaban contemplados por el finado alcalde Armando Portuguez Fuentes y hoy tienen su respaldo\u201d.<\/p>\n<p>El connotado pintor y escultor, destac\u00f3 tambi\u00e9n la colaboraci\u00f3n conjunta del\u00a0Grupo Pl\u00e1stica de Tultepec, que conforman diversos artistas locales e hizo un llamado a mantenerse unidos y en amistad, m\u00e1s all\u00e1 de creencias o de colores \u201cel arte es para unir\u201d, dijo.<\/p>\n<p>Entre las obras pl\u00e1sticas expuestas se encuentran \u00f3leos sobre tela, as\u00ed como diversas obras de cartoner\u00eda tradicional mexicana, con chaquira e iluminada, fotograf\u00edas y pinturas vegetales combinadas con caf\u00e9 soluble y l\u00e1piz.<\/p>\n<p>Algunas de las obras son verdaderas alegor\u00edas de las tradiciones propias de este municipio tales como\u00a0Tapete, La Pi\u00f1ata, Toro Huichol, Catrina Panadera, Serenata de Tultepec y La Fiesta,\u00a0entre otras;\u00a0en las que se describe con gran colorido la din\u00e1mica festiva y religiosa que caracteriza y da identidad a este pueblo.<\/p>\n<p>La muestra pl\u00e1stica se puede apreciar de manera virtual a trav\u00e9s de Facebook en la p\u00e1gina oficial del Ayuntamiento de Tultepec, as\u00ed como de manera presencial previa cita en la casa de cultura\u00a0V\u00edctor Urb\u00e1n Velasco,\u00a0de las 9:00 a las 18:00 horas de lunes a viernes y s\u00e1bados de 9:00 a 13:00 horas a partir de hoy y hasta el pr\u00f3ximo 15 de septiembre.<\/p>\n<p>En la inauguraci\u00f3n de la muestra pl\u00e1stica\u00a0A\u00fan Hay Camino y Horizonte,\u00a0tambi\u00e9n estuvieron presentes Rodolfo Valencia Caballero, Coordinador de Casa de Cultura, Juana Antonieta Z\u00fa\u00f1iga Urb\u00e1n, Cronista Municipal y los artistas Arturo \u00c1vila Gonz\u00e1lez, Anel D\u00edaz, Bernardo Cervantes Cortes, Roque Solano Reyes, Claudia Cervantes Urb\u00e1n, Salvador S\u00e1nchez Mart\u00ednez, Noel Pineda, Abraham Luna Carranza, Lourdes Romero, Carlos Torres y C\u00e9sar Z\u00fa\u00f1iga.<\/p>\n","protected":false},"excerpt":{"rendered":"<p>Al inaugurar la muestra pl\u00e1stica <i>A\u00fan Hay Camino y Horizonte<\/i>, el alcalde Marco Antonio Cruz Cruz, reiter\u00f3 el compromiso del gobierno municipal que encabeza para seguir impulsando la cultura y las artes en todas sus disciplinas, \u201csobre todo de la mano de quienes dan renombre a este municipio m\u00e1s all\u00e1 de nuestras fronteras haciendo honor al mote de Tultepec Cuna de Artistas\u201d.<\/p>\n","protected":false},"author":1,"featured_media":477420,"comment_status":"open","ping_status":"open","sticky":false,"template":"","format":"standard","meta":{"_monsterinsights_skip_tracking":false,"_monsterinsights_sitenote_active":false,"_monsterinsights_sitenote_note":"","_monsterinsights_sitenote_category":0,"footnotes":""},"categories":[5],"tags":[43675,91055,3802],"class_list":["post-477419","post","type-post","status-publish","format-standard","has-post-thumbnail","hentry","category-estado-de-mexico","tag-estado-de-mexico","tag-marco-antonio-cruz-cruz","tag-tultepec"],"_links":{"self":[{"href":"https:\/\/www.diarioimagen.net\/index.php?rest_route=\/wp\/v2\/posts\/477419","targetHints":{"allow":["GET"]}}],"collection":[{"href":"https:\/\/www.diarioimagen.net\/index.php?rest_route=\/wp\/v2\/posts"}],"about":[{"href":"https:\/\/www.diarioimagen.net\/index.php?rest_route=\/wp\/v2\/types\/post"}],"author":[{"embeddable":true,"href":"https:\/\/www.diarioimagen.net\/index.php?rest_route=\/wp\/v2\/users\/1"}],"replies":[{"embeddable":true,"href":"https:\/\/www.diarioimagen.net\/index.php?rest_route=%2Fwp%2Fv2%2Fcomments&post=477419"}],"version-history":[{"count":0,"href":"https:\/\/www.diarioimagen.net\/index.php?rest_route=\/wp\/v2\/posts\/477419\/revisions"}],"wp:featuredmedia":[{"embeddable":true,"href":"https:\/\/www.diarioimagen.net\/index.php?rest_route=\/wp\/v2\/media\/477420"}],"wp:attachment":[{"href":"https:\/\/www.diarioimagen.net\/index.php?rest_route=%2Fwp%2Fv2%2Fmedia&parent=477419"}],"wp:term":[{"taxonomy":"category","embeddable":true,"href":"https:\/\/www.diarioimagen.net\/index.php?rest_route=%2Fwp%2Fv2%2Fcategories&post=477419"},{"taxonomy":"post_tag","embeddable":true,"href":"https:\/\/www.diarioimagen.net\/index.php?rest_route=%2Fwp%2Fv2%2Ftags&post=477419"}],"curies":[{"name":"wp","href":"https:\/\/api.w.org\/{rel}","templated":true}]}}